{"id":92445,"date":"2024-11-19T14:17:17","date_gmt":"2024-11-19T20:17:17","guid":{"rendered":"https:\/\/elmetropolitano.com.gt\/es\/?p=92445"},"modified":"2024-11-19T14:17:17","modified_gmt":"2024-11-19T20:17:17","slug":"conductor-que-cayo-del-parqueo-del-cc-miraflores-quedo-en-libertad-bajo-fianza","status":"publish","type":"post","link":"https:\/\/elmetropolitano.com.gt\/es\/conductor-que-cayo-del-parqueo-del-cc-miraflores-quedo-en-libertad-bajo-fianza\/","title":{"rendered":"Conductor que cay\u00f3 del parqueo del CC Miraflores qued\u00f3 en libertad bajo fianza"},"content":{"rendered":"\n<p>\u00c1ngelo Gabriel Lam Hern\u00e1ndez, de 22 a\u00f1os, conductor que cay\u00f3 con todo y su carro dentro del centro comercial Miraflores, fue ligado a proceso por el Juzgado de Primera Instancia Penal de turno y dejado en libertad tras pagar una cauci\u00f3n econ\u00f3mica de Q50 mil.<\/p>\n\n\n\n<p>Lam Hern\u00e1ndez ser\u00e1 investigado por el delito de homicidio culposo, luego del accidente en el que perdi\u00f3 la vida un trabajador de que se encontraba en un quiosco de ventas en el centro de comercio en donde otra trabajadora qued\u00f3 herida.<\/p><div class=\"elmet-contenido\" id=\"elmet-379871916\"><div class=\"elmet-adlabel\">Anuncios<\/div><div style=\"margin-top: 20px;margin-right: 20px;margin-bottom: 20px;margin-left: 20px;\" id=\"elmet-1402351646\"><a href=\"https:\/\/www.facebook.com\/arrincuanantigua\/\" aria-label=\"cintillo-arrin-cual\"><img loading=\"lazy\" decoding=\"async\" src=\"https:\/\/elmetropolitano.com.gt\/es\/wp-content\/uploads\/2021\/11\/cintillo-arrin-cual-1.jpg\" alt=\"\"  srcset=\"https:\/\/elmetropolitano.com.gt\/es\/wp-content\/uploads\/2021\/11\/cintillo-arrin-cual-1.jpg 750w, https:\/\/elmetropolitano.com.gt\/es\/wp-content\/uploads\/2021\/11\/cintillo-arrin-cual-1-300x36.jpg 300w, https:\/\/elmetropolitano.com.gt\/es\/wp-content\/uploads\/2021\/11\/cintillo-arrin-cual-1-600x72.jpg 600w\" sizes=\"(max-width: 750px) 100vw, 750px\" width=\"750\" height=\"90\"   \/><\/a><\/div><\/div>\n\n\n\n<p>El juzgado le otorg\u00f3 una medida sustitutiva de arresto domiciliar y el pago de los Q50 mil y se le otorg\u00f3 un plazo de seis meses al Ministerio P\u00fablico para que realice las investigaciones del caso y esclarecer lo sucedido y el caso paso al juzgado cuarto penal donde se seguir\u00e1 el proceso.<\/p>\n\n\n\n<p>Seg\u00fan las primeras investigaciones Lam Hern\u00e1ndez no contaba con la documentaci\u00f3n reglamentaria y no cumpl\u00eda los requisitos exigidos por el departamento de transito de la Polic\u00eda Nacional Civil para conducir un veh\u00edculo, por lo que consideran que el accidente se debi\u00f3 a la falta de pericia del conductor.<\/p>\n\n\n\n<p>En las primeras indagaciones se descart\u00f3 que anduviera bajo efectos de alcoholo o alguna droga luego de los ex\u00e1menes que le realizaron y el sindicado hasta ahora no se explica que fue lo que sucedi\u00f3 luego que el veh\u00edculo diera marcha en reversa y no recuerda m\u00e1s hasta que volvi\u00f3 en si cuando lo estaban atendiendo los cuerpos de socorro.<\/p>\n\n\n\n<p>En la carceleta el d\u00eda de ayer dijo que no ten\u00eda nada m\u00e1s que decir y pidi\u00f3 perd\u00f3n por lo sucedido en el incidente donde perdi\u00f3 la vida Oliver Paz de 23 a\u00f1os y otra joven qued\u00f3 herida.<\/p>\n\n\n\n<p>#accidentemiraflores #accidente #ccmiraflores #metroredes <a href=\"http:\/\/www.elmetropolitano.com.gt\">www.elmetropolitano.com.gt<\/a> <a href=\"http:\/\/www.metroredes.com\">www.metroredes.com<\/a> <a href=\"http:\/\/www.elescuintleco.com\">www.elescuintleco.com<\/a><\/p>\n\n\n\n<p><\/p>\n","protected":false},"excerpt":{"rendered":"<p>\u00c1ngelo Gabriel Lam Hern\u00e1ndez, de 22 a\u00f1os, conductor que cay\u00f3 con todo y su carro dentro del centro comercial Miraflores, fue ligado a proceso por el Juzgado de Primera Instancia Penal de turno y dejado en libertad tras pagar una cauci\u00f3n econ\u00f3mica de Q50 mil. Lam Hern\u00e1ndez ser\u00e1 investigado por el delito de homicidio culposo, <a class=\"read-more\" href=\"https:\/\/elmetropolitano.com.gt\/es\/conductor-que-cayo-del-parqueo-del-cc-miraflores-quedo-en-libertad-bajo-fianza\/\">Leer m\u00e1s<\/a><\/p>\n","protected":false},"author":1,"featured_media":92446,"comment_status":"open","ping_status":"closed","sticky":false,"template":"","format":"standard","meta":{"footnotes":""},"categories":[89],"tags":[88],"class_list":["post-92445","post","type-post","status-publish","format-standard","has-post-thumbnail","hentry","category-metrosucesos","tag-metrosucesos"],"_links":{"self":[{"href":"https:\/\/elmetropolitano.com.gt\/es\/wp-json\/wp\/v2\/posts\/92445","targetHints":{"allow":["GET"]}}],"collection":[{"href":"https:\/\/elmetropolitano.com.gt\/es\/wp-json\/wp\/v2\/posts"}],"about":[{"href":"https:\/\/elmetropolitano.com.gt\/es\/wp-json\/wp\/v2\/types\/post"}],"author":[{"embeddable":true,"href":"https:\/\/elmetropolitano.com.gt\/es\/wp-json\/wp\/v2\/users\/1"}],"replies":[{"embeddable":true,"href":"https:\/\/elmetropolitano.com.gt\/es\/wp-json\/wp\/v2\/comments?post=92445"}],"version-history":[{"count":1,"href":"https:\/\/elmetropolitano.com.gt\/es\/wp-json\/wp\/v2\/posts\/92445\/revisions"}],"predecessor-version":[{"id":92447,"href":"https:\/\/elmetropolitano.com.gt\/es\/wp-json\/wp\/v2\/posts\/92445\/revisions\/92447"}],"wp:featuredmedia":[{"embeddable":true,"href":"https:\/\/elmetropolitano.com.gt\/es\/wp-json\/wp\/v2\/media\/92446"}],"wp:attachment":[{"href":"https:\/\/elmetropolitano.com.gt\/es\/wp-json\/wp\/v2\/media?parent=92445"}],"wp:term":[{"taxonomy":"category","embeddable":true,"href":"https:\/\/elmetropolitano.com.gt\/es\/wp-json\/wp\/v2\/categories?post=92445"},{"taxonomy":"post_tag","embeddable":true,"href":"https:\/\/elmetropolitano.com.gt\/es\/wp-json\/wp\/v2\/tags?post=92445"}],"curies":[{"name":"wp","href":"https:\/\/api.w.org\/{rel}","templated":true}]}}