{"id":92448,"date":"2024-11-19T15:45:08","date_gmt":"2024-11-19T21:45:08","guid":{"rendered":"https:\/\/elmetropolitano.com.gt\/es\/?p=92448"},"modified":"2024-11-19T15:45:08","modified_gmt":"2024-11-19T21:45:08","slug":"minerales-y-agregados-avanza-en-la-transicion-a-energias-renovables-con-acuerdo-de-energia-solar-junto-a-enertiva","status":"publish","type":"post","link":"https:\/\/elmetropolitano.com.gt\/es\/minerales-y-agregados-avanza-en-la-transicion-a-energias-renovables-con-acuerdo-de-energia-solar-junto-a-enertiva\/","title":{"rendered":"Minerales y Agregados avanza en la transici\u00f3n a energ\u00edas renovables con acuerdo de energ\u00eda solar junto a Enertiva"},"content":{"rendered":"\n<p>En un mundo que se esfuerza por alcanzar los objetivos globales en la reducci\u00f3n de emisiones de CO\u2082, la transici\u00f3n hacia fuentes de energ\u00eda renovable se vuelve cada vez m\u00e1s esencial. Seg\u00fan la Agencia Internacional de la Energ\u00eda (AIE), se espera que para 2050, casi el 90% de la electricidad mundial provenga de fuentes renovables, con un 70% proveniente de energ\u00eda <a><\/a>solar y e\u00f3lica. En este contexto, Am\u00e9rica Latina y el Caribe se destacan como l\u00edderes en la adopci\u00f3n de energ\u00eda renovable, con m\u00e1s del 25% de su energ\u00eda primaria procedente de fuentes limpias, el doble del promedio mundial.<\/p>\n\n\n\n<p>Holcim, empresa l\u00edder en soluciones innovadoras y sostenibles para la construcci\u00f3n, ha situado la acci\u00f3n clim\u00e1tica en el centro de su estrategia, con el objetivo de convertirse en una compa\u00f1\u00eda net-zero alineada con la meta de 1.5 \u00b0C basada en ciencia. Su compromiso abarca desde la optimizaci\u00f3n de procesos productivos mediante proyectos de eficiencia energ\u00e9tica y el uso responsable de recursos, hasta la implementaci\u00f3n de soluciones renovables como generaci\u00f3n de energ\u00eda in situ, acuerdos de compra de electricidad descarbonizada (PPA) y la construcci\u00f3n de infraestructuras sostenibles, como parques e\u00f3licos y paneles solares en entornos urbanos.<\/p><div class=\"elmet-contenido\" id=\"elmet-975424824\"><div class=\"elmet-adlabel\">Anuncios<\/div><div style=\"margin-top: 20px;margin-right: 20px;margin-bottom: 20px;margin-left: 20px;\" id=\"elmet-1308501448\"><a href=\"https:\/\/www.facebook.com\/arrincuanantigua\/\" aria-label=\"cintillo-arrin-cual\"><img loading=\"lazy\" decoding=\"async\" src=\"https:\/\/elmetropolitano.com.gt\/es\/wp-content\/uploads\/2021\/11\/cintillo-arrin-cual-1.jpg\" alt=\"\"  srcset=\"https:\/\/elmetropolitano.com.gt\/es\/wp-content\/uploads\/2021\/11\/cintillo-arrin-cual-1.jpg 750w, https:\/\/elmetropolitano.com.gt\/es\/wp-content\/uploads\/2021\/11\/cintillo-arrin-cual-1-300x36.jpg 300w, https:\/\/elmetropolitano.com.gt\/es\/wp-content\/uploads\/2021\/11\/cintillo-arrin-cual-1-600x72.jpg 600w\" sizes=\"(max-width: 750px) 100vw, 750px\" width=\"750\" height=\"90\"   \/><\/a><\/div><\/div>\n\n\n\n<p>En esta l\u00ednea, Minerales y Agregados, miembro del grupo Holcim y especialista en la producci\u00f3n y comercializaci\u00f3n de morteros, adhesivos y soluciones de carbonato de calcio, ha dado un importante en la descarbonizaci\u00f3n de su negocio a trav\u00e9s del uso de energ\u00eda renovable en Guatemala al firmar un Contrato de Compra de Energ\u00eda Solar (PPA, por sus siglas en ingl\u00e9s) con Enertiva, empresa l\u00edder en energ\u00eda renovable en la regi\u00f3n.<\/p>\n\n\n\n<p>A trav\u00e9s de esta alianza estrat\u00e9gica, la compa\u00f1\u00eda operar\u00e1 con un 65% de electricidad proveniente de fuentes renovables, reafirmando as\u00ed su compromiso con la transici\u00f3n a energ\u00edas limpias y el impulso del desarrollo sostenible en el pa\u00eds. El proyecto incluye la instalaci\u00f3n de m\u00e1s de 1,700 paneles solares, que contribuir\u00e1n a reducir aproximadamente 590 toneladas de CO\u2082 al a\u00f1o.<\/p>\n\n\n\n<p>Manuel Sirtori, CEO de Holcim Guatemala, destaca \u201cEsta acci\u00f3n representa un avance significativo en la construcci\u00f3n de un futuro m\u00e1s sostenible para Guatemala. En Holcim nuestro prop\u00f3sito es construir progreso de las personas y del planeta, y esta colaboraci\u00f3n con Enertiva refleja nuestro compromiso de contribuir a la descarbonizaci\u00f3n del sector de la construcci\u00f3n.\u201d<\/p>\n\n\n\n<p>La descarbonizaci\u00f3n de la matriz energ\u00e9tica es una prioridad clave en la estrategia de Holcim, que promueve el uso de fuentes de energ\u00eda renovable y alternativas en todas sus operaciones. Con el objetivo de reducir en un 65% las emisiones de Alcance 2 para 2030, tomando 2018 como a\u00f1o base, la empresa se compromete a liderar la transici\u00f3n energ\u00e9tica. En Am\u00e9rica Latina, Holcim aspira a operar con energ\u00eda 100% renovable para finales de la d\u00e9cada.<\/p>\n\n\n\n<p>Juan Carlos Coronado, Director de Operaciones de Minerales y Agregados, destac\u00f3 que \u201cAl abastecernos con fuentes de energ\u00eda renovable, no solo reducimos nuestro impacto ambiental, sino que tambi\u00e9n reforzamos nuestro liderazgo en la industria como una empresa comprometida con la sostenibilidad. Este proyecto es un ejemplo de c\u00f3mo nuestras operaciones pueden ser rentables y responsables.\u201d<\/p>\n\n\n\n<p>Adem\u00e1s, Fraterno Vila, Presidente de Enertiva indico que \u201cEstamos orgullosos de colaborar con Minerales y Agregados miembro del grupo Holcim en este proyecto que marca un hito en el uso de energ\u00edas renovables en Guatemala. Este tipo de alianzas es clave para la transformaci\u00f3n energ\u00e9tica del pa\u00eds y para avanzar hacia un desarrollo m\u00e1s sostenible\u201d.<\/p>\n\n\n\n<p>La adopci\u00f3n de energ\u00edas renovables en sus procesos de producci\u00f3n es solo una de las numerosas acciones que Holcim est\u00e1 implementando para impulsar la construcci\u00f3n sostenible en el pa\u00eds. La compa\u00f1\u00eda introducir\u00e1 al mercado soluciones de construcci\u00f3n con bajas emisiones de CO2 y continuar\u00e1 implementando pr\u00e1cticas ambientales ejemplares en sus operaciones, en l\u00ednea con su prop\u00f3sito de construir progreso para las personas y el planeta.<\/p>\n\n\n\n<p><a href=\"https:\/\/www.facebook.com\/hashtag\/holcim?__eep__=6&amp;__cft__[0]=AZVCEt9CXkul4f_L4Eim6rM3jq5bQsbmHR-QcAyoEjbmMZsAcBuIUTj2SpkEm1Iwwmf6cZk4YhDoM1LmsX8ghK-uRx9KnbgYWQH3YNKOsf6wZ1WGRHNZyrGAQ9zld0l7zF9udzwSxGNLQ8P2vUwHdqkC7GvU4wkQsHaDuJRgu9WC4fbMUU436B0EP08tTBHubUY&amp;__tn__=*NK-R\">#Holcim<\/a><a href=\"https:\/\/www.facebook.com\/hashtag\/metroredes?__eep__=6&amp;__cft__[0]=AZVCEt9CXkul4f_L4Eim6rM3jq5bQsbmHR-QcAyoEjbmMZsAcBuIUTj2SpkEm1Iwwmf6cZk4YhDoM1LmsX8ghK-uRx9KnbgYWQH3YNKOsf6wZ1WGRHNZyrGAQ9zld0l7zF9udzwSxGNLQ8P2vUwHdqkC7GvU4wkQsHaDuJRgu9WC4fbMUU436B0EP08tTBHubUY&amp;__tn__=*NK-R\">#Metroredes<\/a> HolcimGuatemala <a href=\"https:\/\/www.facebook.com\/hashtag\/enertiva?__eep__=6&amp;__cft__[0]=AZVCEt9CXkul4f_L4Eim6rM3jq5bQsbmHR-QcAyoEjbmMZsAcBuIUTj2SpkEm1Iwwmf6cZk4YhDoM1LmsX8ghK-uRx9KnbgYWQH3YNKOsf6wZ1WGRHNZyrGAQ9zld0l7zF9udzwSxGNLQ8P2vUwHdqkC7GvU4wkQsHaDuJRgu9WC4fbMUU436B0EP08tTBHubUY&amp;__tn__=*NK-R\">#Enertiva<\/a><\/p>\n\n\n\n<figure class=\"wp-block-gallery has-nested-images columns-default is-cropped wp-block-gallery-1 is-layout-flex wp-block-gallery-is-layout-flex\">\n<figure class=\"wp-block-image size-large\"><img loading=\"lazy\" decoding=\"async\" width=\"1024\" height=\"768\" data-id=\"92450\" src=\"https:\/\/elmetropolitano.com.gt\/es\/wp-content\/uploads\/2024\/11\/467417982_1079413680851381_5253631353123161536_n-1024x768.jpg\" alt=\"\" class=\"wp-image-92450\" srcset=\"https:\/\/elmetropolitano.com.gt\/es\/wp-content\/uploads\/2024\/11\/467417982_1079413680851381_5253631353123161536_n-1024x768.jpg 1024w, https:\/\/elmetropolitano.com.gt\/es\/wp-content\/uploads\/2024\/11\/467417982_1079413680851381_5253631353123161536_n-300x225.jpg 300w, https:\/\/elmetropolitano.com.gt\/es\/wp-content\/uploads\/2024\/11\/467417982_1079413680851381_5253631353123161536_n-768x576.jpg 768w, https:\/\/elmetropolitano.com.gt\/es\/wp-content\/uploads\/2024\/11\/467417982_1079413680851381_5253631353123161536_n.jpg 1280w\" sizes=\"auto, (max-width: 1024px) 100vw, 1024px\" \/><\/figure>\n\n\n\n<figure class=\"wp-block-image size-large\"><img loading=\"lazy\" decoding=\"async\" width=\"1024\" height=\"768\" data-id=\"92452\" src=\"https:\/\/elmetropolitano.com.gt\/es\/wp-content\/uploads\/2024\/11\/467521824_1079413704184712_8362589459650507583_n-1024x768.jpg\" alt=\"\" class=\"wp-image-92452\" srcset=\"https:\/\/elmetropolitano.com.gt\/es\/wp-content\/uploads\/2024\/11\/467521824_1079413704184712_8362589459650507583_n-1024x768.jpg 1024w, https:\/\/elmetropolitano.com.gt\/es\/wp-content\/uploads\/2024\/11\/467521824_1079413704184712_8362589459650507583_n-300x225.jpg 300w, https:\/\/elmetropolitano.com.gt\/es\/wp-content\/uploads\/2024\/11\/467521824_1079413704184712_8362589459650507583_n-768x576.jpg 768w, https:\/\/elmetropolitano.com.gt\/es\/wp-content\/uploads\/2024\/11\/467521824_1079413704184712_8362589459650507583_n.jpg 1280w\" sizes=\"auto, (max-width: 1024px) 100vw, 1024px\" \/><\/figure>\n\n\n\n<figure class=\"wp-block-image size-large\"><img loading=\"lazy\" decoding=\"async\" width=\"1024\" height=\"576\" data-id=\"92451\" src=\"https:\/\/elmetropolitano.com.gt\/es\/wp-content\/uploads\/2024\/11\/467764155_1079413710851378_1878484382135031552_n-1024x576.jpg\" alt=\"\" class=\"wp-image-92451\" srcset=\"https:\/\/elmetropolitano.com.gt\/es\/wp-content\/uploads\/2024\/11\/467764155_1079413710851378_1878484382135031552_n-1024x576.jpg 1024w, https:\/\/elmetropolitano.com.gt\/es\/wp-content\/uploads\/2024\/11\/467764155_1079413710851378_1878484382135031552_n-300x169.jpg 300w, https:\/\/elmetropolitano.com.gt\/es\/wp-content\/uploads\/2024\/11\/467764155_1079413710851378_1878484382135031552_n-768x432.jpg 768w, https:\/\/elmetropolitano.com.gt\/es\/wp-content\/uploads\/2024\/11\/467764155_1079413710851378_1878484382135031552_n-1536x863.jpg 1536w, https:\/\/elmetropolitano.com.gt\/es\/wp-content\/uploads\/2024\/11\/467764155_1079413710851378_1878484382135031552_n.jpg 2048w\" sizes=\"auto, (max-width: 1024px) 100vw, 1024px\" \/><\/figure>\n\n\n\n<figure class=\"wp-block-image size-large\"><img loading=\"lazy\" decoding=\"async\" width=\"1024\" height=\"768\" data-id=\"92453\" src=\"https:\/\/elmetropolitano.com.gt\/es\/wp-content\/uploads\/2024\/11\/467772413_1079413670851382_4762038142903513451_n-1-1024x768.jpg\" alt=\"\" class=\"wp-image-92453\" srcset=\"https:\/\/elmetropolitano.com.gt\/es\/wp-content\/uploads\/2024\/11\/467772413_1079413670851382_4762038142903513451_n-1-1024x768.jpg 1024w, https:\/\/elmetropolitano.com.gt\/es\/wp-content\/uploads\/2024\/11\/467772413_1079413670851382_4762038142903513451_n-1-300x225.jpg 300w, https:\/\/elmetropolitano.com.gt\/es\/wp-content\/uploads\/2024\/11\/467772413_1079413670851382_4762038142903513451_n-1-768x576.jpg 768w, https:\/\/elmetropolitano.com.gt\/es\/wp-content\/uploads\/2024\/11\/467772413_1079413670851382_4762038142903513451_n-1.jpg 1280w\" sizes=\"auto, (max-width: 1024px) 100vw, 1024px\" \/><\/figure>\n<\/figure>\n","protected":false},"excerpt":{"rendered":"<p>En un mundo que se esfuerza por alcanzar los objetivos globales en la reducci\u00f3n de emisiones de CO\u2082, la transici\u00f3n hacia fuentes de energ\u00eda renovable se vuelve cada vez m\u00e1s esencial. Seg\u00fan la Agencia Internacional de la Energ\u00eda (AIE), se espera que para 2050, casi el 90% de la electricidad mundial provenga de fuentes renovables, <a class=\"read-more\" href=\"https:\/\/elmetropolitano.com.gt\/es\/minerales-y-agregados-avanza-en-la-transicion-a-energias-renovables-con-acuerdo-de-energia-solar-junto-a-enertiva\/\">Leer m\u00e1s<\/a><\/p>\n","protected":false},"author":1,"featured_media":92449,"comment_status":"open","ping_status":"closed","sticky":false,"template":"","format":"standard","meta":{"footnotes":""},"categories":[31],"tags":[32],"class_list":["post-92448","post","type-post","status-publish","format-standard","has-post-thumbnail","hentry","category-metroimpulso","tag-metroimpulso"],"_links":{"self":[{"href":"https:\/\/elmetropolitano.com.gt\/es\/wp-json\/wp\/v2\/posts\/92448","targetHints":{"allow":["GET"]}}],"collection":[{"href":"https:\/\/elmetropolitano.com.gt\/es\/wp-json\/wp\/v2\/posts"}],"about":[{"href":"https:\/\/elmetropolitano.com.gt\/es\/wp-json\/wp\/v2\/types\/post"}],"author":[{"embeddable":true,"href":"https:\/\/elmetropolitano.com.gt\/es\/wp-json\/wp\/v2\/users\/1"}],"replies":[{"embeddable":true,"href":"https:\/\/elmetropolitano.com.gt\/es\/wp-json\/wp\/v2\/comments?post=92448"}],"version-history":[{"count":1,"href":"https:\/\/elmetropolitano.com.gt\/es\/wp-json\/wp\/v2\/posts\/92448\/revisions"}],"predecessor-version":[{"id":92454,"href":"https:\/\/elmetropolitano.com.gt\/es\/wp-json\/wp\/v2\/posts\/92448\/revisions\/92454"}],"wp:featuredmedia":[{"embeddable":true,"href":"https:\/\/elmetropolitano.com.gt\/es\/wp-json\/wp\/v2\/media\/92449"}],"wp:attachment":[{"href":"https:\/\/elmetropolitano.com.gt\/es\/wp-json\/wp\/v2\/media?parent=92448"}],"wp:term":[{"taxonomy":"category","embeddable":true,"href":"https:\/\/elmetropolitano.com.gt\/es\/wp-json\/wp\/v2\/categories?post=92448"},{"taxonomy":"post_tag","embeddable":true,"href":"https:\/\/elmetropolitano.com.gt\/es\/wp-json\/wp\/v2\/tags?post=92448"}],"curies":[{"name":"wp","href":"https:\/\/api.w.org\/{rel}","templated":true}]}}