{"id":92543,"date":"2024-11-21T13:52:47","date_gmt":"2024-11-21T19:52:47","guid":{"rendered":"https:\/\/elmetropolitano.com.gt\/es\/?p=92543"},"modified":"2024-11-21T13:52:48","modified_gmt":"2024-11-21T19:52:48","slug":"agrocentro-contribuye-a-la-recuperacion-remozamiento-y-conservacion-del-cerrito-del-carmen","status":"publish","type":"post","link":"https:\/\/elmetropolitano.com.gt\/es\/agrocentro-contribuye-a-la-recuperacion-remozamiento-y-conservacion-del-cerrito-del-carmen\/","title":{"rendered":"AGROCENTRO contribuye a la recuperaci\u00f3n, remozamiento y conservaci\u00f3n del Cerrito del Carmen"},"content":{"rendered":"\n<p>AGROCENTRO, l\u00edder en soluciones agr\u00edcolas sostenibles, se enorgullece en presentar una de sus grandes acciones de sostenibilidad.<\/p>\n\n\n\n<p>Desde hace 12 a\u00f1os, la empresa ha contribuido a la importante labor en la recuperaci\u00f3n y remozamiento del ic\u00f3nico Cerrito Del Carmen en la zona 1 de la mano de la Fundaci\u00f3n Teoxch\u00e9.<\/p><div class=\"elmet-contenido\" id=\"elmet-4274638560\"><div class=\"elmet-adlabel\">Anuncios<\/div><div style=\"margin-top: 20px;margin-right: 20px;margin-bottom: 20px;margin-left: 20px;\" id=\"elmet-2279487674\"><a href=\"https:\/\/www.facebook.com\/arrincuanantigua\/\" aria-label=\"cintillo-arrin-cual\"><img loading=\"lazy\" decoding=\"async\" src=\"https:\/\/elmetropolitano.com.gt\/es\/wp-content\/uploads\/2021\/11\/cintillo-arrin-cual-1.jpg\" alt=\"\"  srcset=\"https:\/\/elmetropolitano.com.gt\/es\/wp-content\/uploads\/2021\/11\/cintillo-arrin-cual-1.jpg 750w, https:\/\/elmetropolitano.com.gt\/es\/wp-content\/uploads\/2021\/11\/cintillo-arrin-cual-1-300x36.jpg 300w, https:\/\/elmetropolitano.com.gt\/es\/wp-content\/uploads\/2021\/11\/cintillo-arrin-cual-1-600x72.jpg 600w\" sizes=\"(max-width: 750px) 100vw, 750px\" width=\"750\" height=\"90\"   \/><\/a><\/div><\/div>\n\n\n\n<p>El <a><\/a>Cerrito del Carmen es considerado como uno de los pulmones m\u00e1s importantes de la Ciudad de Guatemala, adem\u00e1s de ser el punto cero desde el que surgi\u00f3 la construcci\u00f3n de toda la ciudad.<\/p>\n\n\n\n<p>Es un espacio emblem\u00e1tico con una extensi\u00f3n de 6 manzanas llenas de \u00e1rboles, flores y mucha vegetaci\u00f3n. Es por esto que AGROCENTRO se sum\u00f3 a la iniciativa para proveer a la Fundaci\u00f3n Teoxch\u00e9 de todos los insumos necesarios para la belleza y mantenimiento del parque.<\/p>\n\n\n\n<p>\u201cAGROCENTRO provee a la Fundaci\u00f3n Teoxch\u00e9 todos los productos necesarios para que sean utilizados para darle belleza al parque. El Cerrito del Carmen es una referencia de la belleza natural de Guatemala y para la empresa ha sido importante ser parte de esta causa\u201d, coment\u00f3 Francisco S\u00e1nchez, Gerente de Mercadeo AGROCENTRO.<\/p>\n\n\n\n<p>La dotaci\u00f3n de producto consta de paquetes de nutrici\u00f3n en los que se incluyen fertilizantes de uso amigable con el ambiente. La empresa tambi\u00e9n apoya al parque en caso de plagas o enfermedades con productos especiales como fungicidas o insecticidas. Estos productos no presentan ninguna residualidad qu\u00edmica, lo que los hace seguros para el contacto con las personas y los animales.<\/p>\n\n\n\n<p>\u201cNos hace felices ver los resultados de nuestros productos en el parque y ver este espacio tan verde. Invitamos a los vecinos del \u00e1rea, y tambi\u00e9n a todos los guatemaltecos, a que visiten el Cerrito del Carmen. Es un lugar muy bonito y seguro para visitar con toda la familia\u201d, agreg\u00f3 S\u00e1nchez.<\/p>\n\n\n\n<p>Para AGROCENTRO es importante colaborar con la preservaci\u00f3n y remozamiento de los espacios p\u00fablicos. M\u00e1s all\u00e1 de ser una estrategia de responsabilidad corporativa, es una acci\u00f3n familiar con la que los directivos de la empresa se han identificado desde hace m\u00e1s de una d\u00e9cada.<\/p>\n\n\n\n<p>\u201cLa Fundaci\u00f3n Teoxch\u00e9 ha hecho un trabajo espectacular en la recuperaci\u00f3n de este espacio. Cuando pens\u00e1bamos en c\u00f3mo era el Cerrito del Carmen hace unos a\u00f1os y c\u00f3mo es ahora, es una transformaci\u00f3n que nos deja sin palabras. En el 2025 empezaremos a trabajar en este parque nuestra l\u00ednea de productos bionaturales y es algo que nos emociona mucho\u201d, explic\u00f3 Alex Huard, Director Comercial de AGROCENTRO para la Regi\u00f3n Norte.<\/p>\n\n\n\n<p>La Fundaci\u00f3n Teoxch\u00e9 naci\u00f3 de un grupo de personas que se unieron para trabajar en la recuperaci\u00f3n del Parque del Cerrito del Carmen. Desde hace 18 a\u00f1os, la fundaci\u00f3n ha realizado distintas gestiones en colaboraci\u00f3n con los sectores p\u00fablicos y privados para recuperar, remozar y transformar este espacio.<\/p>\n\n\n\n<p>En este tiempo no solo se ha recuperado la vegetaci\u00f3n, tambi\u00e9n se han realizado obras como una nueva \u00e1rea de juegos para ni\u00f1os y nuevos servicios sanitarios.<\/p>\n\n\n\n<p>De acuerdo con Carolina Alejos, Directora Ejecutiva de la Fundaci\u00f3n Teoxch\u00e9, este a\u00f1o se inaugur\u00f3 el parque canino y el pr\u00f3ximo proyecto constar\u00e1 en la apertura de un espacio dedicado a los adultos mayores, con m\u00e1quinas de ejercicios especiales para adultos de la tercera edad. Tambi\u00e9n se est\u00e1 trabajando para construir m\u00e1s ba\u00f1os, considerando que la cantidad de visitantes del parque ha ido en aumento.<\/p>\n\n\n\n<p>\u201cQueremos darle un agradecimiento enorme a AGROCENTRO porque sin duda alguna, la belleza natural y verde de este parque se debe a las contribuciones de productos que nos han dado a lo largo de todos estos a\u00f1os. Siempre han estado abiertos a nuestras solicitudes y nos han prove\u00eddo de todo tipo de productos seg\u00fan las necesidades del parque\u201d, puntualiz\u00f3 Alejos.<\/p>\n\n\n\n<p><a href=\"https:\/\/www.facebook.com\/hashtag\/agrocentro?__eep__=6&amp;__cft__[0]=AZU-o33fllq1XgWC3s9U2Me0WP3JEfMPO88Cr0R6BYjsf5Tv7JFmZVhBE2818CLn41Nh-DCDQBnaDkj2S_LwDjtd72KPj0OD9Fen00VU8YB2lwCyWfOVCi98lpTu3HVNJx0anZGk-WI_gPpIsXh1RjKzKR53iO7gKeOkba6WE8R_DEY_YiembHngteJ5V_K5wdY&amp;__tn__=*NK-R\">#agrocentro<\/a><a href=\"https:\/\/www.facebook.com\/hashtag\/metroredes?__eep__=6&amp;__cft__[0]=AZU-o33fllq1XgWC3s9U2Me0WP3JEfMPO88Cr0R6BYjsf5Tv7JFmZVhBE2818CLn41Nh-DCDQBnaDkj2S_LwDjtd72KPj0OD9Fen00VU8YB2lwCyWfOVCi98lpTu3HVNJx0anZGk-WI_gPpIsXh1RjKzKR53iO7gKeOkba6WE8R_DEY_YiembHngteJ5V_K5wdY&amp;__tn__=*NK-R\">#metroredes<\/a><\/p>\n\n\n\n<p><a href=\"https:\/\/www.facebook.com\/hashtag\/agrocentroguatemala?__eep__=6&amp;__cft__[0]=AZU-o33fllq1XgWC3s9U2Me0WP3JEfMPO88Cr0R6BYjsf5Tv7JFmZVhBE2818CLn41Nh-DCDQBnaDkj2S_LwDjtd72KPj0OD9Fen00VU8YB2lwCyWfOVCi98lpTu3HVNJx0anZGk-WI_gPpIsXh1RjKzKR53iO7gKeOkba6WE8R_DEY_YiembHngteJ5V_K5wdY&amp;__tn__=*NK-R\">#agrocentroguatemala<\/a><a href=\"https:\/\/www.facebook.com\/hashtag\/cerritodelcarmen?__eep__=6&amp;__cft__[0]=AZU-o33fllq1XgWC3s9U2Me0WP3JEfMPO88Cr0R6BYjsf5Tv7JFmZVhBE2818CLn41Nh-DCDQBnaDkj2S_LwDjtd72KPj0OD9Fen00VU8YB2lwCyWfOVCi98lpTu3HVNJx0anZGk-WI_gPpIsXh1RjKzKR53iO7gKeOkba6WE8R_DEY_YiembHngteJ5V_K5wdY&amp;__tn__=*NK-R\">#CerritodelCarmen<\/a><a href=\"https:\/\/www.facebook.com\/hashtag\/fundacionteoxche?__eep__=6&amp;__cft__[0]=AZU-o33fllq1XgWC3s9U2Me0WP3JEfMPO88Cr0R6BYjsf5Tv7JFmZVhBE2818CLn41Nh-DCDQBnaDkj2S_LwDjtd72KPj0OD9Fen00VU8YB2lwCyWfOVCi98lpTu3HVNJx0anZGk-WI_gPpIsXh1RjKzKR53iO7gKeOkba6WE8R_DEY_YiembHngteJ5V_K5wdY&amp;__tn__=*NK-R\">#FundacionTeoxche<\/a><\/p>\n\n\n\n<figure class=\"wp-block-gallery has-nested-images columns-default is-cropped wp-block-gallery-1 is-layout-flex wp-block-gallery-is-layout-flex\">\n<figure class=\"wp-block-image size-large\"><img loading=\"lazy\" decoding=\"async\" width=\"1024\" height=\"683\" data-id=\"92545\" src=\"https:\/\/elmetropolitano.com.gt\/es\/wp-content\/uploads\/2024\/11\/467814111_1080856330707116_7177253093665896202_n-1024x683.jpg\" alt=\"\" class=\"wp-image-92545\" srcset=\"https:\/\/elmetropolitano.com.gt\/es\/wp-content\/uploads\/2024\/11\/467814111_1080856330707116_7177253093665896202_n-1024x683.jpg 1024w, https:\/\/elmetropolitano.com.gt\/es\/wp-content\/uploads\/2024\/11\/467814111_1080856330707116_7177253093665896202_n-300x200.jpg 300w, https:\/\/elmetropolitano.com.gt\/es\/wp-content\/uploads\/2024\/11\/467814111_1080856330707116_7177253093665896202_n-768x512.jpg 768w, https:\/\/elmetropolitano.com.gt\/es\/wp-content\/uploads\/2024\/11\/467814111_1080856330707116_7177253093665896202_n-1536x1024.jpg 1536w, https:\/\/elmetropolitano.com.gt\/es\/wp-content\/uploads\/2024\/11\/467814111_1080856330707116_7177253093665896202_n.jpg 1800w\" sizes=\"auto, (max-width: 1024px) 100vw, 1024px\" \/><\/figure>\n\n\n\n<figure class=\"wp-block-image size-large\"><img loading=\"lazy\" decoding=\"async\" width=\"1024\" height=\"683\" data-id=\"92546\" src=\"https:\/\/elmetropolitano.com.gt\/es\/wp-content\/uploads\/2024\/11\/467843492_1080856320707117_119268835919474233_n-1024x683.jpg\" alt=\"\" class=\"wp-image-92546\" srcset=\"https:\/\/elmetropolitano.com.gt\/es\/wp-content\/uploads\/2024\/11\/467843492_1080856320707117_119268835919474233_n-1024x683.jpg 1024w, https:\/\/elmetropolitano.com.gt\/es\/wp-content\/uploads\/2024\/11\/467843492_1080856320707117_119268835919474233_n-300x200.jpg 300w, https:\/\/elmetropolitano.com.gt\/es\/wp-content\/uploads\/2024\/11\/467843492_1080856320707117_119268835919474233_n-768x512.jpg 768w, https:\/\/elmetropolitano.com.gt\/es\/wp-content\/uploads\/2024\/11\/467843492_1080856320707117_119268835919474233_n-1536x1024.jpg 1536w, https:\/\/elmetropolitano.com.gt\/es\/wp-content\/uploads\/2024\/11\/467843492_1080856320707117_119268835919474233_n.jpg 1800w\" sizes=\"auto, (max-width: 1024px) 100vw, 1024px\" \/><\/figure>\n<\/figure>\n","protected":false},"excerpt":{"rendered":"<p>AGROCENTRO, l\u00edder en soluciones agr\u00edcolas sostenibles, se enorgullece en presentar una de sus grandes acciones de sostenibilidad. Desde hace 12 a\u00f1os, la empresa ha contribuido a la importante labor en la recuperaci\u00f3n y remozamiento del ic\u00f3nico Cerrito Del Carmen en la zona 1 de la mano de la Fundaci\u00f3n Teoxch\u00e9. El Cerrito del Carmen es <a class=\"read-more\" href=\"https:\/\/elmetropolitano.com.gt\/es\/agrocentro-contribuye-a-la-recuperacion-remozamiento-y-conservacion-del-cerrito-del-carmen\/\">Leer m\u00e1s<\/a><\/p>\n","protected":false},"author":1,"featured_media":92544,"comment_status":"open","ping_status":"closed","sticky":false,"template":"","format":"standard","meta":{"footnotes":""},"categories":[31],"tags":[32],"class_list":["post-92543","post","type-post","status-publish","format-standard","has-post-thumbnail","hentry","category-metroimpulso","tag-metroimpulso"],"_links":{"self":[{"href":"https:\/\/elmetropolitano.com.gt\/es\/wp-json\/wp\/v2\/posts\/92543","targetHints":{"allow":["GET"]}}],"collection":[{"href":"https:\/\/elmetropolitano.com.gt\/es\/wp-json\/wp\/v2\/posts"}],"about":[{"href":"https:\/\/elmetropolitano.com.gt\/es\/wp-json\/wp\/v2\/types\/post"}],"author":[{"embeddable":true,"href":"https:\/\/elmetropolitano.com.gt\/es\/wp-json\/wp\/v2\/users\/1"}],"replies":[{"embeddable":true,"href":"https:\/\/elmetropolitano.com.gt\/es\/wp-json\/wp\/v2\/comments?post=92543"}],"version-history":[{"count":1,"href":"https:\/\/elmetropolitano.com.gt\/es\/wp-json\/wp\/v2\/posts\/92543\/revisions"}],"predecessor-version":[{"id":92547,"href":"https:\/\/elmetropolitano.com.gt\/es\/wp-json\/wp\/v2\/posts\/92543\/revisions\/92547"}],"wp:featuredmedia":[{"embeddable":true,"href":"https:\/\/elmetropolitano.com.gt\/es\/wp-json\/wp\/v2\/media\/92544"}],"wp:attachment":[{"href":"https:\/\/elmetropolitano.com.gt\/es\/wp-json\/wp\/v2\/media?parent=92543"}],"wp:term":[{"taxonomy":"category","embeddable":true,"href":"https:\/\/elmetropolitano.com.gt\/es\/wp-json\/wp\/v2\/categories?post=92543"},{"taxonomy":"post_tag","embeddable":true,"href":"https:\/\/elmetropolitano.com.gt\/es\/wp-json\/wp\/v2\/tags?post=92543"}],"curies":[{"name":"wp","href":"https:\/\/api.w.org\/{rel}","templated":true}]}}