{"id":92665,"date":"2024-11-23T12:12:11","date_gmt":"2024-11-23T18:12:11","guid":{"rendered":"https:\/\/elmetropolitano.com.gt\/es\/?p=92665"},"modified":"2024-11-23T12:12:12","modified_gmt":"2024-11-23T18:12:12","slug":"francisco-orantes-compositor-guatemalteco-gana-el-premio-arpa-con-su-album-navideno-navidad-con-amor-a-los-ninos","status":"publish","type":"post","link":"https:\/\/elmetropolitano.com.gt\/es\/francisco-orantes-compositor-guatemalteco-gana-el-premio-arpa-con-su-album-navideno-navidad-con-amor-a-los-ninos\/","title":{"rendered":"Francisco Orantes, compositor guatemalteco, gana el Premio Arpa con su \u00e1lbum navide\u00f1o \u201cNavidad Con Amor A Los Ni\u00f1os\u201d"},"content":{"rendered":"\n<p>Francisco Orantes, reconocido compositor guatemalteco, ha sido galardonado con el prestigioso Premio Arpa en la categor\u00eda Infantil por su \u00e1lbum \u201cNavidad Con Amor A Los Ni\u00f1os\u201d en la 19\u00aa edici\u00f3n de los premios celebrada en el Teatro Metropolitan de la Ciudad de M\u00e9xico.<\/p>\n\n\n\n<p>Sobre este logro, Francisco comenta: \u201cEste premio es un regalo de Dios. Es un honor poder <a><\/a>compartir mi m\u00fasica con tantos ni\u00f1os y familias, y que este \u00e1lbum sobre la Navidad sea reconocido. Mi deseo siempre ha sido transmitir el amor y el mensaje de Jes\u00fas a trav\u00e9s de mis canciones, y este premio confirma que estamos en el camino correcto\u201d.<\/p><div class=\"elmet-contenido\" id=\"elmet-422264615\"><div class=\"elmet-adlabel\">Anuncios<\/div><div style=\"margin-top: 20px;margin-right: 20px;margin-bottom: 20px;margin-left: 20px;\" id=\"elmet-1800901170\"><a href=\"https:\/\/www.facebook.com\/arrincuanantigua\/\" aria-label=\"cintillo-arrin-cual\"><img loading=\"lazy\" decoding=\"async\" src=\"https:\/\/elmetropolitano.com.gt\/es\/wp-content\/uploads\/2021\/11\/cintillo-arrin-cual-1.jpg\" alt=\"\"  srcset=\"https:\/\/elmetropolitano.com.gt\/es\/wp-content\/uploads\/2021\/11\/cintillo-arrin-cual-1.jpg 750w, https:\/\/elmetropolitano.com.gt\/es\/wp-content\/uploads\/2021\/11\/cintillo-arrin-cual-1-300x36.jpg 300w, https:\/\/elmetropolitano.com.gt\/es\/wp-content\/uploads\/2021\/11\/cintillo-arrin-cual-1-600x72.jpg 600w\" sizes=\"(max-width: 750px) 100vw, 750px\" width=\"750\" height=\"90\"   \/><\/a><\/div><\/div>\n\n\n\n<p>\u201cNavidad Con Amor A Los Ni\u00f1os\u201d es un \u00e1lbum lleno de canciones cristianas que celebran el nacimiento de Jes\u00fas, incluyendo dos temas originales de Orantes: Navidad y Ding Dong. La producci\u00f3n musical fue realizada en los estudios \u201cMalin y Co.\u201d con la direcci\u00f3n del destacado arreglista Miguel \u00c1ngel Villagr\u00e1n.<\/p>\n\n\n\n<p>El \u00e1lbum fue presentado en Guatemala por el Hermano Jerem\u00edas Pirir a trav\u00e9s de Radio Cultural TGN, con un soporte audiovisual producido en los estudios de la emisora.<\/p>\n\n\n\n<p>Este material ya est\u00e1 disponible en los canales oficiales del artista en YouTube: Francisco Orantes, El Patito Juan y Con Amor A Los Ni\u00f1os.<\/p>\n\n\n\n<p>Durante la ceremonia de premiaci\u00f3n, Orantes fue acompa\u00f1ado por su esposa, Gladys Hern\u00e1ndez, y sus hijas, Maril\u00fa Orantes y Azucena Orantes La Voz.<\/p>\n\n\n\n<p>En su discurso de agradecimiento, el autor dedic\u00f3 el premio a Dios, reconociendo que \u00abde \u00c9l provienen todos los talentos\u00bb, y expres\u00f3 su gratitud a los ni\u00f1os y padres de Guatemala, M\u00e9xico, Estados Unidos y Sudam\u00e9rica, quienes han seguido y apoyado su m\u00fasica a lo largo de los a\u00f1os.<\/p>\n\n\n\n<p>Acerca de Francisco Orantes<\/p>\n\n\n\n<p>Compositor guatemalteco con cuatro d\u00e9cadas de trayectoria. Ha creado una extensa colecci\u00f3n de canciones cristianas que han tocado los corazones de miles de personas en Am\u00e9rica Latina, Estados Unidos y m\u00e1s all\u00e1. Entre sus composiciones m\u00e1s conocidas \u00abEspera en Jehov\u00e1\u00bb, \u00abNecesito de Ti\u00bb, \u201cFortal\u00e9ceme Se\u00f1or\u201d, \u201cConf\u00eda en el Se\u00f1or\u201d, \u201cEn su nombre vencer\u00e9\u201d , \u201cCristo es la roca\u201d, \u00abEsa Roca\u00bb, \u00abBendito Sea Jes\u00fas\u00bb, \u00abHoy Soy Feliz\u00bb, entre otros; tambi\u00e9n es un reconocido autor de temas infantiles como \u00abMariposita\u00bb, \u00abLa Hormiga Mentirosa\u00bb, \u00abEn Mi Casa Vive Jes\u00fas\u00bb, \u00abToda Mi Vida Es De Cristo\u00bb, todos dentro de sus ya 5 proyectos de \u00abCon Amor A Los Ni\u00f1os\u00bb.<\/p>\n\n\n\n<p>Francisco Orantes, autor del ic\u00f3nico tema infantil cristiano \u201cEl Patito Juan\u201d, galardonado con el premio al Mejor \u00c1lbum en Radio Nueva Vida, Los \u00c1ngeles, California, en 2004, sigue creando m\u00fasica que inspira a familias de todo el mundo.<\/p>\n\n\n\n<p>Para m\u00e1s informaci\u00f3n sobre Francisco Orantes y sus proyectos, visite su sitio web oficial <a href=\"http:\/\/www.franciscoorantes.com\/?fbclid=IwZXh0bgNhZW0CMTAAAR3chMp4dTUamuK1gGXbZppgszP7QHJcv_mUPi_h877V-Q0uTo2YJHjQbp4_aem_gwSwZDyjQMYqWNvWypC07g\" rel=\"noreferrer noopener\" target=\"_blank\">www.franciscoorantes.com<\/a> y s\u00edgalo en sus redes sociales:<\/p>\n\n\n\n<p>\u2022 Instagram: @FranciscoOrantes<\/p>\n\n\n\n<p>\u2022 Facebook: FranciscoOrantesOficial\/<\/p>\n\n\n\n<p>\u2022 YouTube: FranciscoOrantesOficial<\/p>\n\n\n\n<p>\u2022 Spotify: Francisco Orantes<\/p>\n\n\n\n<p><a href=\"https:\/\/www.facebook.com\/hashtag\/franciscoorantes?__eep__=6&amp;__cft__[0]=AZUOLtx-MnIEfzw6IK8xra_Z4at4QvGKGpUxZrjzSabW5obvAVWagAQu_NmgX08Q0oZM6ysqTvOqDfLlPQW372bFDSzpsh-YNxHbf2Luc9sc-TqZOd6BM8Yc_klxv2g403XtJJ2KgN2x7M9njFHUeaysK7w_LbGgyPgd0IOWZyQexFGUXdkyWobaErFF2r81bDs&amp;__tn__=*NK-R\">#FranciscoOrantes<\/a><a href=\"https:\/\/www.facebook.com\/hashtag\/metroredes?__eep__=6&amp;__cft__[0]=AZUOLtx-MnIEfzw6IK8xra_Z4at4QvGKGpUxZrjzSabW5obvAVWagAQu_NmgX08Q0oZM6ysqTvOqDfLlPQW372bFDSzpsh-YNxHbf2Luc9sc-TqZOd6BM8Yc_klxv2g403XtJJ2KgN2x7M9njFHUeaysK7w_LbGgyPgd0IOWZyQexFGUXdkyWobaErFF2r81bDs&amp;__tn__=*NK-R\">#metroredes<\/a><a href=\"https:\/\/www.facebook.com\/hashtag\/musica?__eep__=6&amp;__cft__[0]=AZUOLtx-MnIEfzw6IK8xra_Z4at4QvGKGpUxZrjzSabW5obvAVWagAQu_NmgX08Q0oZM6ysqTvOqDfLlPQW372bFDSzpsh-YNxHbf2Luc9sc-TqZOd6BM8Yc_klxv2g403XtJJ2KgN2x7M9njFHUeaysK7w_LbGgyPgd0IOWZyQexFGUXdkyWobaErFF2r81bDs&amp;__tn__=*NK-R\">#Musica<\/a><a href=\"https:\/\/www.facebook.com\/hashtag\/farandula?__eep__=6&amp;__cft__[0]=AZUOLtx-MnIEfzw6IK8xra_Z4at4QvGKGpUxZrjzSabW5obvAVWagAQu_NmgX08Q0oZM6ysqTvOqDfLlPQW372bFDSzpsh-YNxHbf2Luc9sc-TqZOd6BM8Yc_klxv2g403XtJJ2KgN2x7M9njFHUeaysK7w_LbGgyPgd0IOWZyQexFGUXdkyWobaErFF2r81bDs&amp;__tn__=*NK-R\">#farandula<\/a><\/p>\n\n\n\n<p><a href=\"https:\/\/l.facebook.com\/l.php?u=http%3A%2F%2FWww.elmetropolitano.com.gt%2F%3Ffbclid%3DIwZXh0bgNhZW0CMTAAAR2IoQ916Vze314-fGKVQR9jel2zUbmGmECi9NA3def-jAnvPJ621m_siLU_aem_H1ZH9R4x3fAcsJxkt0h9yw&amp;h=AT3ZMoLIj5NSxTVgcOHc9WFQE1NrwvA_tAsSOK7gh8o8_fCI0YxtMTC8vwNHLii2KW4QECeJih0bi6o5Nd0uwjEgsS64unomwa7zl4nWY35gicVbrDk0Nq_E1gB0Eb6JsxaK&amp;__tn__=-UK-R&amp;c[0]=AT01mlG6NyK5HpxVTpqOyzemQO3q_mH9kr94duPr2kiXBR2mUSfPLVc8Ma6Ia83efqh18PB59zdx7eVtgZVdzjPfGTqQrJjOztwjamlxhpDuufoAG6YGXF-a9lfVEM-eiPYbsQpF6a-Our5yRgK2Yn9enhd2FmTy5b1XPSV9pzer2vvPESgSEjr-1A3IMN3HRujvGvrNLufg5xToNrSDixTbvpc\" rel=\"noreferrer noopener\" target=\"_blank\">Www.elmetropolitano.com.gt<\/a><\/p>\n\n\n\n<p><a href=\"http:\/\/www.elmetropolitano.com\/?fbclid=IwZXh0bgNhZW0CMTAAAR3lnKnNDOzOvhCXHc2MbawS6ddL8Jqw6Zqwmblm7T5jqkefHF2CGnscuGo_aem_FFxQ6VPOYvn_98cIZqvZRw\" rel=\"noreferrer noopener\" target=\"_blank\">Www.elmetropolitano.com<\/a><\/p>\n\n\n\n<figure class=\"wp-block-gallery has-nested-images columns-default is-cropped wp-block-gallery-1 is-layout-flex wp-block-gallery-is-layout-flex\">\n<figure class=\"wp-block-image size-large\"><img loading=\"lazy\" decoding=\"async\" width=\"567\" height=\"423\" data-id=\"92669\" src=\"https:\/\/elmetropolitano.com.gt\/es\/wp-content\/uploads\/2024\/11\/467503502_1082060217253394_6459542543247318560_n-1.jpg\" alt=\"\" class=\"wp-image-92669\" srcset=\"https:\/\/elmetropolitano.com.gt\/es\/wp-content\/uploads\/2024\/11\/467503502_1082060217253394_6459542543247318560_n-1.jpg 567w, https:\/\/elmetropolitano.com.gt\/es\/wp-content\/uploads\/2024\/11\/467503502_1082060217253394_6459542543247318560_n-1-300x224.jpg 300w\" sizes=\"auto, (max-width: 567px) 100vw, 567px\" \/><\/figure>\n\n\n\n<figure class=\"wp-block-image size-large\"><img loading=\"lazy\" decoding=\"async\" width=\"567\" height=\"423\" data-id=\"92670\" src=\"https:\/\/elmetropolitano.com.gt\/es\/wp-content\/uploads\/2024\/11\/467782340_1082060310586718_6078903616538203040_n.jpg\" alt=\"\" class=\"wp-image-92670\" srcset=\"https:\/\/elmetropolitano.com.gt\/es\/wp-content\/uploads\/2024\/11\/467782340_1082060310586718_6078903616538203040_n.jpg 567w, https:\/\/elmetropolitano.com.gt\/es\/wp-content\/uploads\/2024\/11\/467782340_1082060310586718_6078903616538203040_n-300x224.jpg 300w\" sizes=\"auto, (max-width: 567px) 100vw, 567px\" \/><\/figure>\n\n\n\n<figure class=\"wp-block-image size-large\"><img loading=\"lazy\" decoding=\"async\" width=\"567\" height=\"423\" data-id=\"92668\" src=\"https:\/\/elmetropolitano.com.gt\/es\/wp-content\/uploads\/2024\/11\/468021219_1082060270586722_3885486505108506216_n.jpg\" alt=\"\" class=\"wp-image-92668\" srcset=\"https:\/\/elmetropolitano.com.gt\/es\/wp-content\/uploads\/2024\/11\/468021219_1082060270586722_3885486505108506216_n.jpg 567w, https:\/\/elmetropolitano.com.gt\/es\/wp-content\/uploads\/2024\/11\/468021219_1082060270586722_3885486505108506216_n-300x224.jpg 300w\" sizes=\"auto, (max-width: 567px) 100vw, 567px\" \/><\/figure>\n\n\n\n<figure class=\"wp-block-image size-large\"><img loading=\"lazy\" decoding=\"async\" width=\"567\" height=\"423\" data-id=\"92667\" src=\"https:\/\/elmetropolitano.com.gt\/es\/wp-content\/uploads\/2024\/11\/468161429_1082060277253388_2417359024392331437_n.jpg\" alt=\"\" class=\"wp-image-92667\" srcset=\"https:\/\/elmetropolitano.com.gt\/es\/wp-content\/uploads\/2024\/11\/468161429_1082060277253388_2417359024392331437_n.jpg 567w, https:\/\/elmetropolitano.com.gt\/es\/wp-content\/uploads\/2024\/11\/468161429_1082060277253388_2417359024392331437_n-300x224.jpg 300w\" sizes=\"auto, (max-width: 567px) 100vw, 567px\" \/><\/figure>\n<\/figure>\n","protected":false},"excerpt":{"rendered":"<p>Francisco Orantes, reconocido compositor guatemalteco, ha sido galardonado con el prestigioso Premio Arpa en la categor\u00eda Infantil por su \u00e1lbum \u201cNavidad Con Amor A Los Ni\u00f1os\u201d en la 19\u00aa edici\u00f3n de los premios celebrada en el Teatro Metropolitan de la Ciudad de M\u00e9xico. Sobre este logro, Francisco comenta: \u201cEste premio es un regalo de Dios. <a class=\"read-more\" href=\"https:\/\/elmetropolitano.com.gt\/es\/francisco-orantes-compositor-guatemalteco-gana-el-premio-arpa-con-su-album-navideno-navidad-con-amor-a-los-ninos\/\">Leer m\u00e1s<\/a><\/p>\n","protected":false},"author":1,"featured_media":92666,"comment_status":"open","ping_status":"closed","sticky":false,"template":"","format":"standard","meta":{"footnotes":""},"categories":[22],"tags":[18],"class_list":["post-92665","post","type-post","status-publish","format-standard","has-post-thumbnail","hentry","category-espectaculos","tag-espectaculos"],"_links":{"self":[{"href":"https:\/\/elmetropolitano.com.gt\/es\/wp-json\/wp\/v2\/posts\/92665","targetHints":{"allow":["GET"]}}],"collection":[{"href":"https:\/\/elmetropolitano.com.gt\/es\/wp-json\/wp\/v2\/posts"}],"about":[{"href":"https:\/\/elmetropolitano.com.gt\/es\/wp-json\/wp\/v2\/types\/post"}],"author":[{"embeddable":true,"href":"https:\/\/elmetropolitano.com.gt\/es\/wp-json\/wp\/v2\/users\/1"}],"replies":[{"embeddable":true,"href":"https:\/\/elmetropolitano.com.gt\/es\/wp-json\/wp\/v2\/comments?post=92665"}],"version-history":[{"count":1,"href":"https:\/\/elmetropolitano.com.gt\/es\/wp-json\/wp\/v2\/posts\/92665\/revisions"}],"predecessor-version":[{"id":92671,"href":"https:\/\/elmetropolitano.com.gt\/es\/wp-json\/wp\/v2\/posts\/92665\/revisions\/92671"}],"wp:featuredmedia":[{"embeddable":true,"href":"https:\/\/elmetropolitano.com.gt\/es\/wp-json\/wp\/v2\/media\/92666"}],"wp:attachment":[{"href":"https:\/\/elmetropolitano.com.gt\/es\/wp-json\/wp\/v2\/media?parent=92665"}],"wp:term":[{"taxonomy":"category","embeddable":true,"href":"https:\/\/elmetropolitano.com.gt\/es\/wp-json\/wp\/v2\/categories?post=92665"},{"taxonomy":"post_tag","embeddable":true,"href":"https:\/\/elmetropolitano.com.gt\/es\/wp-json\/wp\/v2\/tags?post=92665"}],"curies":[{"name":"wp","href":"https:\/\/api.w.org\/{rel}","templated":true}]}}