{"id":92672,"date":"2024-11-23T12:14:34","date_gmt":"2024-11-23T18:14:34","guid":{"rendered":"https:\/\/elmetropolitano.com.gt\/es\/?p=92672"},"modified":"2024-11-23T12:14:34","modified_gmt":"2024-11-23T18:14:34","slug":"lo-capturan-tras-quitarse-el-dispositivo-de-control-telematico-y-tirarlo","status":"publish","type":"post","link":"https:\/\/elmetropolitano.com.gt\/es\/lo-capturan-tras-quitarse-el-dispositivo-de-control-telematico-y-tirarlo\/","title":{"rendered":"Lo capturan tras quitarse el dispositivo de Control Telem\u00e1tico y tirarlo"},"content":{"rendered":"\n<p>Fernando Bladimir Ruano P\u00e9rez alias \u201c la Mascota\u201d de 23 a\u00f1os, fue recapturado este 22 de noviembre por investigadores de la Divisi\u00f3n de Informaci\u00f3n Policial (DIP) en la calle principal de la aldea La Rubia, en Chiquimulilla, Santa Rosa.<\/p>\n\n\n\n<p>El sujeto hab\u00eda sido declarado pr\u00f3fugo de la justicia tras haberse quitado el dispositivo de control telem\u00e1tico y huido.<\/p><div class=\"elmet-contenido\" id=\"elmet-3868218651\"><div class=\"elmet-adlabel\">Anuncios<\/div><div style=\"margin-top: 20px;margin-right: 20px;margin-bottom: 20px;margin-left: 20px;\" id=\"elmet-2719078406\"><a href=\"https:\/\/www.facebook.com\/arrincuanantigua\/\" aria-label=\"cintillo-arrin-cual\"><img loading=\"lazy\" decoding=\"async\" src=\"https:\/\/elmetropolitano.com.gt\/es\/wp-content\/uploads\/2021\/11\/cintillo-arrin-cual-1.jpg\" alt=\"\"  srcset=\"https:\/\/elmetropolitano.com.gt\/es\/wp-content\/uploads\/2021\/11\/cintillo-arrin-cual-1.jpg 750w, https:\/\/elmetropolitano.com.gt\/es\/wp-content\/uploads\/2021\/11\/cintillo-arrin-cual-1-300x36.jpg 300w, https:\/\/elmetropolitano.com.gt\/es\/wp-content\/uploads\/2021\/11\/cintillo-arrin-cual-1-600x72.jpg 600w\" sizes=\"(max-width: 750px) 100vw, 750px\" width=\"750\" height=\"90\"   \/><\/a><\/div><\/div>\n\n\n\n<p><a><\/a>Fernando Ruano fue beneficiado el 30 de agosto de 2024 con medidas sustitutivas. Recobr\u00f3 su libertad, pero era vigilado con un brazalete de control telem\u00e1tico.<\/p>\n\n\n\n<p>Sin embargo, Fernando se retir\u00f3 el artefacto y lo abandon\u00f3 en el municipio de Villa Canales, Guatemala y huy\u00f3.<\/p>\n\n\n\n<p>El individuo fue capturado por tercera ocasi\u00f3n tras un seguimiento de la DIP, sin embargo, previamente hab\u00eda sido aprehendido en mayo por el delito de extorsi\u00f3n, en Izabal, y una segunda vez en agosto en Santa Rosa, por el mismo delito.<\/p>\n\n\n\n<p>A alias \u201cla Mascota\u201d, lo acusan de ser parte de una estructura criminal que se dedica a la extorsi\u00f3n, adem\u00e1s, tiene en su contra cuatro \u00f3rdenes de captura por los delitos de extorsi\u00f3n en grado de complicidad, extorsi\u00f3n y rebeld\u00eda.<\/p>\n\n\n\n<p>Estas \u00f3rdenes han sido giradas por juzgados de Coatepeque, Quetzaltenango; Mixco, Guatemala y San Marcos.<\/p>\n\n\n\n<p>Fernando \u00abfue puesto nuevamente a disposici\u00f3n de un juzgado para que se determine su situaci\u00f3n legal.<\/p>\n\n\n\n<p><a href=\"https:\/\/www.facebook.com\/hashtag\/pncdeguatemala?__eep__=6&amp;__cft__[0]=AZU0rQije0a2d2UdIbYuzlWvskHBrNLrc6kTfTMqVJnCDBdgEbC5cBw9mWmoL4hrKzLqBxNMp_uBnI2u5YH6ibtpM3edOk0g4qCEJPInShyoh5frguLgWf-NNIw8VHfBSSvH0T6kSA30-ebvHYaTbxgVvo5Oa7v8GSHF7vE0k5Bk32R1JszV_36-LCe8c064XoY&amp;__tn__=*NK-R\">#PNCdeGuatemala<\/a><a href=\"https:\/\/www.facebook.com\/hashtag\/metroredes?__eep__=6&amp;__cft__[0]=AZU0rQije0a2d2UdIbYuzlWvskHBrNLrc6kTfTMqVJnCDBdgEbC5cBw9mWmoL4hrKzLqBxNMp_uBnI2u5YH6ibtpM3edOk0g4qCEJPInShyoh5frguLgWf-NNIw8VHfBSSvH0T6kSA30-ebvHYaTbxgVvo5Oa7v8GSHF7vE0k5Bk32R1JszV_36-LCe8c064XoY&amp;__tn__=*NK-R\">#metroredes<\/a><\/p>\n","protected":false},"excerpt":{"rendered":"<p>Fernando Bladimir Ruano P\u00e9rez alias \u201c la Mascota\u201d de 23 a\u00f1os, fue recapturado este 22 de noviembre por investigadores de la Divisi\u00f3n de Informaci\u00f3n Policial (DIP) en la calle principal de la aldea La Rubia, en Chiquimulilla, Santa Rosa. El sujeto hab\u00eda sido declarado pr\u00f3fugo de la justicia tras haberse quitado el dispositivo de control <a class=\"read-more\" href=\"https:\/\/elmetropolitano.com.gt\/es\/lo-capturan-tras-quitarse-el-dispositivo-de-control-telematico-y-tirarlo\/\">Leer m\u00e1s<\/a><\/p>\n","protected":false},"author":1,"featured_media":92673,"comment_status":"open","ping_status":"closed","sticky":false,"template":"","format":"standard","meta":{"footnotes":""},"categories":[89],"tags":[88],"class_list":["post-92672","post","type-post","status-publish","format-standard","has-post-thumbnail","hentry","category-metrosucesos","tag-metrosucesos"],"_links":{"self":[{"href":"https:\/\/elmetropolitano.com.gt\/es\/wp-json\/wp\/v2\/posts\/92672","targetHints":{"allow":["GET"]}}],"collection":[{"href":"https:\/\/elmetropolitano.com.gt\/es\/wp-json\/wp\/v2\/posts"}],"about":[{"href":"https:\/\/elmetropolitano.com.gt\/es\/wp-json\/wp\/v2\/types\/post"}],"author":[{"embeddable":true,"href":"https:\/\/elmetropolitano.com.gt\/es\/wp-json\/wp\/v2\/users\/1"}],"replies":[{"embeddable":true,"href":"https:\/\/elmetropolitano.com.gt\/es\/wp-json\/wp\/v2\/comments?post=92672"}],"version-history":[{"count":1,"href":"https:\/\/elmetropolitano.com.gt\/es\/wp-json\/wp\/v2\/posts\/92672\/revisions"}],"predecessor-version":[{"id":92674,"href":"https:\/\/elmetropolitano.com.gt\/es\/wp-json\/wp\/v2\/posts\/92672\/revisions\/92674"}],"wp:featuredmedia":[{"embeddable":true,"href":"https:\/\/elmetropolitano.com.gt\/es\/wp-json\/wp\/v2\/media\/92673"}],"wp:attachment":[{"href":"https:\/\/elmetropolitano.com.gt\/es\/wp-json\/wp\/v2\/media?parent=92672"}],"wp:term":[{"taxonomy":"category","embeddable":true,"href":"https:\/\/elmetropolitano.com.gt\/es\/wp-json\/wp\/v2\/categories?post=92672"},{"taxonomy":"post_tag","embeddable":true,"href":"https:\/\/elmetropolitano.com.gt\/es\/wp-json\/wp\/v2\/tags?post=92672"}],"curies":[{"name":"wp","href":"https:\/\/api.w.org\/{rel}","templated":true}]}}