{"id":92955,"date":"2024-11-27T10:24:31","date_gmt":"2024-11-27T16:24:31","guid":{"rendered":"https:\/\/elmetropolitano.com.gt\/es\/?p=92955"},"modified":"2024-11-27T10:24:31","modified_gmt":"2024-11-27T16:24:31","slug":"tiktok-anuncia-el-bloqueo-de-los-filtros-de-belleza-para-adolescentes","status":"publish","type":"post","link":"https:\/\/elmetropolitano.com.gt\/es\/tiktok-anuncia-el-bloqueo-de-los-filtros-de-belleza-para-adolescentes\/","title":{"rendered":"TikTok anuncia el bloqueo de los filtros de belleza para adolescentes"},"content":{"rendered":"\n<p>La plataforma de videos avanza en estrategias para evitar preocupaciones por la salud mental de sus usuarios.<\/p>\n\n\n\n<p>Con el objetivo de evitar problemas psicol\u00f3gicos en sus usuarios menores de 18 a\u00f1os, la plataforma TikTok anunci\u00f3 limitaciones en su uso. Entre las modificaciones que se aplicar\u00edan dentro de algunas semanas estar\u00edan el impedimento para aplicar filtros de belleza y el bloqueo de usuarios de menos de 13 a\u00f1os.<\/p><div class=\"elmet-contenido\" id=\"elmet-1327712008\"><div class=\"elmet-adlabel\">Anuncios<\/div><div style=\"margin-top: 20px;margin-right: 20px;margin-bottom: 20px;margin-left: 20px;\" id=\"elmet-3841936353\"><a href=\"https:\/\/www.facebook.com\/arrincuanantigua\/\" aria-label=\"cintillo-arrin-cual\"><img loading=\"lazy\" decoding=\"async\" src=\"https:\/\/elmetropolitano.com.gt\/es\/wp-content\/uploads\/2021\/11\/cintillo-arrin-cual-1.jpg\" alt=\"\"  srcset=\"https:\/\/elmetropolitano.com.gt\/es\/wp-content\/uploads\/2021\/11\/cintillo-arrin-cual-1.jpg 750w, https:\/\/elmetropolitano.com.gt\/es\/wp-content\/uploads\/2021\/11\/cintillo-arrin-cual-1-300x36.jpg 300w, https:\/\/elmetropolitano.com.gt\/es\/wp-content\/uploads\/2021\/11\/cintillo-arrin-cual-1-600x72.jpg 600w\" sizes=\"(max-width: 750px) 100vw, 750px\" width=\"750\" height=\"90\"   \/><\/a><\/div><\/div>\n\n\n\n<p>Estos cambios fueron revelados durante el Foro Europeo de Seguridad, que realiz\u00f3 en su sede de Dubl\u00edn (Irlanda). \u00abMantener a nuestra comunidad segura es nuestra prioridad y, para finales del 2024, habremos invertido casi 2.000 millones de euros (unos 2.107 millones de d\u00f3lares) a nivel mundial en estos esfuerzos solo este a\u00f1o\u00bb, se\u00f1al\u00f3 este martes la plataforma.<\/p>\n\n\n\n<p>Por lo tanto, decidi\u00f3 que los menores de 18 a\u00f1os tengan impedido el acceso a los filtros que modifican el aspecto f\u00edsico m\u00e1s all\u00e1 de lo posible a trav\u00e9s del maquillaje. Por ejemplo, no podr\u00e1n agrandar artificialmente los ojos o los labios, ni cambiar el tono de la piel. Los que se mantendr\u00e1n ser\u00e1n aquellos que hacen c\u00f3micas las im\u00e1genes, como agregados de orejas de conejo o nariz de perro.<\/p>\n\n\n\n<p>Otro de los cambios que impulsa TikTok es el bloqueo de las cuentas de quienes no alcanzan los 13 a\u00f1os, para lo que utilizar\u00e1n tecnolog\u00eda de aprendizaje autom\u00e1tico que ayudar\u00e1 a detectar perfiles que no cumplan con la edad m\u00ednima requerida.<\/p>\n\n\n\n<p>\u00abEsperamos que esto nos d\u00e9 la capacidad de detectar y eliminar m\u00e1s y m\u00e1s r\u00e1pidamente\u00bb, expres\u00f3 Chloe Setter, responsable de pol\u00edtica p\u00fablica de seguridad infantil de TikTok, quien reconoci\u00f3 que estas medidas pueden ser \u00abmolestas para algunos j\u00f3venes\u00bb.<\/p>\n\n\n\n<p>De acuerdo con la plataforma, por mes son eliminadas unos 6 millones de cuentas en todo el mundo por entender que no respetan los requisitos sobre edad m\u00ednima de uso.<\/p>\n\n\n\n<p>Texto y foto: Rt Noticias<\/p>\n\n\n\n<p>#tiktok #filtrodebelleza #metroredes <a href=\"http:\/\/www.elmetropolitano.com.gt\">www.elmetropolitano.com.gt<\/a> <a href=\"http:\/\/www.metroredes.com\">www.metroredes.com<\/a> <a href=\"http:\/\/www.elescuintleco.com\">www.elescuintleco.com<\/a><\/p>\n","protected":false},"excerpt":{"rendered":"<p>La plataforma de videos avanza en estrategias para evitar preocupaciones por la salud mental de sus usuarios. Con el objetivo de evitar problemas psicol\u00f3gicos en sus usuarios menores de 18 a\u00f1os, la plataforma TikTok anunci\u00f3 limitaciones en su uso. Entre las modificaciones que se aplicar\u00edan dentro de algunas semanas estar\u00edan el impedimento para aplicar filtros <a class=\"read-more\" href=\"https:\/\/elmetropolitano.com.gt\/es\/tiktok-anuncia-el-bloqueo-de-los-filtros-de-belleza-para-adolescentes\/\">Leer m\u00e1s<\/a><\/p>\n","protected":false},"author":1,"featured_media":92956,"comment_status":"open","ping_status":"closed","sticky":false,"template":"","format":"standard","meta":{"footnotes":""},"categories":[14],"tags":[15],"class_list":["post-92955","post","type-post","status-publish","format-standard","has-post-thumbnail","hentry","category-internacionales","tag-internacionales"],"_links":{"self":[{"href":"https:\/\/elmetropolitano.com.gt\/es\/wp-json\/wp\/v2\/posts\/92955","targetHints":{"allow":["GET"]}}],"collection":[{"href":"https:\/\/elmetropolitano.com.gt\/es\/wp-json\/wp\/v2\/posts"}],"about":[{"href":"https:\/\/elmetropolitano.com.gt\/es\/wp-json\/wp\/v2\/types\/post"}],"author":[{"embeddable":true,"href":"https:\/\/elmetropolitano.com.gt\/es\/wp-json\/wp\/v2\/users\/1"}],"replies":[{"embeddable":true,"href":"https:\/\/elmetropolitano.com.gt\/es\/wp-json\/wp\/v2\/comments?post=92955"}],"version-history":[{"count":1,"href":"https:\/\/elmetropolitano.com.gt\/es\/wp-json\/wp\/v2\/posts\/92955\/revisions"}],"predecessor-version":[{"id":92957,"href":"https:\/\/elmetropolitano.com.gt\/es\/wp-json\/wp\/v2\/posts\/92955\/revisions\/92957"}],"wp:featuredmedia":[{"embeddable":true,"href":"https:\/\/elmetropolitano.com.gt\/es\/wp-json\/wp\/v2\/media\/92956"}],"wp:attachment":[{"href":"https:\/\/elmetropolitano.com.gt\/es\/wp-json\/wp\/v2\/media?parent=92955"}],"wp:term":[{"taxonomy":"category","embeddable":true,"href":"https:\/\/elmetropolitano.com.gt\/es\/wp-json\/wp\/v2\/categories?post=92955"},{"taxonomy":"post_tag","embeddable":true,"href":"https:\/\/elmetropolitano.com.gt\/es\/wp-json\/wp\/v2\/tags?post=92955"}],"curies":[{"name":"wp","href":"https:\/\/api.w.org\/{rel}","templated":true}]}}