{"id":93007,"date":"2024-11-28T09:17:51","date_gmt":"2024-11-28T15:17:51","guid":{"rendered":"https:\/\/elmetropolitano.com.gt\/es\/?p=93007"},"modified":"2024-11-28T09:17:51","modified_gmt":"2024-11-28T15:17:51","slug":"capturado-cuando-llevaba-cadaver-envuelto-en-sabanas-en-la-zona-18","status":"publish","type":"post","link":"https:\/\/elmetropolitano.com.gt\/es\/capturado-cuando-llevaba-cadaver-envuelto-en-sabanas-en-la-zona-18\/","title":{"rendered":"Capturado cuando llevaba cad\u00e1ver envuelto en s\u00e1banas en la Zona 18"},"content":{"rendered":"\n<p>Carlos Garc\u00eda Jes\u00fas de 53 a\u00f1os, fue capturado por agentes de la Polic\u00eda Nacional Civil PNC de la comisar\u00eda 12 que lo sorprendieron cuando llevaba un cad\u00e1ver envuelto en s\u00e1banas, en el sector 1, La Independencia, colonia El Para\u00edso II, zona 18.<\/p>\n\n\n\n<p>Los <a><\/a>agentes observaron al detenido cuando jalaba un bulto que result\u00f3 ser el cad\u00e1ver de un hombre y una escoba con la cual se presume pretend\u00eda limpiar las evidencias.<\/p><div class=\"elmet-contenido\" id=\"elmet-377926969\"><div class=\"elmet-adlabel\">Anuncios<\/div><div style=\"margin-top: 20px;margin-right: 20px;margin-bottom: 20px;margin-left: 20px;\" id=\"elmet-287910895\"><a href=\"https:\/\/www.facebook.com\/arrincuanantigua\/\" aria-label=\"cintillo-arrin-cual\"><img loading=\"lazy\" decoding=\"async\" src=\"https:\/\/elmetropolitano.com.gt\/es\/wp-content\/uploads\/2021\/11\/cintillo-arrin-cual-1.jpg\" alt=\"\"  srcset=\"https:\/\/elmetropolitano.com.gt\/es\/wp-content\/uploads\/2021\/11\/cintillo-arrin-cual-1.jpg 750w, https:\/\/elmetropolitano.com.gt\/es\/wp-content\/uploads\/2021\/11\/cintillo-arrin-cual-1-300x36.jpg 300w, https:\/\/elmetropolitano.com.gt\/es\/wp-content\/uploads\/2021\/11\/cintillo-arrin-cual-1-600x72.jpg 600w\" sizes=\"(max-width: 750px) 100vw, 750px\" width=\"750\" height=\"90\"   \/><\/a><\/div><\/div>\n\n\n\n<p>El detenido tiene ocho antecedentes desde el a\u00f1o 1,996 al 2,020 por posesi\u00f3n para el consumo, tenencia y consumo de droga, falta contra intereses general r\u00e9gimen poblaci\u00f3n, infracci\u00f3n de toque de queda, esc\u00e1ndalo y ebriedad, tenencia de marihuana y portaci\u00f3n ilegal de arma blanca.<\/p>\n\n\n\n<p>Ahora se sigue con la investigaci\u00f3n para establecer los hechos de este caso inform\u00f3 la PNC en sus redes digitales<\/p>\n\n\n\n<p><a href=\"https:\/\/www.facebook.com\/hashtag\/zona18?__eep__=6&amp;__cft__[0]=AZUvF43cwIG8THtQrhQBauyVXy4-gGHQdgU6OB-6bDB5sWe-7XgehA-UK9RUFKTt-Q4OxW3kI-nFLH7K9kL2k5RxDH549oUXwTiHf64IomYtfCMJB4ELTZAF87baNN7735xsQA8Q50vGkCiYz0W2m6pfSfH9H-OFJ-UkkAYOWxQ4c8xEK9cZxd5lKt9IQ2q82n4&amp;__tn__=*NK-R\">#Zona18<\/a><a href=\"https:\/\/www.facebook.com\/hashtag\/pncdeguatemala?__eep__=6&amp;__cft__[0]=AZUvF43cwIG8THtQrhQBauyVXy4-gGHQdgU6OB-6bDB5sWe-7XgehA-UK9RUFKTt-Q4OxW3kI-nFLH7K9kL2k5RxDH549oUXwTiHf64IomYtfCMJB4ELTZAF87baNN7735xsQA8Q50vGkCiYz0W2m6pfSfH9H-OFJ-UkkAYOWxQ4c8xEK9cZxd5lKt9IQ2q82n4&amp;__tn__=*NK-R\">#PNCdeGuatemala<\/a><a href=\"https:\/\/www.facebook.com\/hashtag\/laseguridadeshoy?__eep__=6&amp;__cft__[0]=AZUvF43cwIG8THtQrhQBauyVXy4-gGHQdgU6OB-6bDB5sWe-7XgehA-UK9RUFKTt-Q4OxW3kI-nFLH7K9kL2k5RxDH549oUXwTiHf64IomYtfCMJB4ELTZAF87baNN7735xsQA8Q50vGkCiYz0W2m6pfSfH9H-OFJ-UkkAYOWxQ4c8xEK9cZxd5lKt9IQ2q82n4&amp;__tn__=*NK-R\">#LaSeguridadEsHoy<\/a><a href=\"https:\/\/www.facebook.com\/hashtag\/metroredes?__eep__=6&amp;__cft__[0]=AZUvF43cwIG8THtQrhQBauyVXy4-gGHQdgU6OB-6bDB5sWe-7XgehA-UK9RUFKTt-Q4OxW3kI-nFLH7K9kL2k5RxDH549oUXwTiHf64IomYtfCMJB4ELTZAF87baNN7735xsQA8Q50vGkCiYz0W2m6pfSfH9H-OFJ-UkkAYOWxQ4c8xEK9cZxd5lKt9IQ2q82n4&amp;__tn__=*NK-R\">#metroredes<\/a><\/p>\n\n\n\n<figure class=\"wp-block-gallery has-nested-images columns-default is-cropped wp-block-gallery-1 is-layout-flex wp-block-gallery-is-layout-flex\">\n<figure class=\"wp-block-image size-large\"><img loading=\"lazy\" decoding=\"async\" width=\"1024\" height=\"895\" data-id=\"93009\" src=\"https:\/\/elmetropolitano.com.gt\/es\/wp-content\/uploads\/2024\/11\/468769512_1086093053516777_3021724882143512688_n-1-1024x895.jpg\" alt=\"\" class=\"wp-image-93009\" srcset=\"https:\/\/elmetropolitano.com.gt\/es\/wp-content\/uploads\/2024\/11\/468769512_1086093053516777_3021724882143512688_n-1-1024x895.jpg 1024w, https:\/\/elmetropolitano.com.gt\/es\/wp-content\/uploads\/2024\/11\/468769512_1086093053516777_3021724882143512688_n-1-300x262.jpg 300w, https:\/\/elmetropolitano.com.gt\/es\/wp-content\/uploads\/2024\/11\/468769512_1086093053516777_3021724882143512688_n-1-768x671.jpg 768w, https:\/\/elmetropolitano.com.gt\/es\/wp-content\/uploads\/2024\/11\/468769512_1086093053516777_3021724882143512688_n-1.jpg 1220w\" sizes=\"auto, (max-width: 1024px) 100vw, 1024px\" \/><\/figure>\n<\/figure>\n","protected":false},"excerpt":{"rendered":"<p>Carlos Garc\u00eda Jes\u00fas de 53 a\u00f1os, fue capturado por agentes de la Polic\u00eda Nacional Civil PNC de la comisar\u00eda 12 que lo sorprendieron cuando llevaba un cad\u00e1ver envuelto en s\u00e1banas, en el sector 1, La Independencia, colonia El Para\u00edso II, zona 18. Los agentes observaron al detenido cuando jalaba un bulto que result\u00f3 ser el <a class=\"read-more\" href=\"https:\/\/elmetropolitano.com.gt\/es\/capturado-cuando-llevaba-cadaver-envuelto-en-sabanas-en-la-zona-18\/\">Leer m\u00e1s<\/a><\/p>\n","protected":false},"author":1,"featured_media":93008,"comment_status":"open","ping_status":"closed","sticky":false,"template":"","format":"standard","meta":{"footnotes":""},"categories":[89],"tags":[88],"class_list":["post-93007","post","type-post","status-publish","format-standard","has-post-thumbnail","hentry","category-metrosucesos","tag-metrosucesos"],"_links":{"self":[{"href":"https:\/\/elmetropolitano.com.gt\/es\/wp-json\/wp\/v2\/posts\/93007","targetHints":{"allow":["GET"]}}],"collection":[{"href":"https:\/\/elmetropolitano.com.gt\/es\/wp-json\/wp\/v2\/posts"}],"about":[{"href":"https:\/\/elmetropolitano.com.gt\/es\/wp-json\/wp\/v2\/types\/post"}],"author":[{"embeddable":true,"href":"https:\/\/elmetropolitano.com.gt\/es\/wp-json\/wp\/v2\/users\/1"}],"replies":[{"embeddable":true,"href":"https:\/\/elmetropolitano.com.gt\/es\/wp-json\/wp\/v2\/comments?post=93007"}],"version-history":[{"count":1,"href":"https:\/\/elmetropolitano.com.gt\/es\/wp-json\/wp\/v2\/posts\/93007\/revisions"}],"predecessor-version":[{"id":93010,"href":"https:\/\/elmetropolitano.com.gt\/es\/wp-json\/wp\/v2\/posts\/93007\/revisions\/93010"}],"wp:featuredmedia":[{"embeddable":true,"href":"https:\/\/elmetropolitano.com.gt\/es\/wp-json\/wp\/v2\/media\/93008"}],"wp:attachment":[{"href":"https:\/\/elmetropolitano.com.gt\/es\/wp-json\/wp\/v2\/media?parent=93007"}],"wp:term":[{"taxonomy":"category","embeddable":true,"href":"https:\/\/elmetropolitano.com.gt\/es\/wp-json\/wp\/v2\/categories?post=93007"},{"taxonomy":"post_tag","embeddable":true,"href":"https:\/\/elmetropolitano.com.gt\/es\/wp-json\/wp\/v2\/tags?post=93007"}],"curies":[{"name":"wp","href":"https:\/\/api.w.org\/{rel}","templated":true}]}}