{"id":93078,"date":"2024-11-29T11:50:02","date_gmt":"2024-11-29T17:50:02","guid":{"rendered":"https:\/\/elmetropolitano.com.gt\/es\/?p=93078"},"modified":"2024-11-29T11:50:03","modified_gmt":"2024-11-29T17:50:03","slug":"el-civ-fortalece-la-gestion-de-proyectos-de-infraestructura-vial-municipal","status":"publish","type":"post","link":"https:\/\/elmetropolitano.com.gt\/es\/el-civ-fortalece-la-gestion-de-proyectos-de-infraestructura-vial-municipal\/","title":{"rendered":"El CIV fortalece la gesti\u00f3n de proyectos de infraestructura vial municipal"},"content":{"rendered":"\n<p>El Ministerio de Comunicaciones, Infraestructura y Vivienda (CIV) imparti\u00f3 en Alta Verapaz el taller \u201cPresentaci\u00f3n de Proyectos Nuevos\u201d, con el fin de orientar a los alcaldes de ese departamento sobre la gesti\u00f3n de proyecto de infraestructura vial y terciaria y de esa manera fortalecer la gesti\u00f3n municipal en esta importante tarea.<\/p>\n\n\n\n<p>As\u00ed lo inform\u00f3 el CIV en un comunicado, en el cual a\u00f1adi\u00f3 que para llevar a cabo el taller se cont\u00f3 con la participaci\u00f3n de los alcaldes, personal de la Gobernaci\u00f3n Departamental y representantes de comunidades.<\/p><div class=\"elmet-contenido\" id=\"elmet-312118288\"><div class=\"elmet-adlabel\">Anuncios<\/div><div style=\"margin-top: 20px;margin-right: 20px;margin-bottom: 20px;margin-left: 20px;\" id=\"elmet-3335168311\"><a href=\"https:\/\/www.facebook.com\/arrincuanantigua\/\" aria-label=\"cintillo-arrin-cual\"><img loading=\"lazy\" decoding=\"async\" src=\"https:\/\/elmetropolitano.com.gt\/es\/wp-content\/uploads\/2021\/11\/cintillo-arrin-cual-1.jpg\" alt=\"\"  srcset=\"https:\/\/elmetropolitano.com.gt\/es\/wp-content\/uploads\/2021\/11\/cintillo-arrin-cual-1.jpg 750w, https:\/\/elmetropolitano.com.gt\/es\/wp-content\/uploads\/2021\/11\/cintillo-arrin-cual-1-300x36.jpg 300w, https:\/\/elmetropolitano.com.gt\/es\/wp-content\/uploads\/2021\/11\/cintillo-arrin-cual-1-600x72.jpg 600w\" sizes=\"(max-width: 750px) 100vw, 750px\" width=\"750\" height=\"90\"   \/><\/a><\/div><\/div>\n\n\n\n<p>Asimismo, detall\u00f3 que el taller se enfoc\u00f3 en capacitar a las municipalidades sobre los pasos necesarios para presentar solicitudes viables de construcci\u00f3n de carreteras.<\/p>\n\n\n\n<p>Gesti\u00f3n t\u00e9cnica y transparente<\/p>\n\n\n\n<p>Tambi\u00e9n se tomaron en cuenta los criterios t\u00e9cnicos y administrativos que deben cumplir las propuestas, considerando dos escenarios principales:<\/p>\n\n\n\n<p>Proyectos de v\u00eda terciaria sin estudios previos<\/p>\n\n\n\n<p>Presentaci\u00f3n de una solicitud viable a la Direcci\u00f3n General de Caminos (DGC)<\/p>\n\n\n\n<p>Elaboraci\u00f3n del perfil del proyecto siguiendo los lineamientos del Sistema Nacional de Inversi\u00f3n P\u00fablica (SNIP)<\/p>\n\n\n\n<p>Contrataci\u00f3n de los estudios de ingenier\u00eda requeridos para la carretera<\/p>\n\n\n\n<p>Publicaci\u00f3n de evento de concurso para contrataci\u00f3n y ejecuci\u00f3n de obra<\/p>\n\n\n\n<p>Proyectos con estudios previos<\/p>\n\n\n\n<p>Se deben entregar los estudios existentes a la DGC<\/p>\n\n\n\n<p>El Departamento T\u00e9cnico de Ingenier\u00eda (DTI) evaluar\u00e1 y aprobar\u00e1 los documentos<\/p>\n\n\n\n<p>Una vez aprobados, se contratan los trabajos correspondientes y se inicia la ejecuci\u00f3n del proyecto.<\/p>\n\n\n\n<p>Sin embargo, toda la gesti\u00f3n debe tomar en cuenta que se deben respetar los procesos de gesti\u00f3n de obra p\u00fablica, de acuerdo con la Ley de Contrataciones del Estado.<\/p>\n\n\n\n<p>Adem\u00e1s, el taller enfatiz\u00f3 la importancia de trabajar con transparencia y bajo un enfoque de puertas abiertas, escuchando las necesidades de las comunidades.<\/p>\n\n\n\n<p>Durante la reuni\u00f3n, el viceministro de Infraestructura, Rolando Cardona, destac\u00f3 el papel estrat\u00e9gico del Viceministerio de Infraestructura en el desarrollo nacional:<\/p>\n\n\n\n<p>Es fundamental fortalecer el Viceministerio de Infraestructura porque de aqu\u00ed parten los proyectos que el pa\u00eds necesita.<\/p>\n\n\n\n<p>Por su parte, la Gobernadora de Alta Verapaz, Dilia Margarita C\u00f3 Coy, reconoci\u00f3 la relevancia de estas iniciativas, por lo que destac\u00f3:<\/p>\n\n\n\n<p>Debemos entender que estos son procedimientos; nuestro mayor desaf\u00edo es recuperar la institucionalidad.<\/p>\n\n\n\n<p>Para concluir, el CIV se\u00f1al\u00f3 que estas acciones forman parte del Plan de Gobierno y est\u00e1n enmarcadas en el eje de Infraestructura Econ\u00f3mica para el Buen Vivir. Por ello, se considera esencial para fomentar el crecimiento econ\u00f3mico, generar empleo, aumentar la competitividad y mejorar la calidad de vida de la poblaci\u00f3n.<\/p>\n\n\n\n<p>#obras #civ #alcaldes #metroredes <a href=\"http:\/\/www.elmetropolitano.com.gt\">www.elmetropolitano.com.gt<\/a>&nbsp; <a href=\"http:\/\/www.metroredes.com\">www.metroredes.com<\/a> <a href=\"http:\/\/www.elescuintleco.com\">www.elescuintleco.com<\/a><\/p>\n","protected":false},"excerpt":{"rendered":"<p>El Ministerio de Comunicaciones, Infraestructura y Vivienda (CIV) imparti\u00f3 en Alta Verapaz el taller \u201cPresentaci\u00f3n de Proyectos Nuevos\u201d, con el fin de orientar a los alcaldes de ese departamento sobre la gesti\u00f3n de proyecto de infraestructura vial y terciaria y de esa manera fortalecer la gesti\u00f3n municipal en esta importante tarea. As\u00ed lo inform\u00f3 el <a class=\"read-more\" href=\"https:\/\/elmetropolitano.com.gt\/es\/el-civ-fortalece-la-gestion-de-proyectos-de-infraestructura-vial-municipal\/\">Leer m\u00e1s<\/a><\/p>\n","protected":false},"author":1,"featured_media":93079,"comment_status":"open","ping_status":"closed","sticky":false,"template":"","format":"standard","meta":{"footnotes":""},"categories":[4],"tags":[13],"class_list":["post-93078","post","type-post","status-publish","format-standard","has-post-thumbnail","hentry","category-departamentales","tag-departamentales"],"_links":{"self":[{"href":"https:\/\/elmetropolitano.com.gt\/es\/wp-json\/wp\/v2\/posts\/93078","targetHints":{"allow":["GET"]}}],"collection":[{"href":"https:\/\/elmetropolitano.com.gt\/es\/wp-json\/wp\/v2\/posts"}],"about":[{"href":"https:\/\/elmetropolitano.com.gt\/es\/wp-json\/wp\/v2\/types\/post"}],"author":[{"embeddable":true,"href":"https:\/\/elmetropolitano.com.gt\/es\/wp-json\/wp\/v2\/users\/1"}],"replies":[{"embeddable":true,"href":"https:\/\/elmetropolitano.com.gt\/es\/wp-json\/wp\/v2\/comments?post=93078"}],"version-history":[{"count":1,"href":"https:\/\/elmetropolitano.com.gt\/es\/wp-json\/wp\/v2\/posts\/93078\/revisions"}],"predecessor-version":[{"id":93080,"href":"https:\/\/elmetropolitano.com.gt\/es\/wp-json\/wp\/v2\/posts\/93078\/revisions\/93080"}],"wp:featuredmedia":[{"embeddable":true,"href":"https:\/\/elmetropolitano.com.gt\/es\/wp-json\/wp\/v2\/media\/93079"}],"wp:attachment":[{"href":"https:\/\/elmetropolitano.com.gt\/es\/wp-json\/wp\/v2\/media?parent=93078"}],"wp:term":[{"taxonomy":"category","embeddable":true,"href":"https:\/\/elmetropolitano.com.gt\/es\/wp-json\/wp\/v2\/categories?post=93078"},{"taxonomy":"post_tag","embeddable":true,"href":"https:\/\/elmetropolitano.com.gt\/es\/wp-json\/wp\/v2\/tags?post=93078"}],"curies":[{"name":"wp","href":"https:\/\/api.w.org\/{rel}","templated":true}]}}