{"id":93334,"date":"2024-12-04T09:05:14","date_gmt":"2024-12-04T15:05:14","guid":{"rendered":"https:\/\/elmetropolitano.com.gt\/es\/?p=93334"},"modified":"2024-12-04T09:05:14","modified_gmt":"2024-12-04T15:05:14","slug":"inauguran-comandancia-de-la-fuerza-de-tierra-en-quetzaltenango","status":"publish","type":"post","link":"https:\/\/elmetropolitano.com.gt\/es\/inauguran-comandancia-de-la-fuerza-de-tierra-en-quetzaltenango\/","title":{"rendered":"Inauguran Comandancia de la Fuerza de Tierra en Quetzaltenango"},"content":{"rendered":"\n<p>Hoy se llev\u00f3 a cabo la inauguraci\u00f3n de la nueva Comandancia de la Fuerza de Tierra en el municipio de Quetzaltenango, departamento de Quetzaltenango. La ceremonia estuvo encabezada por el general de divisi\u00f3n Henry David Saenz Ramos, ministro de la Defensa Nacional, acompa\u00f1ado de altos mandos militares, incluyendo al jefe de Estado Mayor de la Defensa Nacional, viceministros, comandantes, jefes y directores.<\/p>\n\n\n\n<p>Este <a><\/a>acto marca un hito en la organizaci\u00f3n del Ej\u00e9rcito de Guatemala, con la creaci\u00f3n de una unidad que centralizar\u00e1 el control y la coordinaci\u00f3n de las fuerzas terrestres del pa\u00eds.<\/p><div class=\"elmet-contenido\" id=\"elmet-1098880329\"><div class=\"elmet-adlabel\">Anuncios<\/div><div style=\"margin-top: 20px;margin-right: 20px;margin-bottom: 20px;margin-left: 20px;\" id=\"elmet-3566532697\"><a href=\"https:\/\/www.facebook.com\/arrincuanantigua\/\" aria-label=\"cintillo-arrin-cual\"><img loading=\"lazy\" decoding=\"async\" src=\"https:\/\/elmetropolitano.com.gt\/es\/wp-content\/uploads\/2021\/11\/cintillo-arrin-cual-1.jpg\" alt=\"\"  srcset=\"https:\/\/elmetropolitano.com.gt\/es\/wp-content\/uploads\/2021\/11\/cintillo-arrin-cual-1.jpg 750w, https:\/\/elmetropolitano.com.gt\/es\/wp-content\/uploads\/2021\/11\/cintillo-arrin-cual-1-300x36.jpg 300w, https:\/\/elmetropolitano.com.gt\/es\/wp-content\/uploads\/2021\/11\/cintillo-arrin-cual-1-600x72.jpg 600w\" sizes=\"(max-width: 750px) 100vw, 750px\" width=\"750\" height=\"90\"   \/><\/a><\/div><\/div>\n\n\n\n<p>La Comandancia de la Fuerza de Tierra fue establecida mediante el Acuerdo Gubernativo 134-2024, emitido el 2 de septiembre de 2024. Su creaci\u00f3n responde a la necesidad de fortalecer el comando y la supervisi\u00f3n de las fuerzas armadas en el \u00e1mbito terrestre.<\/p>\n\n\n\n<p>Esta unidad tendr\u00e1 bajo su control operacional a varias brigadas del Ej\u00e9rcito de Guatemala, entre las que destacan:<\/p>\n\n\n\n<p>-Primera Brigada de Infanter\u00eda<\/p>\n\n\n\n<p>General Luis Garc\u00eda Le\u00f3n<\/p>\n\n\n\n<p>-Segunda Brigada de Infanter\u00eda Capit\u00e1n General Rafael Carrera<\/p>\n\n\n\n<p>-Brigada de Operaciones para Monta\u00f1a General Jos\u00e9 Mar\u00eda Reina Barrios<\/p>\n\n\n\n<p>-Brigada Especial de Operaciones de Selva Teniente Coronel V\u00edctor Augusto Quilo Ayuso<\/p>\n\n\n\n<p>Estas brigadas, ubicadas en distintas regiones del pa\u00eds, estar\u00e1n bajo una supervisi\u00f3n centralizada que optimizar\u00e1 su capacidad operativa y de respuesta.<\/p>\n\n\n\n<p>Objetivos estrat\u00e9gicos<\/p>\n\n\n\n<p>de la comandancia<\/p>\n\n\n\n<p>La Comandancia de la Fuerza de Tierra tiene como misi\u00f3n principal salvaguardar la independencia, soberan\u00eda y honor de Guatemala, as\u00ed como mantener la integridad territorial del pa\u00eds. Adem\u00e1s, se encargar\u00e1 de garantizar la paz y la seguridad tanto en el \u00e1mbito interior como exterior, con presencia en espacios terrestres y el ciberespacio.<\/p>\n\n\n\n<p>Otra funci\u00f3n clave ser\u00e1 la colaboraci\u00f3n en situaciones de emergencia, reforzando las capacidades del Ej\u00e9rcito para responder a desastres naturales u otras contingencias que afecten a la poblaci\u00f3n.<\/p>\n\n\n\n<p>Con la inauguraci\u00f3n de esta comandancia, el Ej\u00e9rcito de Guatemala busca adaptarse a los desaf\u00edos contempor\u00e1neos y mejorar su capacidad para proteger al pa\u00eds. La sede en Quetzaltenango refuerza la presencia militar en el occidente del pa\u00eds, adem\u00e1s, simboliza un esfuerzo por modernizar y fortalecer las estructuras militares para garantizar la seguridad nacional en todos los niveles.<\/p>\n\n\n\n<p>Texto: Lincy Rodr\u00edguez<\/p>\n\n\n\n<p><a href=\"https:\/\/www.facebook.com\/hashtag\/metroredes?__eep__=6&amp;__cft__[0]=AZXZ4BW_DSvw5Bnhn13jTx7QGT6zO5V7vPjPgh0I2J6GimLF6B2bJlO3Cd2duecK4EOMqBcLhC6e_cvPcBi1AzdBBnKMTnjWJSD4FhoJNQ9HVYCwLta2DR3PB9u3kwB4Okg_VbffAx8EP76DmS3ULs2aIZQqQQ8qGstHcOusctktI1I2dlvjU0Ev_r66YcEpm5k&amp;__tn__=*NK-R\">#metroredes<\/a><a href=\"https:\/\/www.facebook.com\/hashtag\/ejercitogt?__eep__=6&amp;__cft__[0]=AZXZ4BW_DSvw5Bnhn13jTx7QGT6zO5V7vPjPgh0I2J6GimLF6B2bJlO3Cd2duecK4EOMqBcLhC6e_cvPcBi1AzdBBnKMTnjWJSD4FhoJNQ9HVYCwLta2DR3PB9u3kwB4Okg_VbffAx8EP76DmS3ULs2aIZQqQQ8qGstHcOusctktI1I2dlvjU0Ev_r66YcEpm5k&amp;__tn__=*NK-R\">#EjercitoGT<\/a><a href=\"https:\/\/www.facebook.com\/hashtag\/xela?__eep__=6&amp;__cft__[0]=AZXZ4BW_DSvw5Bnhn13jTx7QGT6zO5V7vPjPgh0I2J6GimLF6B2bJlO3Cd2duecK4EOMqBcLhC6e_cvPcBi1AzdBBnKMTnjWJSD4FhoJNQ9HVYCwLta2DR3PB9u3kwB4Okg_VbffAx8EP76DmS3ULs2aIZQqQQ8qGstHcOusctktI1I2dlvjU0Ev_r66YcEpm5k&amp;__tn__=*NK-R\">#Xela<\/a><\/p>\n\n\n\n<figure class=\"wp-block-gallery has-nested-images columns-default is-cropped wp-block-gallery-1 is-layout-flex wp-block-gallery-is-layout-flex\">\n<figure class=\"wp-block-image size-large\"><img loading=\"lazy\" decoding=\"async\" width=\"552\" height=\"414\" data-id=\"93338\" src=\"https:\/\/elmetropolitano.com.gt\/es\/wp-content\/uploads\/2024\/12\/465377596_1090311629761586_2921223985523966328_n.jpg\" alt=\"\" class=\"wp-image-93338\" srcset=\"https:\/\/elmetropolitano.com.gt\/es\/wp-content\/uploads\/2024\/12\/465377596_1090311629761586_2921223985523966328_n.jpg 552w, https:\/\/elmetropolitano.com.gt\/es\/wp-content\/uploads\/2024\/12\/465377596_1090311629761586_2921223985523966328_n-300x225.jpg 300w\" sizes=\"auto, (max-width: 552px) 100vw, 552px\" \/><\/figure>\n\n\n\n<figure class=\"wp-block-image size-large\"><img loading=\"lazy\" decoding=\"async\" width=\"552\" height=\"414\" data-id=\"93337\" src=\"https:\/\/elmetropolitano.com.gt\/es\/wp-content\/uploads\/2024\/12\/468313101_1090311573094925_6141334680949492944_n-1.jpg\" alt=\"\" class=\"wp-image-93337\" srcset=\"https:\/\/elmetropolitano.com.gt\/es\/wp-content\/uploads\/2024\/12\/468313101_1090311573094925_6141334680949492944_n-1.jpg 552w, https:\/\/elmetropolitano.com.gt\/es\/wp-content\/uploads\/2024\/12\/468313101_1090311573094925_6141334680949492944_n-1-300x225.jpg 300w\" sizes=\"auto, (max-width: 552px) 100vw, 552px\" \/><\/figure>\n\n\n\n<figure class=\"wp-block-image size-large\"><img loading=\"lazy\" decoding=\"async\" width=\"552\" height=\"414\" data-id=\"93336\" src=\"https:\/\/elmetropolitano.com.gt\/es\/wp-content\/uploads\/2024\/12\/468359686_1090311643094918_221205897509148914_n.jpg\" alt=\"\" class=\"wp-image-93336\" srcset=\"https:\/\/elmetropolitano.com.gt\/es\/wp-content\/uploads\/2024\/12\/468359686_1090311643094918_221205897509148914_n.jpg 552w, https:\/\/elmetropolitano.com.gt\/es\/wp-content\/uploads\/2024\/12\/468359686_1090311643094918_221205897509148914_n-300x225.jpg 300w\" sizes=\"auto, (max-width: 552px) 100vw, 552px\" \/><\/figure>\n\n\n\n<figure class=\"wp-block-image size-large\"><img loading=\"lazy\" decoding=\"async\" width=\"552\" height=\"414\" data-id=\"93339\" src=\"https:\/\/elmetropolitano.com.gt\/es\/wp-content\/uploads\/2024\/12\/468817302_1090311576428258_901124417865608728_n.jpg\" alt=\"\" class=\"wp-image-93339\" srcset=\"https:\/\/elmetropolitano.com.gt\/es\/wp-content\/uploads\/2024\/12\/468817302_1090311576428258_901124417865608728_n.jpg 552w, https:\/\/elmetropolitano.com.gt\/es\/wp-content\/uploads\/2024\/12\/468817302_1090311576428258_901124417865608728_n-300x225.jpg 300w\" sizes=\"auto, (max-width: 552px) 100vw, 552px\" \/><\/figure>\n<\/figure>\n","protected":false},"excerpt":{"rendered":"<p>Hoy se llev\u00f3 a cabo la inauguraci\u00f3n de la nueva Comandancia de la Fuerza de Tierra en el municipio de Quetzaltenango, departamento de Quetzaltenango. La ceremonia estuvo encabezada por el general de divisi\u00f3n Henry David Saenz Ramos, ministro de la Defensa Nacional, acompa\u00f1ado de altos mandos militares, incluyendo al jefe de Estado Mayor de la <a class=\"read-more\" href=\"https:\/\/elmetropolitano.com.gt\/es\/inauguran-comandancia-de-la-fuerza-de-tierra-en-quetzaltenango\/\">Leer m\u00e1s<\/a><\/p>\n","protected":false},"author":1,"featured_media":93335,"comment_status":"open","ping_status":"closed","sticky":false,"template":"","format":"standard","meta":{"footnotes":""},"categories":[4],"tags":[13],"class_list":["post-93334","post","type-post","status-publish","format-standard","has-post-thumbnail","hentry","category-departamentales","tag-departamentales"],"_links":{"self":[{"href":"https:\/\/elmetropolitano.com.gt\/es\/wp-json\/wp\/v2\/posts\/93334","targetHints":{"allow":["GET"]}}],"collection":[{"href":"https:\/\/elmetropolitano.com.gt\/es\/wp-json\/wp\/v2\/posts"}],"about":[{"href":"https:\/\/elmetropolitano.com.gt\/es\/wp-json\/wp\/v2\/types\/post"}],"author":[{"embeddable":true,"href":"https:\/\/elmetropolitano.com.gt\/es\/wp-json\/wp\/v2\/users\/1"}],"replies":[{"embeddable":true,"href":"https:\/\/elmetropolitano.com.gt\/es\/wp-json\/wp\/v2\/comments?post=93334"}],"version-history":[{"count":1,"href":"https:\/\/elmetropolitano.com.gt\/es\/wp-json\/wp\/v2\/posts\/93334\/revisions"}],"predecessor-version":[{"id":93340,"href":"https:\/\/elmetropolitano.com.gt\/es\/wp-json\/wp\/v2\/posts\/93334\/revisions\/93340"}],"wp:featuredmedia":[{"embeddable":true,"href":"https:\/\/elmetropolitano.com.gt\/es\/wp-json\/wp\/v2\/media\/93335"}],"wp:attachment":[{"href":"https:\/\/elmetropolitano.com.gt\/es\/wp-json\/wp\/v2\/media?parent=93334"}],"wp:term":[{"taxonomy":"category","embeddable":true,"href":"https:\/\/elmetropolitano.com.gt\/es\/wp-json\/wp\/v2\/categories?post=93334"},{"taxonomy":"post_tag","embeddable":true,"href":"https:\/\/elmetropolitano.com.gt\/es\/wp-json\/wp\/v2\/tags?post=93334"}],"curies":[{"name":"wp","href":"https:\/\/api.w.org\/{rel}","templated":true}]}}