{"id":93360,"date":"2024-12-04T10:57:21","date_gmt":"2024-12-04T16:57:21","guid":{"rendered":"https:\/\/elmetropolitano.com.gt\/es\/?p=93360"},"modified":"2024-12-04T10:57:21","modified_gmt":"2024-12-04T16:57:21","slug":"hospital-de-chiquimula-inaugura-unidad-de-atencion-integral-para-pacientes-con-its-y-vih","status":"publish","type":"post","link":"https:\/\/elmetropolitano.com.gt\/es\/hospital-de-chiquimula-inaugura-unidad-de-atencion-integral-para-pacientes-con-its-y-vih\/","title":{"rendered":"Hospital de Chiquimula inaugura Unidad de atenci\u00f3n integral para pacientes con ITS y VIH"},"content":{"rendered":"\n<p>El Ministerio de Salud P\u00fablica y Asistencia Social (MSPAS) contin\u00faa avanzando en su misi\u00f3n de garantizar una atenci\u00f3n m\u00e9dica de calidad en la lucha contra las infecciones de transmisi\u00f3n sexual (ITS) y el virus de inmunodeficiencia humana (VIH). Como parte de este esfuerzo se inaugur\u00f3 en el Hospital de Chiquimula la Unidad de Atenci\u00f3n Integral (UAI), un espacio dedicado a proporcionar servicios integrales y confidenciales a los pacientes.<\/p>\n\n\n\n<p>Este proyecto, respaldado por el Consejo de Ministros de Salud de Centroam\u00e9rica y Rep\u00fablica Dominicana (Comisca), busca mejorar la infraestructura hospitalaria y garantizar que los pacientes reciban orientaci\u00f3n, pruebas y diagn\u00f3sticos en un ambiente que respete su privacidad.<\/p><div class=\"elmet-contenido\" id=\"elmet-3054645355\"><div class=\"elmet-adlabel\">Anuncios<\/div><div style=\"margin-top: 20px;margin-right: 20px;margin-bottom: 20px;margin-left: 20px;\" id=\"elmet-3534578823\"><a href=\"https:\/\/www.facebook.com\/arrincuanantigua\/\" aria-label=\"cintillo-arrin-cual\"><img loading=\"lazy\" decoding=\"async\" src=\"https:\/\/elmetropolitano.com.gt\/es\/wp-content\/uploads\/2021\/11\/cintillo-arrin-cual-1.jpg\" alt=\"\"  srcset=\"https:\/\/elmetropolitano.com.gt\/es\/wp-content\/uploads\/2021\/11\/cintillo-arrin-cual-1.jpg 750w, https:\/\/elmetropolitano.com.gt\/es\/wp-content\/uploads\/2021\/11\/cintillo-arrin-cual-1-300x36.jpg 300w, https:\/\/elmetropolitano.com.gt\/es\/wp-content\/uploads\/2021\/11\/cintillo-arrin-cual-1-600x72.jpg 600w\" sizes=\"(max-width: 750px) 100vw, 750px\" width=\"750\" height=\"90\"   \/><\/a><\/div><\/div>\n\n\n\n<p>Una red de apoyo en crecimiento<\/p>\n\n\n\n<p>La inauguraci\u00f3n de esta unidad en Chiquimula se suma a las m\u00e1s de 17 UAI que el MSPAS ha establecido en hospitales a nivel nacional. Estas unidades ofrecen un trato digno y cuidados de calidad a pacientes con ITS y VIH avanzado, reafirmando el compromiso del MSPAS con el bienestar de la poblaci\u00f3n guatemalteca.<\/p>\n\n\n\n<p>La viceministra de Hospitales, Sandra Carballo, destac\u00f3 durante el acto inaugural la importancia de este tipo de iniciativas para mejorar la calidad de vida de los guatemaltecos. Subray\u00f3 que la atenci\u00f3n no solo se centra en el tratamiento m\u00e9dico, sino tambi\u00e9n en el acompa\u00f1amiento psicol\u00f3gico, un elemento crucial para el proceso de recuperaci\u00f3n de los pacientes.<\/p>\n\n\n\n<p>Un enfoque integral y humano<\/p>\n\n\n\n<p>La UAI del Hospital de Chiquimula ha sido dise\u00f1ada para brindar atenci\u00f3n personalizada en un solo lugar, integrando diferentes servicios esenciales. Cuenta con \u00e1reas espec\u00edficas como recepci\u00f3n, sala de espera, farmacia, consultorio de psicolog\u00eda, laboratorio y espacios para procedimientos m\u00e9dicos. Todo el equipo humano y tecnol\u00f3gico ha sido seleccionado y preparado para atender las necesidades f\u00edsicas y emocionales de los pacientes.<\/p>\n\n\n\n<p>El personal de la unidad incluye m\u00e9dicos especializados, enfermeras, psic\u00f3logos, laboratoristas y estad\u00edsticos, quienes trabajan juntos para ofrecer una atenci\u00f3n integral que trasciende lo f\u00edsico y busca impactar positivamente en la vida de los pacientes.<\/p>\n\n\n\n<p>Un s\u00edmbolo de compromiso con la poblaci\u00f3n<\/p>\n\n\n\n<p>La apertura de esta unidad representa un avance significativo para Chiquimula y las comunidades aleda\u00f1as, proporcionando un servicio m\u00e1s accesible y eficiente. Esta iniciativa no solo simboliza el compromiso del MSPAS con la salud de la poblaci\u00f3n, sino que tambi\u00e9n refleja el esfuerzo por construir un sistema de atenci\u00f3n m\u00e9dica inclusivo y humano.<\/p>\n\n\n\n<p>Con proyectos como este, Guatemala avanza hacia una atenci\u00f3n m\u00e9dica m\u00e1s completa y cercana a quienes m\u00e1s lo necesitan.<\/p>\n\n\n\n<p>texto: Lincy Rodr\u00edguez<\/p>\n\n\n\n<p><a href=\"https:\/\/www.facebook.com\/hashtag\/saludparatodos?__eep__=6&amp;__cft__[0]=AZVX2JrXb2YT4bxoInX3p1BcSxNjNjRcD_eiyLNv7rXXJffarwcROrmDTAgPTcgOXime0MxmgI9Tgcc_JR33TCAjdGMLhZRBrIp6wgn3SpYZYCReP0cfMcTrP61z6MkBT6SvFlt5NfvzJZ_JN19LpoBr7uifq_CcQ5wSuB5t2QT0tWnts6YFzdQPdekzGgNyucg&amp;__tn__=*NK-R\">#SaludParaTodos<\/a><a href=\"https:\/\/www.facebook.com\/hashtag\/vih?__eep__=6&amp;__cft__[0]=AZVX2JrXb2YT4bxoInX3p1BcSxNjNjRcD_eiyLNv7rXXJffarwcROrmDTAgPTcgOXime0MxmgI9Tgcc_JR33TCAjdGMLhZRBrIp6wgn3SpYZYCReP0cfMcTrP61z6MkBT6SvFlt5NfvzJZ_JN19LpoBr7uifq_CcQ5wSuB5t2QT0tWnts6YFzdQPdekzGgNyucg&amp;__tn__=*NK-R\">#ViH<\/a><a href=\"https:\/\/www.facebook.com\/hashtag\/chiquinula?__eep__=6&amp;__cft__[0]=AZVX2JrXb2YT4bxoInX3p1BcSxNjNjRcD_eiyLNv7rXXJffarwcROrmDTAgPTcgOXime0MxmgI9Tgcc_JR33TCAjdGMLhZRBrIp6wgn3SpYZYCReP0cfMcTrP61z6MkBT6SvFlt5NfvzJZ_JN19LpoBr7uifq_CcQ5wSuB5t2QT0tWnts6YFzdQPdekzGgNyucg&amp;__tn__=*NK-R\">#Chiquinula<\/a><\/p>\n\n\n\n<figure class=\"wp-block-gallery has-nested-images columns-default is-cropped wp-block-gallery-1 is-layout-flex wp-block-gallery-is-layout-flex\">\n<figure class=\"wp-block-image size-large\"><img loading=\"lazy\" decoding=\"async\" width=\"1024\" height=\"770\" data-id=\"93362\" src=\"https:\/\/elmetropolitano.com.gt\/es\/wp-content\/uploads\/2024\/12\/468331026_1090778829714866_8937713776303049637_n-1-1024x770.jpg\" alt=\"\" class=\"wp-image-93362\" srcset=\"https:\/\/elmetropolitano.com.gt\/es\/wp-content\/uploads\/2024\/12\/468331026_1090778829714866_8937713776303049637_n-1-1024x770.jpg 1024w, https:\/\/elmetropolitano.com.gt\/es\/wp-content\/uploads\/2024\/12\/468331026_1090778829714866_8937713776303049637_n-1-300x226.jpg 300w, https:\/\/elmetropolitano.com.gt\/es\/wp-content\/uploads\/2024\/12\/468331026_1090778829714866_8937713776303049637_n-1-768x577.jpg 768w, https:\/\/elmetropolitano.com.gt\/es\/wp-content\/uploads\/2024\/12\/468331026_1090778829714866_8937713776303049637_n-1.jpg 1096w\" sizes=\"auto, (max-width: 1024px) 100vw, 1024px\" \/><\/figure>\n<\/figure>\n","protected":false},"excerpt":{"rendered":"<p>El Ministerio de Salud P\u00fablica y Asistencia Social (MSPAS) contin\u00faa avanzando en su misi\u00f3n de garantizar una atenci\u00f3n m\u00e9dica de calidad en la lucha contra las infecciones de transmisi\u00f3n sexual (ITS) y el virus de inmunodeficiencia humana (VIH). Como parte de este esfuerzo se inaugur\u00f3 en el Hospital de Chiquimula la Unidad de Atenci\u00f3n Integral <a class=\"read-more\" href=\"https:\/\/elmetropolitano.com.gt\/es\/hospital-de-chiquimula-inaugura-unidad-de-atencion-integral-para-pacientes-con-its-y-vih\/\">Leer m\u00e1s<\/a><\/p>\n","protected":false},"author":1,"featured_media":93361,"comment_status":"open","ping_status":"closed","sticky":false,"template":"","format":"standard","meta":{"footnotes":""},"categories":[4],"tags":[13],"class_list":["post-93360","post","type-post","status-publish","format-standard","has-post-thumbnail","hentry","category-departamentales","tag-departamentales"],"_links":{"self":[{"href":"https:\/\/elmetropolitano.com.gt\/es\/wp-json\/wp\/v2\/posts\/93360","targetHints":{"allow":["GET"]}}],"collection":[{"href":"https:\/\/elmetropolitano.com.gt\/es\/wp-json\/wp\/v2\/posts"}],"about":[{"href":"https:\/\/elmetropolitano.com.gt\/es\/wp-json\/wp\/v2\/types\/post"}],"author":[{"embeddable":true,"href":"https:\/\/elmetropolitano.com.gt\/es\/wp-json\/wp\/v2\/users\/1"}],"replies":[{"embeddable":true,"href":"https:\/\/elmetropolitano.com.gt\/es\/wp-json\/wp\/v2\/comments?post=93360"}],"version-history":[{"count":1,"href":"https:\/\/elmetropolitano.com.gt\/es\/wp-json\/wp\/v2\/posts\/93360\/revisions"}],"predecessor-version":[{"id":93363,"href":"https:\/\/elmetropolitano.com.gt\/es\/wp-json\/wp\/v2\/posts\/93360\/revisions\/93363"}],"wp:featuredmedia":[{"embeddable":true,"href":"https:\/\/elmetropolitano.com.gt\/es\/wp-json\/wp\/v2\/media\/93361"}],"wp:attachment":[{"href":"https:\/\/elmetropolitano.com.gt\/es\/wp-json\/wp\/v2\/media?parent=93360"}],"wp:term":[{"taxonomy":"category","embeddable":true,"href":"https:\/\/elmetropolitano.com.gt\/es\/wp-json\/wp\/v2\/categories?post=93360"},{"taxonomy":"post_tag","embeddable":true,"href":"https:\/\/elmetropolitano.com.gt\/es\/wp-json\/wp\/v2\/tags?post=93360"}],"curies":[{"name":"wp","href":"https:\/\/api.w.org\/{rel}","templated":true}]}}