{"id":93559,"date":"2024-12-07T22:20:41","date_gmt":"2024-12-08T04:20:41","guid":{"rendered":"https:\/\/elmetropolitano.com.gt\/es\/?p=93559"},"modified":"2024-12-07T22:20:42","modified_gmt":"2024-12-08T04:20:42","slug":"comedor-social-fijo-para-los-mas-necesitados-de-sipacate","status":"publish","type":"post","link":"https:\/\/elmetropolitano.com.gt\/es\/comedor-social-fijo-para-los-mas-necesitados-de-sipacate\/","title":{"rendered":"Comedor Social fijo para los m\u00e1s necesitados de Sipacate"},"content":{"rendered":"\n<p>Un logro m\u00e1s de la administraci\u00f3n municipal de Sipacate, la cual es dirigida por el alcalde Walter N\u00e1jera, con el importante apoyo del MIDES, Ministerio de Desarrollo Social, Gobierno del presidente Bernardo Arevalo.<\/p>\n\n\n\n<p>La <a><\/a>reapertura y puesta en funcionamiento del nuevo Comedor Social, en el municipio de Sipacate, se debe a las buenas gestiones del presente jefe edil, el popular mente conocido y nombrado cari\u00f1osamente como t\u00edo Jumbo.<\/p><div class=\"elmet-contenido\" id=\"elmet-1684809777\"><div class=\"elmet-adlabel\">Anuncios<\/div><div style=\"margin-top: 20px;margin-right: 20px;margin-bottom: 20px;margin-left: 20px;\" id=\"elmet-4086204368\"><a href=\"https:\/\/www.facebook.com\/arrincuanantigua\/\" aria-label=\"cintillo-arrin-cual\"><img loading=\"lazy\" decoding=\"async\" src=\"https:\/\/elmetropolitano.com.gt\/es\/wp-content\/uploads\/2021\/11\/cintillo-arrin-cual-1.jpg\" alt=\"\"  srcset=\"https:\/\/elmetropolitano.com.gt\/es\/wp-content\/uploads\/2021\/11\/cintillo-arrin-cual-1.jpg 750w, https:\/\/elmetropolitano.com.gt\/es\/wp-content\/uploads\/2021\/11\/cintillo-arrin-cual-1-300x36.jpg 300w, https:\/\/elmetropolitano.com.gt\/es\/wp-content\/uploads\/2021\/11\/cintillo-arrin-cual-1-600x72.jpg 600w\" sizes=\"(max-width: 750px) 100vw, 750px\" width=\"750\" height=\"90\"   \/><\/a><\/div><\/div>\n\n\n\n<p>De ahora en adelante, los vecinos de Sipacate, contar\u00e1n nuevamente con un lugar que es para el pueblo y del pueblo, pues en este comedor Social fijo, se servir\u00e1n platos de comida digna y nutritiva para los m\u00e1s necesitados.<\/p>\n\n\n\n<p>De esta forma se muestra el compromiso del alcalde Najera, para que su querido Sipacate y todos sus vecinos, tengan una mejor calidad de vida, trabajando por la seguridad alimentaria de la poblaci\u00f3n de monos recursos y por en los m\u00e1s necesitados de este apoyo y ayuda Social.<\/p>\n\n\n\n<p>Texto Oscar Estuardo Villalobos<\/p>\n\n\n\n<p><a href=\"https:\/\/www.facebook.com\/hashtag\/munisipacate?__eep__=6&amp;__cft__[0]=AZWiTSoRamoGMOj3b2um3x0lfIxPZgGavVtLKBL3EaPa-UMnsi8sOZ0QBvBeKPtRBRj92ogvthc_3_SjlFkuaOVyfqudlLFRyHhC2zZgWVnFjntnISmCdxDP-WV-5M5C1sYobJPtvi6FyYvVuiUpL0SxnSHb9g8pj4_Xn899l-jpmJu0AOwVuzw6KuRGGY_OYOM&amp;__tn__=*NK-R\">#munisipacate<\/a><a href=\"https:\/\/www.facebook.com\/hashtag\/comedorsolidario?__eep__=6&amp;__cft__[0]=AZWiTSoRamoGMOj3b2um3x0lfIxPZgGavVtLKBL3EaPa-UMnsi8sOZ0QBvBeKPtRBRj92ogvthc_3_SjlFkuaOVyfqudlLFRyHhC2zZgWVnFjntnISmCdxDP-WV-5M5C1sYobJPtvi6FyYvVuiUpL0SxnSHb9g8pj4_Xn899l-jpmJu0AOwVuzw6KuRGGY_OYOM&amp;__tn__=*NK-R\">#ComedorSolidario<\/a><a href=\"https:\/\/www.facebook.com\/hashtag\/metroredes?__eep__=6&amp;__cft__[0]=AZWiTSoRamoGMOj3b2um3x0lfIxPZgGavVtLKBL3EaPa-UMnsi8sOZ0QBvBeKPtRBRj92ogvthc_3_SjlFkuaOVyfqudlLFRyHhC2zZgWVnFjntnISmCdxDP-WV-5M5C1sYobJPtvi6FyYvVuiUpL0SxnSHb9g8pj4_Xn899l-jpmJu0AOwVuzw6KuRGGY_OYOM&amp;__tn__=*NK-R\">#metroredes<\/a><a href=\"https:\/\/www.facebook.com\/hashtag\/mides?__eep__=6&amp;__cft__[0]=AZWiTSoRamoGMOj3b2um3x0lfIxPZgGavVtLKBL3EaPa-UMnsi8sOZ0QBvBeKPtRBRj92ogvthc_3_SjlFkuaOVyfqudlLFRyHhC2zZgWVnFjntnISmCdxDP-WV-5M5C1sYobJPtvi6FyYvVuiUpL0SxnSHb9g8pj4_Xn899l-jpmJu0AOwVuzw6KuRGGY_OYOM&amp;__tn__=*NK-R\">#MIDES<\/a><\/p>\n\n\n\n<p><a href=\"https:\/\/l.facebook.com\/l.php?u=http%3A%2F%2FWww.elescuintleco.com%2F%3Ffbclid%3DIwZXh0bgNhZW0CMTAAAR2vqLO_WEtOhVirv3OPMQ7OYsr0iBfjbW1uI03lT_QIW91pCBg-qDeAcpI_aem_dc9kVuNQO2t141OXaXn4Qg&amp;h=AT1tLe3T1L7XHlMKexk3t6aE7eUq79iSwnu9jyFnhMuxBVHDBWgZfJ1VauYVHAgBkUUzlk4a9EPTv4ds4fdBiCRlTqa__bDZeJ5QdFzUC3jc-7j5u357TIaskqULhEQ7sH6c&amp;__tn__=-UK-R&amp;c[0]=AT2bHTutxEQxadKRfO3TS-BDcUGSO0OUmUuynCQFC7bPERu4gHBZWydP-KNFCtqZggObmI1xa-_2IAi1PaDf5DwIguiomx0Qq62db8bFEpr6c6Cj5Xf0YGB6v9IVDRDqK9TsYHx8-BKtrYlsXWqtfH-IPAhZ56uGr_QfEfBhTt9HmwB4YlEP9wtzlnAt0pdVrJdmtHoccIao0C3GlA8eah2ZeiI\" rel=\"noreferrer noopener\" target=\"_blank\">Www.elescuintleco.com<\/a><\/p>\n\n\n\n<p><a href=\"http:\/\/www.elmetropolitano.com.gt\/?fbclid=IwZXh0bgNhZW0CMTAAAR03h9oUokH52tdzASsrUmc6WGxJt5CbcqIIMxy4TgJ_ESKcQJ4wzx6bD68_aem_PRd08TF_QiPP9cPBLC76fw\" target=\"_blank\" rel=\"noreferrer noopener\">Www.elmetropolitano.com.gt<\/a><\/p>\n\n\n\n<figure class=\"wp-block-gallery has-nested-images columns-default is-cropped wp-block-gallery-1 is-layout-flex wp-block-gallery-is-layout-flex\">\n<figure class=\"wp-block-image size-large\"><img loading=\"lazy\" decoding=\"async\" width=\"882\" height=\"591\" data-id=\"93562\" src=\"https:\/\/elmetropolitano.com.gt\/es\/wp-content\/uploads\/2024\/12\/469528422_1093215869471162_7579168993489218883_n.jpg\" alt=\"\" class=\"wp-image-93562\" srcset=\"https:\/\/elmetropolitano.com.gt\/es\/wp-content\/uploads\/2024\/12\/469528422_1093215869471162_7579168993489218883_n.jpg 882w, https:\/\/elmetropolitano.com.gt\/es\/wp-content\/uploads\/2024\/12\/469528422_1093215869471162_7579168993489218883_n-300x201.jpg 300w, https:\/\/elmetropolitano.com.gt\/es\/wp-content\/uploads\/2024\/12\/469528422_1093215869471162_7579168993489218883_n-768x515.jpg 768w\" sizes=\"auto, (max-width: 882px) 100vw, 882px\" \/><\/figure>\n\n\n\n<figure class=\"wp-block-image size-large\"><img loading=\"lazy\" decoding=\"async\" width=\"1024\" height=\"639\" data-id=\"93564\" src=\"https:\/\/elmetropolitano.com.gt\/es\/wp-content\/uploads\/2024\/12\/469634016_1093215902804492_5914185989640028068_n-1024x639.jpg\" alt=\"\" class=\"wp-image-93564\" srcset=\"https:\/\/elmetropolitano.com.gt\/es\/wp-content\/uploads\/2024\/12\/469634016_1093215902804492_5914185989640028068_n-1024x639.jpg 1024w, https:\/\/elmetropolitano.com.gt\/es\/wp-content\/uploads\/2024\/12\/469634016_1093215902804492_5914185989640028068_n-300x187.jpg 300w, https:\/\/elmetropolitano.com.gt\/es\/wp-content\/uploads\/2024\/12\/469634016_1093215902804492_5914185989640028068_n-768x479.jpg 768w, https:\/\/elmetropolitano.com.gt\/es\/wp-content\/uploads\/2024\/12\/469634016_1093215902804492_5914185989640028068_n.jpg 1440w\" sizes=\"auto, (max-width: 1024px) 100vw, 1024px\" \/><\/figure>\n\n\n\n<figure class=\"wp-block-image size-large\"><img loading=\"lazy\" decoding=\"async\" width=\"1024\" height=\"550\" data-id=\"93563\" src=\"https:\/\/elmetropolitano.com.gt\/es\/wp-content\/uploads\/2024\/12\/469648526_1093215876137828_2150514255127020040_n-1024x550.jpg\" alt=\"\" class=\"wp-image-93563\" srcset=\"https:\/\/elmetropolitano.com.gt\/es\/wp-content\/uploads\/2024\/12\/469648526_1093215876137828_2150514255127020040_n-1024x550.jpg 1024w, https:\/\/elmetropolitano.com.gt\/es\/wp-content\/uploads\/2024\/12\/469648526_1093215876137828_2150514255127020040_n-300x161.jpg 300w, https:\/\/elmetropolitano.com.gt\/es\/wp-content\/uploads\/2024\/12\/469648526_1093215876137828_2150514255127020040_n-768x412.jpg 768w, https:\/\/elmetropolitano.com.gt\/es\/wp-content\/uploads\/2024\/12\/469648526_1093215876137828_2150514255127020040_n.jpg 1080w\" sizes=\"auto, (max-width: 1024px) 100vw, 1024px\" \/><\/figure>\n\n\n\n<figure class=\"wp-block-image size-large\"><img loading=\"lazy\" decoding=\"async\" width=\"1024\" height=\"721\" data-id=\"93565\" src=\"https:\/\/elmetropolitano.com.gt\/es\/wp-content\/uploads\/2024\/12\/469652238_1093215909471158_9188631664088012214_n-1024x721.jpg\" alt=\"\" class=\"wp-image-93565\" srcset=\"https:\/\/elmetropolitano.com.gt\/es\/wp-content\/uploads\/2024\/12\/469652238_1093215909471158_9188631664088012214_n-1024x721.jpg 1024w, https:\/\/elmetropolitano.com.gt\/es\/wp-content\/uploads\/2024\/12\/469652238_1093215909471158_9188631664088012214_n-300x211.jpg 300w, https:\/\/elmetropolitano.com.gt\/es\/wp-content\/uploads\/2024\/12\/469652238_1093215909471158_9188631664088012214_n-768x541.jpg 768w, https:\/\/elmetropolitano.com.gt\/es\/wp-content\/uploads\/2024\/12\/469652238_1093215909471158_9188631664088012214_n.jpg 1174w\" sizes=\"auto, (max-width: 1024px) 100vw, 1024px\" \/><\/figure>\n\n\n\n<figure class=\"wp-block-image size-large\"><img loading=\"lazy\" decoding=\"async\" width=\"1024\" height=\"461\" data-id=\"93566\" src=\"https:\/\/elmetropolitano.com.gt\/es\/wp-content\/uploads\/2024\/12\/469653864_1093215836137832_6628909098116006241_n-1-1024x461.jpg\" alt=\"\" class=\"wp-image-93566\" srcset=\"https:\/\/elmetropolitano.com.gt\/es\/wp-content\/uploads\/2024\/12\/469653864_1093215836137832_6628909098116006241_n-1-1024x461.jpg 1024w, https:\/\/elmetropolitano.com.gt\/es\/wp-content\/uploads\/2024\/12\/469653864_1093215836137832_6628909098116006241_n-1-300x135.jpg 300w, https:\/\/elmetropolitano.com.gt\/es\/wp-content\/uploads\/2024\/12\/469653864_1093215836137832_6628909098116006241_n-1-768x346.jpg 768w, https:\/\/elmetropolitano.com.gt\/es\/wp-content\/uploads\/2024\/12\/469653864_1093215836137832_6628909098116006241_n-1.jpg 1080w\" sizes=\"auto, (max-width: 1024px) 100vw, 1024px\" \/><\/figure>\n\n\n\n<figure class=\"wp-block-image size-large\"><img loading=\"lazy\" decoding=\"async\" width=\"908\" height=\"642\" data-id=\"93561\" src=\"https:\/\/elmetropolitano.com.gt\/es\/wp-content\/uploads\/2024\/12\/469713297_1093215826137833_2880788785899686784_n.jpg\" alt=\"\" class=\"wp-image-93561\" srcset=\"https:\/\/elmetropolitano.com.gt\/es\/wp-content\/uploads\/2024\/12\/469713297_1093215826137833_2880788785899686784_n.jpg 908w, https:\/\/elmetropolitano.com.gt\/es\/wp-content\/uploads\/2024\/12\/469713297_1093215826137833_2880788785899686784_n-300x212.jpg 300w, https:\/\/elmetropolitano.com.gt\/es\/wp-content\/uploads\/2024\/12\/469713297_1093215826137833_2880788785899686784_n-768x543.jpg 768w\" sizes=\"auto, (max-width: 908px) 100vw, 908px\" \/><\/figure>\n<\/figure>\n","protected":false},"excerpt":{"rendered":"<p>Un logro m\u00e1s de la administraci\u00f3n municipal de Sipacate, la cual es dirigida por el alcalde Walter N\u00e1jera, con el importante apoyo del MIDES, Ministerio de Desarrollo Social, Gobierno del presidente Bernardo Arevalo. La reapertura y puesta en funcionamiento del nuevo Comedor Social, en el municipio de Sipacate, se debe a las buenas gestiones del <a class=\"read-more\" href=\"https:\/\/elmetropolitano.com.gt\/es\/comedor-social-fijo-para-los-mas-necesitados-de-sipacate\/\">Leer m\u00e1s<\/a><\/p>\n","protected":false},"author":1,"featured_media":93560,"comment_status":"open","ping_status":"closed","sticky":false,"template":"","format":"standard","meta":{"footnotes":""},"categories":[4],"tags":[13],"class_list":["post-93559","post","type-post","status-publish","format-standard","has-post-thumbnail","hentry","category-departamentales","tag-departamentales"],"_links":{"self":[{"href":"https:\/\/elmetropolitano.com.gt\/es\/wp-json\/wp\/v2\/posts\/93559","targetHints":{"allow":["GET"]}}],"collection":[{"href":"https:\/\/elmetropolitano.com.gt\/es\/wp-json\/wp\/v2\/posts"}],"about":[{"href":"https:\/\/elmetropolitano.com.gt\/es\/wp-json\/wp\/v2\/types\/post"}],"author":[{"embeddable":true,"href":"https:\/\/elmetropolitano.com.gt\/es\/wp-json\/wp\/v2\/users\/1"}],"replies":[{"embeddable":true,"href":"https:\/\/elmetropolitano.com.gt\/es\/wp-json\/wp\/v2\/comments?post=93559"}],"version-history":[{"count":1,"href":"https:\/\/elmetropolitano.com.gt\/es\/wp-json\/wp\/v2\/posts\/93559\/revisions"}],"predecessor-version":[{"id":93567,"href":"https:\/\/elmetropolitano.com.gt\/es\/wp-json\/wp\/v2\/posts\/93559\/revisions\/93567"}],"wp:featuredmedia":[{"embeddable":true,"href":"https:\/\/elmetropolitano.com.gt\/es\/wp-json\/wp\/v2\/media\/93560"}],"wp:attachment":[{"href":"https:\/\/elmetropolitano.com.gt\/es\/wp-json\/wp\/v2\/media?parent=93559"}],"wp:term":[{"taxonomy":"category","embeddable":true,"href":"https:\/\/elmetropolitano.com.gt\/es\/wp-json\/wp\/v2\/categories?post=93559"},{"taxonomy":"post_tag","embeddable":true,"href":"https:\/\/elmetropolitano.com.gt\/es\/wp-json\/wp\/v2\/tags?post=93559"}],"curies":[{"name":"wp","href":"https:\/\/api.w.org\/{rel}","templated":true}]}}