{"id":93628,"date":"2024-12-08T17:32:48","date_gmt":"2024-12-08T23:32:48","guid":{"rendered":"https:\/\/elmetropolitano.com.gt\/es\/?p=93628"},"modified":"2024-12-08T17:32:49","modified_gmt":"2024-12-08T23:32:49","slug":"rusia-da-asilo-al-presidente-despuesto-en-siria-bashara-assad","status":"publish","type":"post","link":"https:\/\/elmetropolitano.com.gt\/es\/rusia-da-asilo-al-presidente-despuesto-en-siria-bashara-assad\/","title":{"rendered":"Rusia da asilo al presidente despuesto en Siria, Bashara Assad"},"content":{"rendered":"\n<p>Tras cruentos combates, las fuerzas rebeldes de Siria encabezadas por el grupo yihadista Hayat Tahrir al Sham (HTS), anunciaron hoy la ca\u00edda de la capital del pa\u00eds, Damasco, tras una ofensiva rel\u00e1mpago de apenas una semana que ha provocado el colapso del r\u00e9gimen del presidente sirio, Bashar Al Assad, quien sali\u00f3 del pa\u00eds y se refugi\u00f3 en Rusia.<\/p>\n\n\n\n<p>El director del Observatorio Sirio para los Derechos Humanos, con sede en Londres e informantes en el pa\u00eds, Rami Abdulrahman, ha asegurado que es un \u00abd\u00eda de la libertad para el pueblo sirio despu\u00e9s del fin de 54 a\u00f1os de gobierno de la familia Assad en Siria\u00bb.<\/p><div class=\"elmet-contenido\" id=\"elmet-4070285171\"><div class=\"elmet-adlabel\">Anuncios<\/div><div style=\"margin-top: 20px;margin-right: 20px;margin-bottom: 20px;margin-left: 20px;\" id=\"elmet-513915037\"><a href=\"https:\/\/www.facebook.com\/arrincuanantigua\/\" aria-label=\"cintillo-arrin-cual\"><img loading=\"lazy\" decoding=\"async\" src=\"https:\/\/elmetropolitano.com.gt\/es\/wp-content\/uploads\/2021\/11\/cintillo-arrin-cual-1.jpg\" alt=\"\"  srcset=\"https:\/\/elmetropolitano.com.gt\/es\/wp-content\/uploads\/2021\/11\/cintillo-arrin-cual-1.jpg 750w, https:\/\/elmetropolitano.com.gt\/es\/wp-content\/uploads\/2021\/11\/cintillo-arrin-cual-1-300x36.jpg 300w, https:\/\/elmetropolitano.com.gt\/es\/wp-content\/uploads\/2021\/11\/cintillo-arrin-cual-1-600x72.jpg 600w\" sizes=\"(max-width: 750px) 100vw, 750px\" width=\"750\" height=\"90\"   \/><\/a><\/div><\/div>\n\n\n\n<p>La UE cataloga de \u00abpositivo\u00bb el fin de la \u00abcruel dictadura\u00bb del presidente sirio Bashar al Assad<\/p>\n\n\n\n<p>La presidenta de la Comisi\u00f3n Europea, Ursula von der Leyen, ha aplaudido el final de la \u00abcruel dictadura\u00bb del presidente sirio Bashar al Assad, depuesto esta pasada madrugada, aunque ha recordado que el pa\u00eds se enfrenta ahora mismo a un momento de incertidumbre.<\/p>\n\n\n\n<p>\u00abLa cruel dictadura de Asad ha ca\u00eddo. Este cambio hist\u00f3rico en la regi\u00f3n ofrece oportunidades, pero no est\u00e1 exento de riesgos. Europa est\u00e1 dispuesta a apoyar la salvaguardia de la unidad nacional y la reconstrucci\u00f3n de un Estado sirio que proteja a todas las minor\u00edas\u00bb, ha manifestado Von der Leyen en un mensaje en su cuenta de la red social X.<\/p>\n\n\n\n<p>Tambi\u00e9n la Alta Representante de la Uni\u00f3n Europea para Pol\u00edtica Exterior, Kaja Kallas, ha catalogado de \u00abpositivo\u00bb el fin de la \u00abdictadura\u00bb del presidente sirio y ha asegurado que esto muestra la debilidad de sus aliados, Rusia e Ir\u00e1n.<\/p>\n\n\n\n<p>\u00abEstoy en estrecho contacto con los ministros de la regi\u00f3n. El proceso de reconstrucci\u00f3n de Siria ser\u00e1 largo y complicado y todas las partes deben estar dispuestas a colaborar de manera constructiva\u00bb, ha indicado en un escueto mensaje en la red social X.<\/p>\n\n\n\n<p>Kallas ha agregado que la prioridad ahora es \u00abgarantizar la seguridad en la regi\u00f3n\u00bb. \u00abTrabajar\u00e9 con todos los socios constructivos, en Siria y en la regi\u00f3n\u00bb, ha reiterado la m\u00e1xima diplom\u00e1tica de la UE.<\/p>\n\n\n\n<p>La ofensiva en Siria, lanzada el 27 de noviembre desde la provincia de Idlib y encabezada por Hayat Tahrir al Sham (HTS), ha permitido a la coalici\u00f3n de yihadistas y rebeldes tomar la capital siria, Damasco, as\u00ed como Alepo y Hama, ante un repliegue constante de las tropas gubernamentales.<\/p>\n\n\n\n<p>El presidente de Estados Unidos, Joe Biden, ha celebrado este domingo el derrocamiento del presidente sirio, Bashar al Assad, gracias en parte a los esfuerzos de Estados Unidos para debilitar a sus aliados internacionales, con Rusia e Ir\u00e1n a la cabeza, seg\u00fan el mandatario.<\/p>\n\n\n\n<p>\u00abAl fin ha ca\u00eddo el r\u00e9gimen de Al Assad, que ha brutalizado, torturado y asesinado a cientos de miles de sirios inocentes\u00bb, ha hecho saber Biden en una declaraci\u00f3n tras reunirse con su c\u00fapula de seguridad.<\/p>\n\n\n\n<p>\u00abEs un acto de justicia fundamental y el momento de una oportunidad hist\u00f3rica para el pueblo sirio, que durante tanto tiempo ha sufrido para construir un futuro mejor para su orgulloso pa\u00eds\u00bb, ha manifestado.<\/p>\n\n\n\n<p>Biden ha reconocido no obstante que \u00abahora se abre un momento de riesgo e incertidumbre\u00bb para el pa\u00eds; situaci\u00f3n que EEUU tratar\u00e1 de gestionar con sus socios internacionales, antes de prometer que Washington, emprender\u00e1 contactos con grupos sirios, sin especificar cu\u00e1les, para \u00abestablecer una transici\u00f3n pol\u00edtica\u00bb.<\/p>\n\n\n\n<p>Texo y fotos: Europa Press y Rt Noticias<\/p>\n\n\n\n<figure class=\"wp-block-gallery has-nested-images columns-default is-cropped wp-block-gallery-1 is-layout-flex wp-block-gallery-is-layout-flex\">\n<figure class=\"wp-block-image size-large\"><img loading=\"lazy\" decoding=\"async\" width=\"1024\" height=\"683\" data-id=\"93630\" src=\"https:\/\/elmetropolitano.com.gt\/es\/wp-content\/uploads\/2024\/12\/EuropaPress_6335242_comparecencia_exprimera_ministra_estonia_kaja_kallas_parlamento_europeo-1024x683.jpg\" alt=\"\" class=\"wp-image-93630\" srcset=\"https:\/\/elmetropolitano.com.gt\/es\/wp-content\/uploads\/2024\/12\/EuropaPress_6335242_comparecencia_exprimera_ministra_estonia_kaja_kallas_parlamento_europeo-1024x683.jpg 1024w, https:\/\/elmetropolitano.com.gt\/es\/wp-content\/uploads\/2024\/12\/EuropaPress_6335242_comparecencia_exprimera_ministra_estonia_kaja_kallas_parlamento_europeo-300x200.jpg 300w, https:\/\/elmetropolitano.com.gt\/es\/wp-content\/uploads\/2024\/12\/EuropaPress_6335242_comparecencia_exprimera_ministra_estonia_kaja_kallas_parlamento_europeo-768x512.jpg 768w, https:\/\/elmetropolitano.com.gt\/es\/wp-content\/uploads\/2024\/12\/EuropaPress_6335242_comparecencia_exprimera_ministra_estonia_kaja_kallas_parlamento_europeo-1536x1024.jpg 1536w, https:\/\/elmetropolitano.com.gt\/es\/wp-content\/uploads\/2024\/12\/EuropaPress_6335242_comparecencia_exprimera_ministra_estonia_kaja_kallas_parlamento_europeo-2048x1365.jpg 2048w\" sizes=\"auto, (max-width: 1024px) 100vw, 1024px\" \/><figcaption class=\"wp-element-caption\">AFET &#8211;  Confirmation hearing of Kaja KALLAS, European Commissioner-designate for Foreign Affairs and Security Policy<\/figcaption><\/figure>\n<\/figure>\n","protected":false},"excerpt":{"rendered":"<p>Tras cruentos combates, las fuerzas rebeldes de Siria encabezadas por el grupo yihadista Hayat Tahrir al Sham (HTS), anunciaron hoy la ca\u00edda de la capital del pa\u00eds, Damasco, tras una ofensiva rel\u00e1mpago de apenas una semana que ha provocado el colapso del r\u00e9gimen del presidente sirio, Bashar Al Assad, quien sali\u00f3 del pa\u00eds y se <a class=\"read-more\" href=\"https:\/\/elmetropolitano.com.gt\/es\/rusia-da-asilo-al-presidente-despuesto-en-siria-bashara-assad\/\">Leer m\u00e1s<\/a><\/p>\n","protected":false},"author":1,"featured_media":93629,"comment_status":"open","ping_status":"closed","sticky":false,"template":"","format":"standard","meta":{"footnotes":""},"categories":[14],"tags":[15],"class_list":["post-93628","post","type-post","status-publish","format-standard","has-post-thumbnail","hentry","category-internacionales","tag-internacionales"],"_links":{"self":[{"href":"https:\/\/elmetropolitano.com.gt\/es\/wp-json\/wp\/v2\/posts\/93628","targetHints":{"allow":["GET"]}}],"collection":[{"href":"https:\/\/elmetropolitano.com.gt\/es\/wp-json\/wp\/v2\/posts"}],"about":[{"href":"https:\/\/elmetropolitano.com.gt\/es\/wp-json\/wp\/v2\/types\/post"}],"author":[{"embeddable":true,"href":"https:\/\/elmetropolitano.com.gt\/es\/wp-json\/wp\/v2\/users\/1"}],"replies":[{"embeddable":true,"href":"https:\/\/elmetropolitano.com.gt\/es\/wp-json\/wp\/v2\/comments?post=93628"}],"version-history":[{"count":1,"href":"https:\/\/elmetropolitano.com.gt\/es\/wp-json\/wp\/v2\/posts\/93628\/revisions"}],"predecessor-version":[{"id":93631,"href":"https:\/\/elmetropolitano.com.gt\/es\/wp-json\/wp\/v2\/posts\/93628\/revisions\/93631"}],"wp:featuredmedia":[{"embeddable":true,"href":"https:\/\/elmetropolitano.com.gt\/es\/wp-json\/wp\/v2\/media\/93629"}],"wp:attachment":[{"href":"https:\/\/elmetropolitano.com.gt\/es\/wp-json\/wp\/v2\/media?parent=93628"}],"wp:term":[{"taxonomy":"category","embeddable":true,"href":"https:\/\/elmetropolitano.com.gt\/es\/wp-json\/wp\/v2\/categories?post=93628"},{"taxonomy":"post_tag","embeddable":true,"href":"https:\/\/elmetropolitano.com.gt\/es\/wp-json\/wp\/v2\/tags?post=93628"}],"curies":[{"name":"wp","href":"https:\/\/api.w.org\/{rel}","templated":true}]}}