{"id":93755,"date":"2024-12-11T09:30:17","date_gmt":"2024-12-11T15:30:17","guid":{"rendered":"https:\/\/elmetropolitano.com.gt\/es\/?p=93755"},"modified":"2024-12-11T09:30:17","modified_gmt":"2024-12-11T15:30:17","slug":"fisioterapeutas-del-hospital-regional-de-occidente-reciben-capacitacion-especializada-en-paralisis-cerebral","status":"publish","type":"post","link":"https:\/\/elmetropolitano.com.gt\/es\/fisioterapeutas-del-hospital-regional-de-occidente-reciben-capacitacion-especializada-en-paralisis-cerebral\/","title":{"rendered":"Fisioterapeutas del Hospital Regional de Occidente reciben capacitaci\u00f3n especializada en par\u00e1lisis cerebral"},"content":{"rendered":"\n<p>En un esfuerzo constante por mejorar la atenci\u00f3n que brindan a sus pacientes, el personal del Departamento de Fisioterapia del Hospital Regional de Occidente, ubicado en Quetzaltenango, concluy\u00f3 la segunda fase del taller especializado sobre \u201cEl manejo de personas con par\u00e1lisis cerebral\u201d.<\/p>\n\n\n\n<p>Este taller, que forma parte del programa de actualizaci\u00f3n continua para <a><\/a>fisioterapeutas y practicantes, del Minisyerio de Salud tiene como objetivo mejorar las t\u00e9cnicas y herramientas empleadas en el tratamiento de esta condici\u00f3n, brindando as\u00ed una atenci\u00f3n de alta calidad.<\/p><div class=\"elmet-contenido\" id=\"elmet-1949885314\"><div class=\"elmet-adlabel\">Anuncios<\/div><div style=\"margin-top: 20px;margin-right: 20px;margin-bottom: 20px;margin-left: 20px;\" id=\"elmet-888076280\"><a href=\"https:\/\/www.facebook.com\/arrincuanantigua\/\" aria-label=\"cintillo-arrin-cual\"><img loading=\"lazy\" decoding=\"async\" src=\"https:\/\/elmetropolitano.com.gt\/es\/wp-content\/uploads\/2021\/11\/cintillo-arrin-cual-1.jpg\" alt=\"\"  srcset=\"https:\/\/elmetropolitano.com.gt\/es\/wp-content\/uploads\/2021\/11\/cintillo-arrin-cual-1.jpg 750w, https:\/\/elmetropolitano.com.gt\/es\/wp-content\/uploads\/2021\/11\/cintillo-arrin-cual-1-300x36.jpg 300w, https:\/\/elmetropolitano.com.gt\/es\/wp-content\/uploads\/2021\/11\/cintillo-arrin-cual-1-600x72.jpg 600w\" sizes=\"(max-width: 750px) 100vw, 750px\" width=\"750\" height=\"90\"   \/><\/a><\/div><\/div>\n\n\n\n<p>Carmen Mazariegos, jefa interina del Departamento de Fisioterapia, destac\u00f3 la importancia de la capacitaci\u00f3n constante para el personal que se dedica al cuidado de pacientes con diferentes padecimientos.<\/p>\n\n\n\n<p>\u201cEs esencial que nuestros fisioterapeutas est\u00e9n siempre actualizados para poder ofrecer a nuestros pacientes lo mejor en cuanto a t\u00e9cnicas de rehabilitaci\u00f3n\u201d, mencion\u00f3 Mazariegos, quien tambi\u00e9n resalt\u00f3 el valor de compartir conocimientos entre colegas y practicantes para fortalecer el equipo de trabajo.<\/p>\n\n\n\n<p>El taller fue impartido por Helen Gonz\u00e1lez, especialista en par\u00e1lisis cerebral del Centro de Especialidades Motoras de la Ciudad de Guatemala, quien abord\u00f3 los principios b\u00e1sicos para el manejo de esta patolog\u00eda.<\/p>\n\n\n\n<p>Durante la jornada, se presentaron t\u00e9cnicas de neurodesarrollo y terapia ocupacional, cuyo objetivo es normalizar la actividad refleja postural y mejorar el tono muscular de los pacientes, ayudando as\u00ed a su desarrollo motor.<\/p>\n\n\n\n<p>La actividad cont\u00f3 con la participaci\u00f3n de un paciente que actualmente recibe atenci\u00f3n en el Departamento de Fisioterapia del hospital, quien apoy\u00f3 como ejemplo pr\u00e1ctico para demostrar las nuevas estrategias de tratamiento y c\u00f3mo estas pueden aplicarse.<\/p>\n\n\n\n<p>Este taller no solo fue una oportunidad de aprendizaje para los fisioterapeutas y practicantes, sino tambi\u00e9n una manera de reforzar el compromiso del Hospital Regional de Occidente con el bienestar de sus pacientes.<\/p>\n\n\n\n<p>La capacitaci\u00f3n continua es fundamental en el proceso de rehabilitaci\u00f3n, permitiendo que cada intervenci\u00f3n sea m\u00e1s efectiva, humana y acorde con las necesidades de quienes reciben atenci\u00f3n enfatiz\u00f3 la cartera de Salid<\/p>\n\n\n\n<p><a href=\"https:\/\/www.facebook.com\/hashtag\/saludparatodos?__eep__=6&amp;__cft__[0]=AZWi6tfIB5qsPUrFw4m9tw4pnOkaGbgQ68YRSEkcF8Qgwm9DDlb4eTIE2VxUPK5GLasXGvKxBrdQ0vfnY9ILUBF9QhReZZWVB_lh7pGdyOAcBzB6WkLK7x1ENSg2MUJc0RYKmCnk56nxiO4NMGoL7etBR9Oj55ziAGodBeMm8LmVV0Aapw1bi4cN9SYWm2Lq7G4&amp;__tn__=*NK-R\">#SaludParaTodos<\/a><a href=\"https:\/\/www.facebook.com\/hashtag\/xela?__eep__=6&amp;__cft__[0]=AZWi6tfIB5qsPUrFw4m9tw4pnOkaGbgQ68YRSEkcF8Qgwm9DDlb4eTIE2VxUPK5GLasXGvKxBrdQ0vfnY9ILUBF9QhReZZWVB_lh7pGdyOAcBzB6WkLK7x1ENSg2MUJc0RYKmCnk56nxiO4NMGoL7etBR9Oj55ziAGodBeMm8LmVV0Aapw1bi4cN9SYWm2Lq7G4&amp;__tn__=*NK-R\">#Xela<\/a><a href=\"https:\/\/www.facebook.com\/hashtag\/hospitaldeoccidente?__eep__=6&amp;__cft__[0]=AZWi6tfIB5qsPUrFw4m9tw4pnOkaGbgQ68YRSEkcF8Qgwm9DDlb4eTIE2VxUPK5GLasXGvKxBrdQ0vfnY9ILUBF9QhReZZWVB_lh7pGdyOAcBzB6WkLK7x1ENSg2MUJc0RYKmCnk56nxiO4NMGoL7etBR9Oj55ziAGodBeMm8LmVV0Aapw1bi4cN9SYWm2Lq7G4&amp;__tn__=*NK-R\">#HospitalDeOccidente<\/a><\/p>\n\n\n\n<figure class=\"wp-block-gallery has-nested-images columns-default is-cropped wp-block-gallery-1 is-layout-flex wp-block-gallery-is-layout-flex\">\n<figure class=\"wp-block-image size-large\"><img loading=\"lazy\" decoding=\"async\" width=\"190\" height=\"127\" data-id=\"93757\" src=\"https:\/\/elmetropolitano.com.gt\/es\/wp-content\/uploads\/2024\/12\/469861730_1095456212580461_9100428166134931825_n.jpg\" alt=\"\" class=\"wp-image-93757\"\/><\/figure>\n\n\n\n<figure class=\"wp-block-image size-large\"><img loading=\"lazy\" decoding=\"async\" width=\"190\" height=\"127\" data-id=\"93760\" src=\"https:\/\/elmetropolitano.com.gt\/es\/wp-content\/uploads\/2024\/12\/469862154_1095456162580466_4326043335303744986_n-1.jpg\" alt=\"\" class=\"wp-image-93760\"\/><\/figure>\n\n\n\n<figure class=\"wp-block-image size-large\"><img loading=\"lazy\" decoding=\"async\" width=\"190\" height=\"127\" data-id=\"93758\" src=\"https:\/\/elmetropolitano.com.gt\/es\/wp-content\/uploads\/2024\/12\/469910276_1095456215913794_9124627391806278670_n.jpg\" alt=\"\" class=\"wp-image-93758\"\/><\/figure>\n\n\n\n<figure class=\"wp-block-image size-large\"><img loading=\"lazy\" decoding=\"async\" width=\"190\" height=\"127\" data-id=\"93759\" src=\"https:\/\/elmetropolitano.com.gt\/es\/wp-content\/uploads\/2024\/12\/470000445_1095456165913799_6796924372446677200_n.jpg\" alt=\"\" class=\"wp-image-93759\"\/><\/figure>\n<\/figure>\n","protected":false},"excerpt":{"rendered":"<p>En un esfuerzo constante por mejorar la atenci\u00f3n que brindan a sus pacientes, el personal del Departamento de Fisioterapia del Hospital Regional de Occidente, ubicado en Quetzaltenango, concluy\u00f3 la segunda fase del taller especializado sobre \u201cEl manejo de personas con par\u00e1lisis cerebral\u201d. Este taller, que forma parte del programa de actualizaci\u00f3n continua para fisioterapeutas y <a class=\"read-more\" href=\"https:\/\/elmetropolitano.com.gt\/es\/fisioterapeutas-del-hospital-regional-de-occidente-reciben-capacitacion-especializada-en-paralisis-cerebral\/\">Leer m\u00e1s<\/a><\/p>\n","protected":false},"author":1,"featured_media":93756,"comment_status":"open","ping_status":"closed","sticky":false,"template":"","format":"standard","meta":{"footnotes":""},"categories":[4],"tags":[13],"class_list":["post-93755","post","type-post","status-publish","format-standard","has-post-thumbnail","hentry","category-departamentales","tag-departamentales"],"_links":{"self":[{"href":"https:\/\/elmetropolitano.com.gt\/es\/wp-json\/wp\/v2\/posts\/93755","targetHints":{"allow":["GET"]}}],"collection":[{"href":"https:\/\/elmetropolitano.com.gt\/es\/wp-json\/wp\/v2\/posts"}],"about":[{"href":"https:\/\/elmetropolitano.com.gt\/es\/wp-json\/wp\/v2\/types\/post"}],"author":[{"embeddable":true,"href":"https:\/\/elmetropolitano.com.gt\/es\/wp-json\/wp\/v2\/users\/1"}],"replies":[{"embeddable":true,"href":"https:\/\/elmetropolitano.com.gt\/es\/wp-json\/wp\/v2\/comments?post=93755"}],"version-history":[{"count":1,"href":"https:\/\/elmetropolitano.com.gt\/es\/wp-json\/wp\/v2\/posts\/93755\/revisions"}],"predecessor-version":[{"id":93761,"href":"https:\/\/elmetropolitano.com.gt\/es\/wp-json\/wp\/v2\/posts\/93755\/revisions\/93761"}],"wp:featuredmedia":[{"embeddable":true,"href":"https:\/\/elmetropolitano.com.gt\/es\/wp-json\/wp\/v2\/media\/93756"}],"wp:attachment":[{"href":"https:\/\/elmetropolitano.com.gt\/es\/wp-json\/wp\/v2\/media?parent=93755"}],"wp:term":[{"taxonomy":"category","embeddable":true,"href":"https:\/\/elmetropolitano.com.gt\/es\/wp-json\/wp\/v2\/categories?post=93755"},{"taxonomy":"post_tag","embeddable":true,"href":"https:\/\/elmetropolitano.com.gt\/es\/wp-json\/wp\/v2\/tags?post=93755"}],"curies":[{"name":"wp","href":"https:\/\/api.w.org\/{rel}","templated":true}]}}