{"id":93787,"date":"2024-12-11T17:54:27","date_gmt":"2024-12-11T23:54:27","guid":{"rendered":"https:\/\/elmetropolitano.com.gt\/es\/?p=93787"},"modified":"2024-12-11T17:54:28","modified_gmt":"2024-12-11T23:54:28","slug":"fortalecen-la-agricultura-en-jalapa-con-la-entrega-de-9-mil-162-quintales-de-fertilizante","status":"publish","type":"post","link":"https:\/\/elmetropolitano.com.gt\/es\/fortalecen-la-agricultura-en-jalapa-con-la-entrega-de-9-mil-162-quintales-de-fertilizante\/","title":{"rendered":"Fortalecen la agricultura en Jalapa con la entrega de 9 mil 162 quintales de fertilizante"},"content":{"rendered":"\n<p>En un esfuerzo por apoyar a los agricultores y fortalecer la seguridad alimentaria en el pa\u00eds, el Gobierno de Guatemala, bajo el liderazgo del presidente Bernardo Ar\u00e9valo, entreg\u00f3 este 9 mil 162 quintales de fertilizante en la cabecera departamental de Jalapa.<\/p>\n\n\n\n<p>La distribuci\u00f3n, coordinada por el Ministerio de Agricultura, Ganader\u00eda y Alimentaci\u00f3n (MAGA), busca beneficiar a peque\u00f1os y <a><\/a>medianos productores que dependen del cultivo como su principal fuente de ingresos.<\/p><div class=\"elmet-contenido\" id=\"elmet-2884470265\"><div class=\"elmet-adlabel\">Anuncios<\/div><div style=\"margin-top: 20px;margin-right: 20px;margin-bottom: 20px;margin-left: 20px;\" id=\"elmet-1329942122\"><a href=\"https:\/\/www.facebook.com\/arrincuanantigua\/\" aria-label=\"cintillo-arrin-cual\"><img loading=\"lazy\" decoding=\"async\" src=\"https:\/\/elmetropolitano.com.gt\/es\/wp-content\/uploads\/2021\/11\/cintillo-arrin-cual-1.jpg\" alt=\"\"  srcset=\"https:\/\/elmetropolitano.com.gt\/es\/wp-content\/uploads\/2021\/11\/cintillo-arrin-cual-1.jpg 750w, https:\/\/elmetropolitano.com.gt\/es\/wp-content\/uploads\/2021\/11\/cintillo-arrin-cual-1-300x36.jpg 300w, https:\/\/elmetropolitano.com.gt\/es\/wp-content\/uploads\/2021\/11\/cintillo-arrin-cual-1-600x72.jpg 600w\" sizes=\"(max-width: 750px) 100vw, 750px\" width=\"750\" height=\"90\"   \/><\/a><\/div><\/div>\n\n\n\n<p>El acto de entrega se llev\u00f3 a cabo en la cabecera departamental, donde autoridades locales y comunitarias destacaron la importancia de este apoyo. Seg\u00fan Estuardo Cruz, delegado departamental del MAGA, la entrega de fertilizantes es parte de una estrategia integral para fortalecer la producci\u00f3n agr\u00edcola en la regi\u00f3n. El acceso a insumos de calidad es fundamental para garantizar buenas cosechas. Estamos comprometidos con mejorar las condiciones de los productores y, con ello, la econom\u00eda rural, se\u00f1al\u00f3 Cruz.<\/p>\n\n\n\n<p>Impacto de la iniciativa<\/p>\n\n\n\n<p>Por su parte, la gobernadora departamental de Jalapa, Gladis V\u00e1squez, subray\u00f3 el impacto positivo de estas acciones en las comunidades m\u00e1s vulnerables. Este tipo de iniciativas demuestra el compromiso del Gobierno con nuestra gente. La agricultura es el motor de nuestra econom\u00eda local, y apoyar a nuestros agricultores significa garantizar alimento en las mesas de las familias guatemaltecas, afirm\u00f3 V\u00e1squez durante su intervenci\u00f3n.<\/p>\n\n\n\n<p>La entrega de los fertilizantes beneficiar\u00e1 a cientos de agricultores que trabajan en la producci\u00f3n de granos b\u00e1sicos como el ma\u00edz y el frijol, cultivos esenciales para la dieta de la poblaci\u00f3n. Este apoyo cobra especial relevancia en un contexto donde los costos de producci\u00f3n han aumentado debido a factores como el alza en los precios internacionales de los insumos agr\u00edcolas. Con esta medida, se busca aliviar la carga econ\u00f3mica de los productores y garantizar la sostenibilidad de las cosechas.<\/p>\n\n\n\n<p>El MAGA reafirm\u00f3 que esta entrega forma parte de un programa m\u00e1s amplio que se implementar\u00e1 en distintos puntos del pa\u00eds, priorizando aquellas \u00e1reas con mayor necesidad. Las autoridades instaron a los beneficiarios a hacer un uso responsable y eficiente del fertilizante, enfatizando que el objetivo es maximizar la producci\u00f3n agr\u00edcola y contribuir al desarrollo de las comunidades rurales.<\/p>\n\n\n\n<p>Con este esfuerzo, el Gobierno de Guatemala da un paso m\u00e1s hacia la construcci\u00f3n de un pa\u00eds m\u00e1s equitativo, donde el campo sea protagonista del crecimiento econ\u00f3mico y social.<\/p>\n\n\n\n<p>Texto: Abner Salguer<\/p>\n\n\n\n<p><a href=\"https:\/\/www.facebook.com\/hashtag\/elagrochapin?__eep__=6&amp;__cft__[0]=AZX2DNxhxKfNgOcRk1eTTl5Uqx29GlmZA1LxXJOJGSZnd8kQGpTj-Dx688z5PSe0oGb5s6syz0KqTaoe4kX-bg5X6sJbGpQQsHZ9WqJg1EqLaaUTvno6fC4wK0m1RMEBkhjLoBQvhhVhNow5wykV4LaSSl65RZdh3pC_7FxACmQf-XRXAgpscRcxDhBFfrvo2YY&amp;__tn__=*NK-R\">#Elagrochapin<\/a><a href=\"https:\/\/www.facebook.com\/hashtag\/maga?__eep__=6&amp;__cft__[0]=AZX2DNxhxKfNgOcRk1eTTl5Uqx29GlmZA1LxXJOJGSZnd8kQGpTj-Dx688z5PSe0oGb5s6syz0KqTaoe4kX-bg5X6sJbGpQQsHZ9WqJg1EqLaaUTvno6fC4wK0m1RMEBkhjLoBQvhhVhNow5wykV4LaSSl65RZdh3pC_7FxACmQf-XRXAgpscRcxDhBFfrvo2YY&amp;__tn__=*NK-R\">#MAGA<\/a><a href=\"https:\/\/www.facebook.com\/hashtag\/metroredes?__eep__=6&amp;__cft__[0]=AZX2DNxhxKfNgOcRk1eTTl5Uqx29GlmZA1LxXJOJGSZnd8kQGpTj-Dx688z5PSe0oGb5s6syz0KqTaoe4kX-bg5X6sJbGpQQsHZ9WqJg1EqLaaUTvno6fC4wK0m1RMEBkhjLoBQvhhVhNow5wykV4LaSSl65RZdh3pC_7FxACmQf-XRXAgpscRcxDhBFfrvo2YY&amp;__tn__=*NK-R\">#metroredes<\/a><\/p>\n\n\n\n<figure class=\"wp-block-gallery has-nested-images columns-default is-cropped wp-block-gallery-1 is-layout-flex wp-block-gallery-is-layout-flex\">\n<figure class=\"wp-block-image size-large\"><img loading=\"lazy\" decoding=\"async\" width=\"960\" height=\"541\" data-id=\"93792\" src=\"https:\/\/elmetropolitano.com.gt\/es\/wp-content\/uploads\/2024\/12\/469929062_1096163569176392_3720071402631088141_n.jpg\" alt=\"\" class=\"wp-image-93792\" srcset=\"https:\/\/elmetropolitano.com.gt\/es\/wp-content\/uploads\/2024\/12\/469929062_1096163569176392_3720071402631088141_n.jpg 960w, https:\/\/elmetropolitano.com.gt\/es\/wp-content\/uploads\/2024\/12\/469929062_1096163569176392_3720071402631088141_n-300x169.jpg 300w, https:\/\/elmetropolitano.com.gt\/es\/wp-content\/uploads\/2024\/12\/469929062_1096163569176392_3720071402631088141_n-768x433.jpg 768w\" sizes=\"auto, (max-width: 960px) 100vw, 960px\" \/><\/figure>\n\n\n\n<figure class=\"wp-block-image size-large\"><img loading=\"lazy\" decoding=\"async\" width=\"960\" height=\"541\" data-id=\"93793\" src=\"https:\/\/elmetropolitano.com.gt\/es\/wp-content\/uploads\/2024\/12\/469991117_1096163522509730_6292238422043778288_n-1.jpg\" alt=\"\" class=\"wp-image-93793\" srcset=\"https:\/\/elmetropolitano.com.gt\/es\/wp-content\/uploads\/2024\/12\/469991117_1096163522509730_6292238422043778288_n-1.jpg 960w, https:\/\/elmetropolitano.com.gt\/es\/wp-content\/uploads\/2024\/12\/469991117_1096163522509730_6292238422043778288_n-1-300x169.jpg 300w, https:\/\/elmetropolitano.com.gt\/es\/wp-content\/uploads\/2024\/12\/469991117_1096163522509730_6292238422043778288_n-1-768x433.jpg 768w\" sizes=\"auto, (max-width: 960px) 100vw, 960px\" \/><\/figure>\n\n\n\n<figure class=\"wp-block-image size-large\"><img loading=\"lazy\" decoding=\"async\" width=\"960\" height=\"541\" data-id=\"93789\" src=\"https:\/\/elmetropolitano.com.gt\/es\/wp-content\/uploads\/2024\/12\/470066669_1096163629176386_3235672834914122645_n.jpg\" alt=\"\" class=\"wp-image-93789\" srcset=\"https:\/\/elmetropolitano.com.gt\/es\/wp-content\/uploads\/2024\/12\/470066669_1096163629176386_3235672834914122645_n.jpg 960w, https:\/\/elmetropolitano.com.gt\/es\/wp-content\/uploads\/2024\/12\/470066669_1096163629176386_3235672834914122645_n-300x169.jpg 300w, https:\/\/elmetropolitano.com.gt\/es\/wp-content\/uploads\/2024\/12\/470066669_1096163629176386_3235672834914122645_n-768x433.jpg 768w\" sizes=\"auto, (max-width: 960px) 100vw, 960px\" \/><\/figure>\n\n\n\n<figure class=\"wp-block-image size-large\"><img loading=\"lazy\" decoding=\"async\" width=\"960\" height=\"541\" data-id=\"93790\" src=\"https:\/\/elmetropolitano.com.gt\/es\/wp-content\/uploads\/2024\/12\/470104157_1096163655843050_8202751350795483359_n.jpg\" alt=\"\" class=\"wp-image-93790\" srcset=\"https:\/\/elmetropolitano.com.gt\/es\/wp-content\/uploads\/2024\/12\/470104157_1096163655843050_8202751350795483359_n.jpg 960w, https:\/\/elmetropolitano.com.gt\/es\/wp-content\/uploads\/2024\/12\/470104157_1096163655843050_8202751350795483359_n-300x169.jpg 300w, https:\/\/elmetropolitano.com.gt\/es\/wp-content\/uploads\/2024\/12\/470104157_1096163655843050_8202751350795483359_n-768x433.jpg 768w\" sizes=\"auto, (max-width: 960px) 100vw, 960px\" \/><\/figure>\n\n\n\n<figure class=\"wp-block-image size-large\"><img loading=\"lazy\" decoding=\"async\" width=\"960\" height=\"541\" data-id=\"93791\" src=\"https:\/\/elmetropolitano.com.gt\/es\/wp-content\/uploads\/2024\/12\/470191341_1096163615843054_472408609705460234_n.jpg\" alt=\"\" class=\"wp-image-93791\" srcset=\"https:\/\/elmetropolitano.com.gt\/es\/wp-content\/uploads\/2024\/12\/470191341_1096163615843054_472408609705460234_n.jpg 960w, https:\/\/elmetropolitano.com.gt\/es\/wp-content\/uploads\/2024\/12\/470191341_1096163615843054_472408609705460234_n-300x169.jpg 300w, https:\/\/elmetropolitano.com.gt\/es\/wp-content\/uploads\/2024\/12\/470191341_1096163615843054_472408609705460234_n-768x433.jpg 768w\" sizes=\"auto, (max-width: 960px) 100vw, 960px\" \/><\/figure>\n<\/figure>\n","protected":false},"excerpt":{"rendered":"<p>En un esfuerzo por apoyar a los agricultores y fortalecer la seguridad alimentaria en el pa\u00eds, el Gobierno de Guatemala, bajo el liderazgo del presidente Bernardo Ar\u00e9valo, entreg\u00f3 este 9 mil 162 quintales de fertilizante en la cabecera departamental de Jalapa. La distribuci\u00f3n, coordinada por el Ministerio de Agricultura, Ganader\u00eda y Alimentaci\u00f3n (MAGA), busca beneficiar <a class=\"read-more\" href=\"https:\/\/elmetropolitano.com.gt\/es\/fortalecen-la-agricultura-en-jalapa-con-la-entrega-de-9-mil-162-quintales-de-fertilizante\/\">Leer m\u00e1s<\/a><\/p>\n","protected":false},"author":1,"featured_media":93788,"comment_status":"open","ping_status":"closed","sticky":false,"template":"","format":"standard","meta":{"footnotes":""},"categories":[4],"tags":[13],"class_list":["post-93787","post","type-post","status-publish","format-standard","has-post-thumbnail","hentry","category-departamentales","tag-departamentales"],"_links":{"self":[{"href":"https:\/\/elmetropolitano.com.gt\/es\/wp-json\/wp\/v2\/posts\/93787","targetHints":{"allow":["GET"]}}],"collection":[{"href":"https:\/\/elmetropolitano.com.gt\/es\/wp-json\/wp\/v2\/posts"}],"about":[{"href":"https:\/\/elmetropolitano.com.gt\/es\/wp-json\/wp\/v2\/types\/post"}],"author":[{"embeddable":true,"href":"https:\/\/elmetropolitano.com.gt\/es\/wp-json\/wp\/v2\/users\/1"}],"replies":[{"embeddable":true,"href":"https:\/\/elmetropolitano.com.gt\/es\/wp-json\/wp\/v2\/comments?post=93787"}],"version-history":[{"count":1,"href":"https:\/\/elmetropolitano.com.gt\/es\/wp-json\/wp\/v2\/posts\/93787\/revisions"}],"predecessor-version":[{"id":93794,"href":"https:\/\/elmetropolitano.com.gt\/es\/wp-json\/wp\/v2\/posts\/93787\/revisions\/93794"}],"wp:featuredmedia":[{"embeddable":true,"href":"https:\/\/elmetropolitano.com.gt\/es\/wp-json\/wp\/v2\/media\/93788"}],"wp:attachment":[{"href":"https:\/\/elmetropolitano.com.gt\/es\/wp-json\/wp\/v2\/media?parent=93787"}],"wp:term":[{"taxonomy":"category","embeddable":true,"href":"https:\/\/elmetropolitano.com.gt\/es\/wp-json\/wp\/v2\/categories?post=93787"},{"taxonomy":"post_tag","embeddable":true,"href":"https:\/\/elmetropolitano.com.gt\/es\/wp-json\/wp\/v2\/tags?post=93787"}],"curies":[{"name":"wp","href":"https:\/\/api.w.org\/{rel}","templated":true}]}}