{"id":93813,"date":"2024-12-12T09:49:31","date_gmt":"2024-12-12T15:49:31","guid":{"rendered":"https:\/\/elmetropolitano.com.gt\/es\/?p=93813"},"modified":"2024-12-12T09:49:31","modified_gmt":"2024-12-12T15:49:31","slug":"la-nasa-califica-de-historico-el-acercamiento-al-sol-este-mes-de-una-sonda-que-describe-como-el-objeto-mas-rapido-creado-por-el-hombre","status":"publish","type":"post","link":"https:\/\/elmetropolitano.com.gt\/es\/la-nasa-califica-de-historico-el-acercamiento-al-sol-este-mes-de-una-sonda-que-describe-como-el-objeto-mas-rapido-creado-por-el-hombre\/","title":{"rendered":"La NASA califica de \u00abhist\u00f3rico\u00bb el acercamiento al Sol este mes de una sonda que describe como el objeto m\u00e1s r\u00e1pido creado por el hombre"},"content":{"rendered":"\n<p>La agencia espacial estadounidense NASA est\u00e1 celebrando el acercamiento al sol este mes de la sonda solar Parker, el objeto creado por el ser humano m\u00e1s r\u00e1pido de la historia.<\/p>\n\n\n\n<p>La sonda se acercar\u00e1 el 24 de diciembre a poco m\u00e1s de seis millones de kil\u00f3metros de la superficie del Sol. En su punto m\u00e1s cercano al astro, la sonda viajar\u00e1 a 692.000 kil\u00f3metros por hora.<\/p><div class=\"elmet-contenido\" id=\"elmet-185952737\"><div class=\"elmet-adlabel\">Anuncios<\/div><div style=\"margin-top: 20px;margin-right: 20px;margin-bottom: 20px;margin-left: 20px;\" id=\"elmet-1184383566\"><a href=\"https:\/\/www.facebook.com\/arrincuanantigua\/\" aria-label=\"cintillo-arrin-cual\"><img loading=\"lazy\" decoding=\"async\" src=\"https:\/\/elmetropolitano.com.gt\/es\/wp-content\/uploads\/2021\/11\/cintillo-arrin-cual-1.jpg\" alt=\"\"  srcset=\"https:\/\/elmetropolitano.com.gt\/es\/wp-content\/uploads\/2021\/11\/cintillo-arrin-cual-1.jpg 750w, https:\/\/elmetropolitano.com.gt\/es\/wp-content\/uploads\/2021\/11\/cintillo-arrin-cual-1-300x36.jpg 300w, https:\/\/elmetropolitano.com.gt\/es\/wp-content\/uploads\/2021\/11\/cintillo-arrin-cual-1-600x72.jpg 600w\" sizes=\"(max-width: 750px) 100vw, 750px\" width=\"750\" height=\"90\"   \/><\/a><\/div><\/div>\n\n\n\n<p>Seg\u00fan la NASA, el escudo t\u00e9rmico de la sonda solar Parker se enfrentar\u00e1 a temperaturas de m\u00e1s de un mill\u00f3n de grados Celsius, pero mantendr\u00e1 la nave espacial a temperatura ambiente.<\/p>\n\n\n\n<p>La agencia espacial califica de \u201chist\u00f3rico\u201d el acontecimiento, y lo describe como una misi\u00f3n para \u201ctocar el Sol\u201d, en la inmersi\u00f3n m\u00e1s cercana dentro de la corona solar, o la atm\u00f3sfera superior del astro rey.<\/p>\n\n\n\n<p>La aproximaci\u00f3n ocurre durante el per\u00edodo del m\u00e1ximo solar, la fase de mayor actividad del Sol, lo ofrece oportunidades para \u201cemocionantes investigaciones cient\u00edficas\u201d, dijo la NASA.<\/p>\n\n\n\n<p>La NASA anuncia nuevos retrasos en las misiones lunares Artemis<\/p>\n\n\n\n<p>El proyecto se anunci\u00f3 en el a\u00f1o fiscal 2009, con un costo de 1.500 millones de d\u00f3lares y la nave espacial fue dise\u00f1ada y construida por el Laboratorio de F\u00edsica Aplicada de la Universidad Johns Hopkins\u200b.<\/p>\n\n\n\n<p>Fue lanzada el 12 de agosto de 2018 y lleva el nombre del f\u00edsico Eugene Parker, profesor em\u00e9rito de la Universidad de Chicago. Fue la primera nave espacial de la NASA que llev\u00f3 el nombre de una persona viva (Parker falleci\u00f3 en 2022).<\/p>\n\n\n\n<p>El concepto de la sonda solar Parker se origin\u00f3 a partir de su proyecto de origen, el antecesor \u201cSolar Orbiter\u201d, concebido en la d\u00e9cada de 1990. Similar en dise\u00f1o y objetivos, la misi\u00f3n de la sonda solar Parker sirvi\u00f3 como una de las piezas principales del programa formulado por la NASA del mismo nombre Planeta Exterior\/Sondas solares (OPSP).<\/p>\n\n\n\n<p>Astronautas de la NASA cumplen 6 meses en el espacio; solo les faltan 2<\/p>\n\n\n\n<p>La sonda ser\u00e1 la primera aeronave en sobrevolar la corona solar. Este viaje determinar\u00e1 la estructura y din\u00e1mica del campo magn\u00e9tico de la corona del Sol y tratar\u00e1 de entender c\u00f3mo la corona solar y el viento solar, se calientan y aceleran, y buscar\u00e1 determinar los procesos que aceleran las part\u00edculas energ\u00e9ticas.<\/p>\n\n\n\n<p>Los sistemas de la nave est\u00e1n dise\u00f1ados para soportar el extremo de la radiaci\u00f3n y el calor cerca del Sol, donde la intensidad del Sol es de aproximadamente 520 veces mayor a la intensidad en \u00f3rbita de la Tierra, gracias el uso de un escudo solar.<\/p>\n\n\n\n<p>El protector solar es de 11,4 cm de espesor y est\u00e1 hecho de un compuesto de carbono\u2013carbono reforzado, dise\u00f1ado para soportar temperaturas fuera de la nave espacial de unos 1.377 grados Celsius.<\/p>\n\n\n\n<p>Texto: La Voz de Am\u00e9rica<\/p>\n\n\n\n<p>foto: AP<\/p>\n\n\n\n<p>#astronomia #nasa<\/p>\n","protected":false},"excerpt":{"rendered":"<p>La agencia espacial estadounidense NASA est\u00e1 celebrando el acercamiento al sol este mes de la sonda solar Parker, el objeto creado por el ser humano m\u00e1s r\u00e1pido de la historia. La sonda se acercar\u00e1 el 24 de diciembre a poco m\u00e1s de seis millones de kil\u00f3metros de la superficie del Sol. En su punto m\u00e1s <a class=\"read-more\" href=\"https:\/\/elmetropolitano.com.gt\/es\/la-nasa-califica-de-historico-el-acercamiento-al-sol-este-mes-de-una-sonda-que-describe-como-el-objeto-mas-rapido-creado-por-el-hombre\/\">Leer m\u00e1s<\/a><\/p>\n","protected":false},"author":1,"featured_media":93814,"comment_status":"open","ping_status":"closed","sticky":false,"template":"","format":"standard","meta":{"footnotes":""},"categories":[14],"tags":[15],"class_list":["post-93813","post","type-post","status-publish","format-standard","has-post-thumbnail","hentry","category-internacionales","tag-internacionales"],"_links":{"self":[{"href":"https:\/\/elmetropolitano.com.gt\/es\/wp-json\/wp\/v2\/posts\/93813","targetHints":{"allow":["GET"]}}],"collection":[{"href":"https:\/\/elmetropolitano.com.gt\/es\/wp-json\/wp\/v2\/posts"}],"about":[{"href":"https:\/\/elmetropolitano.com.gt\/es\/wp-json\/wp\/v2\/types\/post"}],"author":[{"embeddable":true,"href":"https:\/\/elmetropolitano.com.gt\/es\/wp-json\/wp\/v2\/users\/1"}],"replies":[{"embeddable":true,"href":"https:\/\/elmetropolitano.com.gt\/es\/wp-json\/wp\/v2\/comments?post=93813"}],"version-history":[{"count":1,"href":"https:\/\/elmetropolitano.com.gt\/es\/wp-json\/wp\/v2\/posts\/93813\/revisions"}],"predecessor-version":[{"id":93815,"href":"https:\/\/elmetropolitano.com.gt\/es\/wp-json\/wp\/v2\/posts\/93813\/revisions\/93815"}],"wp:featuredmedia":[{"embeddable":true,"href":"https:\/\/elmetropolitano.com.gt\/es\/wp-json\/wp\/v2\/media\/93814"}],"wp:attachment":[{"href":"https:\/\/elmetropolitano.com.gt\/es\/wp-json\/wp\/v2\/media?parent=93813"}],"wp:term":[{"taxonomy":"category","embeddable":true,"href":"https:\/\/elmetropolitano.com.gt\/es\/wp-json\/wp\/v2\/categories?post=93813"},{"taxonomy":"post_tag","embeddable":true,"href":"https:\/\/elmetropolitano.com.gt\/es\/wp-json\/wp\/v2\/tags?post=93813"}],"curies":[{"name":"wp","href":"https:\/\/api.w.org\/{rel}","templated":true}]}}