{"id":93846,"date":"2024-12-12T13:26:36","date_gmt":"2024-12-12T19:26:36","guid":{"rendered":"https:\/\/elmetropolitano.com.gt\/es\/?p=93846"},"modified":"2024-12-12T13:26:36","modified_gmt":"2024-12-12T19:26:36","slug":"dos-capturados-en-puerto-san-jose-acusados-de-contaminar-contenedores-de-droga-en-portuaria-quetzal","status":"publish","type":"post","link":"https:\/\/elmetropolitano.com.gt\/es\/dos-capturados-en-puerto-san-jose-acusados-de-contaminar-contenedores-de-droga-en-portuaria-quetzal\/","title":{"rendered":"Dos capturados en Puerto San Jos\u00e9 acusados de contaminar contenedores de droga en Portuaria Quetzal"},"content":{"rendered":"\n<p>Julio Ismael P\u00e9rez Castillo, alias \u201cMaicena\u201d y Jonathan Ren\u00e9 P\u00e9rez Villalta fueron detenidos esta ma\u00f1ana por Fuerzas Antinarc\u00f3ticos durante allanamientos, se\u00f1alados por los delitos conspiraci\u00f3n para el tr\u00e1fico, almacenamiento il\u00edcito y asociaciones delictivas.<\/p>\n\n\n\n<p>Seg\u00fan datos, ambos laboraban como maquinistas en Puerto Quetzal Escuintla y se presume se encargaban del desembarque de contenedores provenientes de Ecuador.<\/p><div class=\"elmet-contenido\" id=\"elmet-621677787\"><div class=\"elmet-adlabel\">Anuncios<\/div><div style=\"margin-top: 20px;margin-right: 20px;margin-bottom: 20px;margin-left: 20px;\" id=\"elmet-2871202154\"><a href=\"https:\/\/www.facebook.com\/arrincuanantigua\/\" aria-label=\"cintillo-arrin-cual\"><img loading=\"lazy\" decoding=\"async\" src=\"https:\/\/elmetropolitano.com.gt\/es\/wp-content\/uploads\/2021\/11\/cintillo-arrin-cual-1.jpg\" alt=\"\"  srcset=\"https:\/\/elmetropolitano.com.gt\/es\/wp-content\/uploads\/2021\/11\/cintillo-arrin-cual-1.jpg 750w, https:\/\/elmetropolitano.com.gt\/es\/wp-content\/uploads\/2021\/11\/cintillo-arrin-cual-1-300x36.jpg 300w, https:\/\/elmetropolitano.com.gt\/es\/wp-content\/uploads\/2021\/11\/cintillo-arrin-cual-1-600x72.jpg 600w\" sizes=\"(max-width: 750px) 100vw, 750px\" width=\"750\" height=\"90\"   \/><\/a><\/div><\/div>\n\n\n\n<p>Esta organizaci\u00f3n criminal contaminaba los furgones con cargamentos de coca\u00edna, se presume que existan m\u00e1s personas involucradas<\/p>\n\n\n\n<p><a href=\"https:\/\/www.facebook.com\/hashtag\/narcotrafico?__eep__=6&amp;__cft__[0]=AZUkFY5oWh-AjWFeQ5btmvpjukLZYHeyeXwrmVvs46l11sFYvuqBN2ID0ThPRwPSq0m0s-Mg47bKWSX_xj5XhRuvgt18egfweKERUfmeiSQfx0fQN44TL9aRz51JczWENsuOWrfJLrder5dypVjW8rzTMJuZ2wHBUhJLA_7At7PageDpf2Hd7iH1Hip-ouwM8yME7a9XsiLsC_XXQV-faV6UeMlv-KHAzaegu4zPu8CURg&amp;__tn__=*NK-y-R\">#Narcotrafico<\/a><a href=\"https:\/\/www.facebook.com\/hashtag\/portuariaquetzal?__eep__=6&amp;__cft__[0]=AZUkFY5oWh-AjWFeQ5btmvpjukLZYHeyeXwrmVvs46l11sFYvuqBN2ID0ThPRwPSq0m0s-Mg47bKWSX_xj5XhRuvgt18egfweKERUfmeiSQfx0fQN44TL9aRz51JczWENsuOWrfJLrder5dypVjW8rzTMJuZ2wHBUhJLA_7At7PageDpf2Hd7iH1Hip-ouwM8yME7a9XsiLsC_XXQV-faV6UeMlv-KHAzaegu4zPu8CURg&amp;__tn__=*NK-y-R\">#PortuariaQuetzal<\/a><\/p>\n\n\n\n<figure class=\"wp-block-gallery has-nested-images columns-default is-cropped wp-block-gallery-1 is-layout-flex wp-block-gallery-is-layout-flex\">\n<figure class=\"wp-block-image size-large\"><img loading=\"lazy\" decoding=\"async\" width=\"619\" height=\"698\" data-id=\"93848\" src=\"https:\/\/elmetropolitano.com.gt\/es\/wp-content\/uploads\/2024\/12\/470128302_1046162187521407_5258493318501262005_n.jpg\" alt=\"\" class=\"wp-image-93848\" srcset=\"https:\/\/elmetropolitano.com.gt\/es\/wp-content\/uploads\/2024\/12\/470128302_1046162187521407_5258493318501262005_n.jpg 619w, https:\/\/elmetropolitano.com.gt\/es\/wp-content\/uploads\/2024\/12\/470128302_1046162187521407_5258493318501262005_n-266x300.jpg 266w\" sizes=\"auto, (max-width: 619px) 100vw, 619px\" \/><\/figure>\n\n\n\n<figure class=\"wp-block-image size-large\"><img loading=\"lazy\" decoding=\"async\" width=\"780\" height=\"1024\" data-id=\"93849\" src=\"https:\/\/elmetropolitano.com.gt\/es\/wp-content\/uploads\/2024\/12\/470148529_1046162684188024_2187848451507736328_n.jpg\" alt=\"\" class=\"wp-image-93849\" srcset=\"https:\/\/elmetropolitano.com.gt\/es\/wp-content\/uploads\/2024\/12\/470148529_1046162684188024_2187848451507736328_n.jpg 780w, https:\/\/elmetropolitano.com.gt\/es\/wp-content\/uploads\/2024\/12\/470148529_1046162684188024_2187848451507736328_n-229x300.jpg 229w, https:\/\/elmetropolitano.com.gt\/es\/wp-content\/uploads\/2024\/12\/470148529_1046162684188024_2187848451507736328_n-768x1008.jpg 768w, https:\/\/elmetropolitano.com.gt\/es\/wp-content\/uploads\/2024\/12\/470148529_1046162684188024_2187848451507736328_n-380x500.jpg 380w\" sizes=\"auto, (max-width: 780px) 100vw, 780px\" \/><\/figure>\n\n\n\n<figure class=\"wp-block-image size-large\"><img loading=\"lazy\" decoding=\"async\" width=\"1024\" height=\"441\" data-id=\"93852\" src=\"https:\/\/elmetropolitano.com.gt\/es\/wp-content\/uploads\/2024\/12\/470179440_1046162240854735_8631741281180512497_n-1-1024x441.jpg\" alt=\"\" class=\"wp-image-93852\" srcset=\"https:\/\/elmetropolitano.com.gt\/es\/wp-content\/uploads\/2024\/12\/470179440_1046162240854735_8631741281180512497_n-1-1024x441.jpg 1024w, https:\/\/elmetropolitano.com.gt\/es\/wp-content\/uploads\/2024\/12\/470179440_1046162240854735_8631741281180512497_n-1-300x129.jpg 300w, https:\/\/elmetropolitano.com.gt\/es\/wp-content\/uploads\/2024\/12\/470179440_1046162240854735_8631741281180512497_n-1-768x331.jpg 768w, https:\/\/elmetropolitano.com.gt\/es\/wp-content\/uploads\/2024\/12\/470179440_1046162240854735_8631741281180512497_n-1.jpg 1412w\" sizes=\"auto, (max-width: 1024px) 100vw, 1024px\" \/><\/figure>\n\n\n\n<figure class=\"wp-block-image size-large\"><img loading=\"lazy\" decoding=\"async\" width=\"459\" height=\"1024\" data-id=\"93850\" src=\"https:\/\/elmetropolitano.com.gt\/es\/wp-content\/uploads\/2024\/12\/470179561_1046162174188075_2860703117500794437_n-459x1024.jpg\" alt=\"\" class=\"wp-image-93850\" srcset=\"https:\/\/elmetropolitano.com.gt\/es\/wp-content\/uploads\/2024\/12\/470179561_1046162174188075_2860703117500794437_n-459x1024.jpg 459w, https:\/\/elmetropolitano.com.gt\/es\/wp-content\/uploads\/2024\/12\/470179561_1046162174188075_2860703117500794437_n-135x300.jpg 135w, https:\/\/elmetropolitano.com.gt\/es\/wp-content\/uploads\/2024\/12\/470179561_1046162174188075_2860703117500794437_n.jpg 540w\" sizes=\"auto, (max-width: 459px) 100vw, 459px\" \/><\/figure>\n\n\n\n<figure class=\"wp-block-image size-large\"><img loading=\"lazy\" decoding=\"async\" width=\"1024\" height=\"634\" data-id=\"93851\" src=\"https:\/\/elmetropolitano.com.gt\/es\/wp-content\/uploads\/2024\/12\/470219172_1046162717521354_1089519584617878686_n-1024x634.jpg\" alt=\"\" class=\"wp-image-93851\" srcset=\"https:\/\/elmetropolitano.com.gt\/es\/wp-content\/uploads\/2024\/12\/470219172_1046162717521354_1089519584617878686_n-1024x634.jpg 1024w, https:\/\/elmetropolitano.com.gt\/es\/wp-content\/uploads\/2024\/12\/470219172_1046162717521354_1089519584617878686_n-300x186.jpg 300w, https:\/\/elmetropolitano.com.gt\/es\/wp-content\/uploads\/2024\/12\/470219172_1046162717521354_1089519584617878686_n-768x475.jpg 768w, https:\/\/elmetropolitano.com.gt\/es\/wp-content\/uploads\/2024\/12\/470219172_1046162717521354_1089519584617878686_n.jpg 1498w\" sizes=\"auto, (max-width: 1024px) 100vw, 1024px\" \/><\/figure>\n<\/figure>\n","protected":false},"excerpt":{"rendered":"<p>Julio Ismael P\u00e9rez Castillo, alias \u201cMaicena\u201d y Jonathan Ren\u00e9 P\u00e9rez Villalta fueron detenidos esta ma\u00f1ana por Fuerzas Antinarc\u00f3ticos durante allanamientos, se\u00f1alados por los delitos conspiraci\u00f3n para el tr\u00e1fico, almacenamiento il\u00edcito y asociaciones delictivas. Seg\u00fan datos, ambos laboraban como maquinistas en Puerto Quetzal Escuintla y se presume se encargaban del desembarque de contenedores provenientes de Ecuador. <a class=\"read-more\" href=\"https:\/\/elmetropolitano.com.gt\/es\/dos-capturados-en-puerto-san-jose-acusados-de-contaminar-contenedores-de-droga-en-portuaria-quetzal\/\">Leer m\u00e1s<\/a><\/p>\n","protected":false},"author":1,"featured_media":93847,"comment_status":"open","ping_status":"closed","sticky":false,"template":"","format":"standard","meta":{"footnotes":""},"categories":[4],"tags":[13],"class_list":["post-93846","post","type-post","status-publish","format-standard","has-post-thumbnail","hentry","category-departamentales","tag-departamentales"],"_links":{"self":[{"href":"https:\/\/elmetropolitano.com.gt\/es\/wp-json\/wp\/v2\/posts\/93846","targetHints":{"allow":["GET"]}}],"collection":[{"href":"https:\/\/elmetropolitano.com.gt\/es\/wp-json\/wp\/v2\/posts"}],"about":[{"href":"https:\/\/elmetropolitano.com.gt\/es\/wp-json\/wp\/v2\/types\/post"}],"author":[{"embeddable":true,"href":"https:\/\/elmetropolitano.com.gt\/es\/wp-json\/wp\/v2\/users\/1"}],"replies":[{"embeddable":true,"href":"https:\/\/elmetropolitano.com.gt\/es\/wp-json\/wp\/v2\/comments?post=93846"}],"version-history":[{"count":1,"href":"https:\/\/elmetropolitano.com.gt\/es\/wp-json\/wp\/v2\/posts\/93846\/revisions"}],"predecessor-version":[{"id":93853,"href":"https:\/\/elmetropolitano.com.gt\/es\/wp-json\/wp\/v2\/posts\/93846\/revisions\/93853"}],"wp:featuredmedia":[{"embeddable":true,"href":"https:\/\/elmetropolitano.com.gt\/es\/wp-json\/wp\/v2\/media\/93847"}],"wp:attachment":[{"href":"https:\/\/elmetropolitano.com.gt\/es\/wp-json\/wp\/v2\/media?parent=93846"}],"wp:term":[{"taxonomy":"category","embeddable":true,"href":"https:\/\/elmetropolitano.com.gt\/es\/wp-json\/wp\/v2\/categories?post=93846"},{"taxonomy":"post_tag","embeddable":true,"href":"https:\/\/elmetropolitano.com.gt\/es\/wp-json\/wp\/v2\/tags?post=93846"}],"curies":[{"name":"wp","href":"https:\/\/api.w.org\/{rel}","templated":true}]}}