{"id":93926,"date":"2024-12-13T21:13:28","date_gmt":"2024-12-14T03:13:28","guid":{"rendered":"https:\/\/elmetropolitano.com.gt\/es\/?p=93926"},"modified":"2024-12-13T21:13:28","modified_gmt":"2024-12-14T03:13:28","slug":"presidente-bernardo-arevalo-inaugura-comandancia-de-reservas-militares-departamental-en-solola","status":"publish","type":"post","link":"https:\/\/elmetropolitano.com.gt\/es\/presidente-bernardo-arevalo-inaugura-comandancia-de-reservas-militares-departamental-en-solola\/","title":{"rendered":"Presidente Bernardo Ar\u00e9valo inaugura comandancia de reservas militares departamental en Solol\u00e1"},"content":{"rendered":"\n<p>El presidente Bernardo Ar\u00e9valo junto con el ministro de la Defensa Nacional, Henry S\u00e1enz llevaron a cabo este viernes 13 de diciembre la inauguraci\u00f3n de la remodelaci\u00f3n de la Comandancia de Reservas Militares, en el departamento de Solol\u00e1.<\/p>\n\n\n\n<p>La Reserva Militar de Guatemala la constituyen todos los ciudadanos hombres y mujeres prestos a servir en situaciones de emergencia, desastre, <a><\/a>calamidad p\u00fablica y en casos extremos en la defensa del pa\u00eds y de acuerdo a la Ley Constitutiva del Ej\u00e9rcito de Guatemala.<\/p><div class=\"elmet-contenido\" id=\"elmet-3770500069\"><div class=\"elmet-adlabel\">Anuncios<\/div><div style=\"margin-top: 20px;margin-right: 20px;margin-bottom: 20px;margin-left: 20px;\" id=\"elmet-2090621881\"><a href=\"https:\/\/www.facebook.com\/arrincuanantigua\/\" aria-label=\"cintillo-arrin-cual\"><img loading=\"lazy\" decoding=\"async\" src=\"https:\/\/elmetropolitano.com.gt\/es\/wp-content\/uploads\/2021\/11\/cintillo-arrin-cual-1.jpg\" alt=\"\"  srcset=\"https:\/\/elmetropolitano.com.gt\/es\/wp-content\/uploads\/2021\/11\/cintillo-arrin-cual-1.jpg 750w, https:\/\/elmetropolitano.com.gt\/es\/wp-content\/uploads\/2021\/11\/cintillo-arrin-cual-1-300x36.jpg 300w, https:\/\/elmetropolitano.com.gt\/es\/wp-content\/uploads\/2021\/11\/cintillo-arrin-cual-1-600x72.jpg 600w\" sizes=\"(max-width: 750px) 100vw, 750px\" width=\"750\" height=\"90\"   \/><\/a><\/div><\/div>\n\n\n\n<p>Estas reservas se dividen en tres clases: Reserva Disponible, Movilizable y Territorial, cuyo fundamento legal est\u00e1 basado en la Constituci\u00f3n Pol\u00edtica de la Rep\u00fablica, la Ley Constitutiva del Ej\u00e9rcito, la Ley del Servicio C\u00edvico Decreto 20-2003, y en el Reglamento del Servicio C\u00edvico.<\/p>\n\n\n\n<p>Asimismo, el ministro S\u00e1enz replic\u00f3 las palabras del escritor pol\u00edtico Benjam\u00edn Carson, una de las claves del liderazgo es reconocer que todo el mundo tiene dones y talentos y un buen l\u00edder aprender\u00e1 a reunir esos dones hac\u00eda la misma meta.<\/p>\n\n\n\n<p>Preparados para servir a la comunidad<\/p>\n\n\n\n<p>El ministro S\u00e1enz se\u00f1al\u00f3 que a los que tienen la oportunidad de dirigir los destinos del Ej\u00e9rcito de Guatemala y en ese contexto a los reservistas militares, durante el proceso de instrucci\u00f3n militar se les inculca y se les entrena para desarrollar sus dones de servicio a la comunidad sololateca.<\/p>\n\n\n\n<p>Adem\u00e1s, indic\u00f3 que tambi\u00e9n se les entrena para que tengan la capacidad de trabajar de manera conjunta e integrada en la fuerza militar permanente para cumplir con la misi\u00f3n constitucional asignada.<\/p>\n\n\n\n<p>\u201cPor tal motivo, es trascendental contar con reservistas entrenados y dispuestos para el servicio de la patria y principalmente de su comunidad cuando sea requerido como reserva Movilizable para contribuir a la defensa de la naci\u00f3n s\u00ed as\u00ed fuera necesario\u201d indic\u00f3 el general S\u00e1enz<\/p>\n\n\n\n<p>Contribuir con la seguridad y ayuda humanitaria<\/p>\n\n\n\n<p>S\u00e1enz explic\u00f3 que ambas reservas pueden utilizarse de distintas maneras en tiempos adversos, como unidades de remplazos operando como unidades en primera l\u00ednea. Adem\u00e1s, durante esta \u00e9poca de paz, pueden contribuir en tareas de seguridad y principalmente en ayuda humanitaria como lo est\u00e1n haciendo y lo seguir\u00e1n realizando en casos de desastres u otras emergencias en comunidades suyas o vecinas.<\/p>\n\n\n\n<p>Igualmente, los reservistas son el contacto m\u00e1s estrecho de la fuerza armada con la poblaci\u00f3n, pues a trav\u00e9s de estas se pueden establecer mejores relaciones civiles-militares entre el Ej\u00e9rcito de Guatemala y la sociedad guatemalteca.<\/p>\n\n\n\n<p>Tambi\u00e9n a\u00f1adi\u00f3 que las reservas militares tienen mucho valor, pero a pesar de ello durante muchos a\u00f1os han estado invisibilidades por el mando del Ej\u00e9rcito.<\/p>\n\n\n\n<p>Por esa raz\u00f3n se decidi\u00f3 empezar la modernizaci\u00f3n de las comandancias de las reservas militares departamentales. Por ello se empez\u00f3 con la Comandancia de Solol\u00e1, gracias al apoyo del presidente y comandante general del Ej\u00e9rcito Bernardo Ar\u00e9valo, quien autoriz\u00f3 la construcci\u00f3n de la Comandancia de Reservas de la Rep\u00fablica.<\/p>\n\n\n\n<p>Texto: Eduardo Mart\u00ednez<\/p>\n\n\n\n<figure class=\"wp-block-gallery has-nested-images columns-default is-cropped wp-block-gallery-1 is-layout-flex wp-block-gallery-is-layout-flex\">\n<figure class=\"wp-block-image size-large\"><img loading=\"lazy\" decoding=\"async\" width=\"671\" height=\"1024\" data-id=\"93929\" src=\"https:\/\/elmetropolitano.com.gt\/es\/wp-content\/uploads\/2024\/12\/470163164_1097889859003763_2857407572926077675_n-671x1024.jpg\" alt=\"\" class=\"wp-image-93929\" srcset=\"https:\/\/elmetropolitano.com.gt\/es\/wp-content\/uploads\/2024\/12\/470163164_1097889859003763_2857407572926077675_n-671x1024.jpg 671w, https:\/\/elmetropolitano.com.gt\/es\/wp-content\/uploads\/2024\/12\/470163164_1097889859003763_2857407572926077675_n-197x300.jpg 197w, https:\/\/elmetropolitano.com.gt\/es\/wp-content\/uploads\/2024\/12\/470163164_1097889859003763_2857407572926077675_n-768x1172.jpg 768w, https:\/\/elmetropolitano.com.gt\/es\/wp-content\/uploads\/2024\/12\/470163164_1097889859003763_2857407572926077675_n-1007x1536.jpg 1007w, https:\/\/elmetropolitano.com.gt\/es\/wp-content\/uploads\/2024\/12\/470163164_1097889859003763_2857407572926077675_n-85x130.jpg 85w, https:\/\/elmetropolitano.com.gt\/es\/wp-content\/uploads\/2024\/12\/470163164_1097889859003763_2857407572926077675_n.jpg 1180w\" sizes=\"auto, (max-width: 671px) 100vw, 671px\" \/><\/figure>\n\n\n\n<figure class=\"wp-block-image size-large\"><img loading=\"lazy\" decoding=\"async\" width=\"1024\" height=\"768\" data-id=\"93934\" src=\"https:\/\/elmetropolitano.com.gt\/es\/wp-content\/uploads\/2024\/12\/470172284_1097897832336299_1550526126376903833_n-1024x768.jpg\" alt=\"\" class=\"wp-image-93934\" srcset=\"https:\/\/elmetropolitano.com.gt\/es\/wp-content\/uploads\/2024\/12\/470172284_1097897832336299_1550526126376903833_n-1024x768.jpg 1024w, https:\/\/elmetropolitano.com.gt\/es\/wp-content\/uploads\/2024\/12\/470172284_1097897832336299_1550526126376903833_n-300x225.jpg 300w, https:\/\/elmetropolitano.com.gt\/es\/wp-content\/uploads\/2024\/12\/470172284_1097897832336299_1550526126376903833_n-768x576.jpg 768w, https:\/\/elmetropolitano.com.gt\/es\/wp-content\/uploads\/2024\/12\/470172284_1097897832336299_1550526126376903833_n-1536x1152.jpg 1536w, https:\/\/elmetropolitano.com.gt\/es\/wp-content\/uploads\/2024\/12\/470172284_1097897832336299_1550526126376903833_n.jpg 2048w\" sizes=\"auto, (max-width: 1024px) 100vw, 1024px\" \/><\/figure>\n\n\n\n<figure class=\"wp-block-image size-large\"><img loading=\"lazy\" decoding=\"async\" width=\"1024\" height=\"768\" data-id=\"93928\" src=\"https:\/\/elmetropolitano.com.gt\/es\/wp-content\/uploads\/2024\/12\/470207035_1097889842337098_384796595185203628_n-1024x768.jpg\" alt=\"\" class=\"wp-image-93928\" srcset=\"https:\/\/elmetropolitano.com.gt\/es\/wp-content\/uploads\/2024\/12\/470207035_1097889842337098_384796595185203628_n-1024x768.jpg 1024w, https:\/\/elmetropolitano.com.gt\/es\/wp-content\/uploads\/2024\/12\/470207035_1097889842337098_384796595185203628_n-300x225.jpg 300w, https:\/\/elmetropolitano.com.gt\/es\/wp-content\/uploads\/2024\/12\/470207035_1097889842337098_384796595185203628_n-768x576.jpg 768w, https:\/\/elmetropolitano.com.gt\/es\/wp-content\/uploads\/2024\/12\/470207035_1097889842337098_384796595185203628_n.jpg 1200w\" sizes=\"auto, (max-width: 1024px) 100vw, 1024px\" \/><\/figure>\n\n\n\n<figure class=\"wp-block-image size-large\"><img loading=\"lazy\" decoding=\"async\" width=\"1024\" height=\"768\" data-id=\"93931\" src=\"https:\/\/elmetropolitano.com.gt\/es\/wp-content\/uploads\/2024\/12\/470210614_1097889825670433_8519472912848507544_n-1024x768.jpg\" alt=\"\" class=\"wp-image-93931\" srcset=\"https:\/\/elmetropolitano.com.gt\/es\/wp-content\/uploads\/2024\/12\/470210614_1097889825670433_8519472912848507544_n-1024x768.jpg 1024w, https:\/\/elmetropolitano.com.gt\/es\/wp-content\/uploads\/2024\/12\/470210614_1097889825670433_8519472912848507544_n-300x225.jpg 300w, https:\/\/elmetropolitano.com.gt\/es\/wp-content\/uploads\/2024\/12\/470210614_1097889825670433_8519472912848507544_n-768x576.jpg 768w, https:\/\/elmetropolitano.com.gt\/es\/wp-content\/uploads\/2024\/12\/470210614_1097889825670433_8519472912848507544_n.jpg 1200w\" sizes=\"auto, (max-width: 1024px) 100vw, 1024px\" \/><\/figure>\n\n\n\n<figure class=\"wp-block-image size-large\"><img loading=\"lazy\" decoding=\"async\" width=\"1024\" height=\"768\" data-id=\"93930\" src=\"https:\/\/elmetropolitano.com.gt\/es\/wp-content\/uploads\/2024\/12\/470212290_1097897772336305_3449897172358820327_n-1024x768.jpg\" alt=\"\" class=\"wp-image-93930\" srcset=\"https:\/\/elmetropolitano.com.gt\/es\/wp-content\/uploads\/2024\/12\/470212290_1097897772336305_3449897172358820327_n-1024x768.jpg 1024w, https:\/\/elmetropolitano.com.gt\/es\/wp-content\/uploads\/2024\/12\/470212290_1097897772336305_3449897172358820327_n-300x225.jpg 300w, https:\/\/elmetropolitano.com.gt\/es\/wp-content\/uploads\/2024\/12\/470212290_1097897772336305_3449897172358820327_n-768x576.jpg 768w, https:\/\/elmetropolitano.com.gt\/es\/wp-content\/uploads\/2024\/12\/470212290_1097897772336305_3449897172358820327_n-1536x1152.jpg 1536w, https:\/\/elmetropolitano.com.gt\/es\/wp-content\/uploads\/2024\/12\/470212290_1097897772336305_3449897172358820327_n.jpg 1600w\" sizes=\"auto, (max-width: 1024px) 100vw, 1024px\" \/><\/figure>\n\n\n\n<figure class=\"wp-block-image size-large\"><img loading=\"lazy\" decoding=\"async\" width=\"1024\" height=\"768\" data-id=\"93933\" src=\"https:\/\/elmetropolitano.com.gt\/es\/wp-content\/uploads\/2024\/12\/470213089_1097897879002961_7362684805811136074_n-1024x768.jpg\" alt=\"\" class=\"wp-image-93933\" srcset=\"https:\/\/elmetropolitano.com.gt\/es\/wp-content\/uploads\/2024\/12\/470213089_1097897879002961_7362684805811136074_n-1024x768.jpg 1024w, https:\/\/elmetropolitano.com.gt\/es\/wp-content\/uploads\/2024\/12\/470213089_1097897879002961_7362684805811136074_n-300x225.jpg 300w, https:\/\/elmetropolitano.com.gt\/es\/wp-content\/uploads\/2024\/12\/470213089_1097897879002961_7362684805811136074_n-768x576.jpg 768w, https:\/\/elmetropolitano.com.gt\/es\/wp-content\/uploads\/2024\/12\/470213089_1097897879002961_7362684805811136074_n-1536x1152.jpg 1536w, https:\/\/elmetropolitano.com.gt\/es\/wp-content\/uploads\/2024\/12\/470213089_1097897879002961_7362684805811136074_n.jpg 2048w\" sizes=\"auto, (max-width: 1024px) 100vw, 1024px\" \/><\/figure>\n\n\n\n<figure class=\"wp-block-image size-large\"><img loading=\"lazy\" decoding=\"async\" width=\"576\" height=\"1024\" data-id=\"93932\" src=\"https:\/\/elmetropolitano.com.gt\/es\/wp-content\/uploads\/2024\/12\/470226634_1097889805670435_1167553540679943331_n-1-576x1024.jpg\" alt=\"\" class=\"wp-image-93932\" srcset=\"https:\/\/elmetropolitano.com.gt\/es\/wp-content\/uploads\/2024\/12\/470226634_1097889805670435_1167553540679943331_n-1-576x1024.jpg 576w, https:\/\/elmetropolitano.com.gt\/es\/wp-content\/uploads\/2024\/12\/470226634_1097889805670435_1167553540679943331_n-1-169x300.jpg 169w, https:\/\/elmetropolitano.com.gt\/es\/wp-content\/uploads\/2024\/12\/470226634_1097889805670435_1167553540679943331_n-1-768x1365.jpg 768w, https:\/\/elmetropolitano.com.gt\/es\/wp-content\/uploads\/2024\/12\/470226634_1097889805670435_1167553540679943331_n-1-864x1536.jpg 864w, https:\/\/elmetropolitano.com.gt\/es\/wp-content\/uploads\/2024\/12\/470226634_1097889805670435_1167553540679943331_n-1.jpg 1152w\" sizes=\"auto, (max-width: 576px) 100vw, 576px\" \/><\/figure>\n<\/figure>\n","protected":false},"excerpt":{"rendered":"<p>El presidente Bernardo Ar\u00e9valo junto con el ministro de la Defensa Nacional, Henry S\u00e1enz llevaron a cabo este viernes 13 de diciembre la inauguraci\u00f3n de la remodelaci\u00f3n de la Comandancia de Reservas Militares, en el departamento de Solol\u00e1. La Reserva Militar de Guatemala la constituyen todos los ciudadanos hombres y mujeres prestos a servir en <a class=\"read-more\" href=\"https:\/\/elmetropolitano.com.gt\/es\/presidente-bernardo-arevalo-inaugura-comandancia-de-reservas-militares-departamental-en-solola\/\">Leer m\u00e1s<\/a><\/p>\n","protected":false},"author":1,"featured_media":93927,"comment_status":"open","ping_status":"closed","sticky":false,"template":"","format":"standard","meta":{"footnotes":""},"categories":[4],"tags":[13],"class_list":["post-93926","post","type-post","status-publish","format-standard","has-post-thumbnail","hentry","category-departamentales","tag-departamentales"],"_links":{"self":[{"href":"https:\/\/elmetropolitano.com.gt\/es\/wp-json\/wp\/v2\/posts\/93926","targetHints":{"allow":["GET"]}}],"collection":[{"href":"https:\/\/elmetropolitano.com.gt\/es\/wp-json\/wp\/v2\/posts"}],"about":[{"href":"https:\/\/elmetropolitano.com.gt\/es\/wp-json\/wp\/v2\/types\/post"}],"author":[{"embeddable":true,"href":"https:\/\/elmetropolitano.com.gt\/es\/wp-json\/wp\/v2\/users\/1"}],"replies":[{"embeddable":true,"href":"https:\/\/elmetropolitano.com.gt\/es\/wp-json\/wp\/v2\/comments?post=93926"}],"version-history":[{"count":1,"href":"https:\/\/elmetropolitano.com.gt\/es\/wp-json\/wp\/v2\/posts\/93926\/revisions"}],"predecessor-version":[{"id":93935,"href":"https:\/\/elmetropolitano.com.gt\/es\/wp-json\/wp\/v2\/posts\/93926\/revisions\/93935"}],"wp:featuredmedia":[{"embeddable":true,"href":"https:\/\/elmetropolitano.com.gt\/es\/wp-json\/wp\/v2\/media\/93927"}],"wp:attachment":[{"href":"https:\/\/elmetropolitano.com.gt\/es\/wp-json\/wp\/v2\/media?parent=93926"}],"wp:term":[{"taxonomy":"category","embeddable":true,"href":"https:\/\/elmetropolitano.com.gt\/es\/wp-json\/wp\/v2\/categories?post=93926"},{"taxonomy":"post_tag","embeddable":true,"href":"https:\/\/elmetropolitano.com.gt\/es\/wp-json\/wp\/v2\/tags?post=93926"}],"curies":[{"name":"wp","href":"https:\/\/api.w.org\/{rel}","templated":true}]}}