{"id":93959,"date":"2024-12-13T21:40:55","date_gmt":"2024-12-14T03:40:55","guid":{"rendered":"https:\/\/elmetropolitano.com.gt\/es\/?p=93959"},"modified":"2024-12-13T21:40:55","modified_gmt":"2024-12-14T03:40:55","slug":"multan-y-suspenden-licencia-ambiental-a-la-minera-sechol","status":"publish","type":"post","link":"https:\/\/elmetropolitano.com.gt\/es\/multan-y-suspenden-licencia-ambiental-a-la-minera-sechol\/","title":{"rendered":"Multan y suspenden licencia ambiental a la Minera Sechol"},"content":{"rendered":"\n<p>El Ministerio de Ambiente y Recursos Naturales (MARN) inform\u00f3 sobre la suspensi\u00f3n de la licencia ambiental del Proyecto de Extracci\u00f3n Minera Sechol, ubicado en Panz\u00f3s, Alta Verapaz.<\/p>\n\n\n\n<p>A <a><\/a>decir de la entidad protectora de los recursos naturales, la Minera Sechol, que opera bajo la entidad Mayaniquel, S. A., incumpli\u00f3 compromisos ambientales que se establecieron en la resoluci\u00f3n de aprobaci\u00f3n de su instrumento ambiental.<\/p><div class=\"elmet-contenido\" id=\"elmet-4253306059\"><div class=\"elmet-adlabel\">Anuncios<\/div><div style=\"margin-top: 20px;margin-right: 20px;margin-bottom: 20px;margin-left: 20px;\" id=\"elmet-3434161740\"><a href=\"https:\/\/www.facebook.com\/arrincuanantigua\/\" aria-label=\"cintillo-arrin-cual\"><img loading=\"lazy\" decoding=\"async\" src=\"https:\/\/elmetropolitano.com.gt\/es\/wp-content\/uploads\/2021\/11\/cintillo-arrin-cual-1.jpg\" alt=\"\"  srcset=\"https:\/\/elmetropolitano.com.gt\/es\/wp-content\/uploads\/2021\/11\/cintillo-arrin-cual-1.jpg 750w, https:\/\/elmetropolitano.com.gt\/es\/wp-content\/uploads\/2021\/11\/cintillo-arrin-cual-1-300x36.jpg 300w, https:\/\/elmetropolitano.com.gt\/es\/wp-content\/uploads\/2021\/11\/cintillo-arrin-cual-1-600x72.jpg 600w\" sizes=\"(max-width: 750px) 100vw, 750px\" width=\"750\" height=\"90\"   \/><\/a><\/div><\/div>\n\n\n\n<p>Por lo tanto, el proyecto minero deber\u00e1 asumir el pago de una multa de 2 millones 649 mil 642 quetzales.<\/p>\n\n\n\n<p>Estas medidas buscan que la empresa cumpla con los compromisos ambientales adquiridos, advierte el MARN.<\/p>\n\n\n\n<p>Para la actuaci\u00f3n anunciada, el ministerio argument\u00f3 las atribuciones del Art\u00edculo 63 del Reglamento de Evaluaci\u00f3n, Control y Seguimiento Ambiental, el cual establece que una licencia ambiental puede suspenderse temporalmente por incumplimiento de compromisos ambientales adquiridos.<\/p>\n\n\n\n<p><a href=\"https:\/\/www.facebook.com\/hashtag\/medioambiente?__eep__=6&amp;__cft__[0]=AZXzsAai86sXaxsv8HjtToDPHY74-8gmiIV1dVD8Lq4R_MzcO5AQqbgqH4FSNvNxKI0CFLufE-mw9DCCUt3rWA0r4GatPQDtG8OExnDrXBw512fXmlQXcx_X9wAfMtHgHhVbH_HpQU9yhqRMqoDiJj-SU1F_wZB2iNxNG3gT60exK_BUyG_hfBUcOkDvccAhAME&amp;__tn__=*NK-R\">#MedioAmbiente<\/a><a href=\"https:\/\/www.facebook.com\/hashtag\/minerasechol?__eep__=6&amp;__cft__[0]=AZXzsAai86sXaxsv8HjtToDPHY74-8gmiIV1dVD8Lq4R_MzcO5AQqbgqH4FSNvNxKI0CFLufE-mw9DCCUt3rWA0r4GatPQDtG8OExnDrXBw512fXmlQXcx_X9wAfMtHgHhVbH_HpQU9yhqRMqoDiJj-SU1F_wZB2iNxNG3gT60exK_BUyG_hfBUcOkDvccAhAME&amp;__tn__=*NK-R\">#MineraSechol<\/a><a href=\"https:\/\/www.facebook.com\/hashtag\/metroredes?__eep__=6&amp;__cft__[0]=AZXzsAai86sXaxsv8HjtToDPHY74-8gmiIV1dVD8Lq4R_MzcO5AQqbgqH4FSNvNxKI0CFLufE-mw9DCCUt3rWA0r4GatPQDtG8OExnDrXBw512fXmlQXcx_X9wAfMtHgHhVbH_HpQU9yhqRMqoDiJj-SU1F_wZB2iNxNG3gT60exK_BUyG_hfBUcOkDvccAhAME&amp;__tn__=*NK-R\">#metroredes<\/a><a href=\"https:\/\/www.facebook.com\/hashtag\/panzos?__eep__=6&amp;__cft__[0]=AZXzsAai86sXaxsv8HjtToDPHY74-8gmiIV1dVD8Lq4R_MzcO5AQqbgqH4FSNvNxKI0CFLufE-mw9DCCUt3rWA0r4GatPQDtG8OExnDrXBw512fXmlQXcx_X9wAfMtHgHhVbH_HpQU9yhqRMqoDiJj-SU1F_wZB2iNxNG3gT60exK_BUyG_hfBUcOkDvccAhAME&amp;__tn__=*NK-R\">#Panzos<\/a><a href=\"https:\/\/www.facebook.com\/hashtag\/mayanikel?__eep__=6&amp;__cft__[0]=AZXzsAai86sXaxsv8HjtToDPHY74-8gmiIV1dVD8Lq4R_MzcO5AQqbgqH4FSNvNxKI0CFLufE-mw9DCCUt3rWA0r4GatPQDtG8OExnDrXBw512fXmlQXcx_X9wAfMtHgHhVbH_HpQU9yhqRMqoDiJj-SU1F_wZB2iNxNG3gT60exK_BUyG_hfBUcOkDvccAhAME&amp;__tn__=*NK-R\">#mayanikel<\/a><\/p>\n\n\n\n<figure class=\"wp-block-gallery has-nested-images columns-default is-cropped wp-block-gallery-1 is-layout-flex wp-block-gallery-is-layout-flex\">\n<figure class=\"wp-block-image size-large\"><img loading=\"lazy\" decoding=\"async\" width=\"788\" height=\"1024\" data-id=\"93961\" src=\"https:\/\/elmetropolitano.com.gt\/es\/wp-content\/uploads\/2024\/12\/470202932_1097924042333678_2571731658457105938_n-1-788x1024.jpg\" alt=\"\" class=\"wp-image-93961\" srcset=\"https:\/\/elmetropolitano.com.gt\/es\/wp-content\/uploads\/2024\/12\/470202932_1097924042333678_2571731658457105938_n-1-788x1024.jpg 788w, https:\/\/elmetropolitano.com.gt\/es\/wp-content\/uploads\/2024\/12\/470202932_1097924042333678_2571731658457105938_n-1-231x300.jpg 231w, https:\/\/elmetropolitano.com.gt\/es\/wp-content\/uploads\/2024\/12\/470202932_1097924042333678_2571731658457105938_n-1-768x998.jpg 768w, https:\/\/elmetropolitano.com.gt\/es\/wp-content\/uploads\/2024\/12\/470202932_1097924042333678_2571731658457105938_n-1-1182x1536.jpg 1182w, https:\/\/elmetropolitano.com.gt\/es\/wp-content\/uploads\/2024\/12\/470202932_1097924042333678_2571731658457105938_n-1.jpg 1576w\" sizes=\"auto, (max-width: 788px) 100vw, 788px\" \/><\/figure>\n<\/figure>\n","protected":false},"excerpt":{"rendered":"<p>El Ministerio de Ambiente y Recursos Naturales (MARN) inform\u00f3 sobre la suspensi\u00f3n de la licencia ambiental del Proyecto de Extracci\u00f3n Minera Sechol, ubicado en Panz\u00f3s, Alta Verapaz. A decir de la entidad protectora de los recursos naturales, la Minera Sechol, que opera bajo la entidad Mayaniquel, S. A., incumpli\u00f3 compromisos ambientales que se establecieron en <a class=\"read-more\" href=\"https:\/\/elmetropolitano.com.gt\/es\/multan-y-suspenden-licencia-ambiental-a-la-minera-sechol\/\">Leer m\u00e1s<\/a><\/p>\n","protected":false},"author":1,"featured_media":93960,"comment_status":"open","ping_status":"closed","sticky":false,"template":"","format":"standard","meta":{"footnotes":""},"categories":[4],"tags":[13],"class_list":["post-93959","post","type-post","status-publish","format-standard","has-post-thumbnail","hentry","category-departamentales","tag-departamentales"],"_links":{"self":[{"href":"https:\/\/elmetropolitano.com.gt\/es\/wp-json\/wp\/v2\/posts\/93959","targetHints":{"allow":["GET"]}}],"collection":[{"href":"https:\/\/elmetropolitano.com.gt\/es\/wp-json\/wp\/v2\/posts"}],"about":[{"href":"https:\/\/elmetropolitano.com.gt\/es\/wp-json\/wp\/v2\/types\/post"}],"author":[{"embeddable":true,"href":"https:\/\/elmetropolitano.com.gt\/es\/wp-json\/wp\/v2\/users\/1"}],"replies":[{"embeddable":true,"href":"https:\/\/elmetropolitano.com.gt\/es\/wp-json\/wp\/v2\/comments?post=93959"}],"version-history":[{"count":1,"href":"https:\/\/elmetropolitano.com.gt\/es\/wp-json\/wp\/v2\/posts\/93959\/revisions"}],"predecessor-version":[{"id":93962,"href":"https:\/\/elmetropolitano.com.gt\/es\/wp-json\/wp\/v2\/posts\/93959\/revisions\/93962"}],"wp:featuredmedia":[{"embeddable":true,"href":"https:\/\/elmetropolitano.com.gt\/es\/wp-json\/wp\/v2\/media\/93960"}],"wp:attachment":[{"href":"https:\/\/elmetropolitano.com.gt\/es\/wp-json\/wp\/v2\/media?parent=93959"}],"wp:term":[{"taxonomy":"category","embeddable":true,"href":"https:\/\/elmetropolitano.com.gt\/es\/wp-json\/wp\/v2\/categories?post=93959"},{"taxonomy":"post_tag","embeddable":true,"href":"https:\/\/elmetropolitano.com.gt\/es\/wp-json\/wp\/v2\/tags?post=93959"}],"curies":[{"name":"wp","href":"https:\/\/api.w.org\/{rel}","templated":true}]}}