{"id":94212,"date":"2024-12-18T09:45:19","date_gmt":"2024-12-18T15:45:19","guid":{"rendered":"https:\/\/elmetropolitano.com.gt\/es\/?p=94212"},"modified":"2024-12-18T09:45:20","modified_gmt":"2024-12-18T15:45:20","slug":"los-bancos-privados-eligen-a-sus-representantes-ante-la-junta-monetaria","status":"publish","type":"post","link":"https:\/\/elmetropolitano.com.gt\/es\/los-bancos-privados-eligen-a-sus-representantes-ante-la-junta-monetaria\/","title":{"rendered":"Los bancos privados eligen a sus representantes ante la Junta Monetaria"},"content":{"rendered":"\n<p>Luis Rolando Lara Grojec y Enrique Rodr\u00edguez Mahr fueron electos este martes como <a><\/a>representantes del sector bancario privado de Guatemala (titular y suplente) para conformar la Junta Monetaria durante el 2025.<\/p>\n\n\n\n<p>Por medio de un comunicado oficial, la Superintendencia de Bancos (Sib) inform\u00f3:<\/p><div class=\"elmet-contenido\" id=\"elmet-2697045395\"><div class=\"elmet-adlabel\">Anuncios<\/div><div style=\"margin-top: 20px;margin-right: 20px;margin-bottom: 20px;margin-left: 20px;\" id=\"elmet-3032778435\"><a href=\"https:\/\/www.facebook.com\/arrincuanantigua\/\" aria-label=\"cintillo-arrin-cual\"><img loading=\"lazy\" decoding=\"async\" src=\"https:\/\/elmetropolitano.com.gt\/es\/wp-content\/uploads\/2021\/11\/cintillo-arrin-cual-1.jpg\" alt=\"\"  srcset=\"https:\/\/elmetropolitano.com.gt\/es\/wp-content\/uploads\/2021\/11\/cintillo-arrin-cual-1.jpg 750w, https:\/\/elmetropolitano.com.gt\/es\/wp-content\/uploads\/2021\/11\/cintillo-arrin-cual-1-300x36.jpg 300w, https:\/\/elmetropolitano.com.gt\/es\/wp-content\/uploads\/2021\/11\/cintillo-arrin-cual-1-600x72.jpg 600w\" sizes=\"(max-width: 750px) 100vw, 750px\" width=\"750\" height=\"90\"   \/><\/a><\/div><\/div>\n\n\n\n<p>El acto de elecci\u00f3n de la Junta Monetaria titular y suplente se realiz\u00f3 hoy, eligiendo a Luis Rolando Lara Grojec como titular y Enrique Rodr\u00edguez Mahr como suplente.<\/p>\n\n\n\n<p>La votaci\u00f3n se llev\u00f3 a cabo por parte de los presidentes de los consejos de administraci\u00f3n o juntas directivas de los bancos privados nacionales.<\/p>\n\n\n\n<p>Su representaci\u00f3n<\/p>\n\n\n\n<p>Los miembros titulares y suplentes electos hoy representar\u00e1n a los bancos privados ante la Junta Monetaria, en el per\u00edodo conformado del 14 de enero del 2025 al 13 de enero del 2026.<\/p>\n\n\n\n<p>Dicha elecci\u00f3n se efectu\u00f3 conforme a procedimiento establecido en los art\u00edculos 10 y 11 del reglamento.<\/p>\n\n\n\n<p>El referido acto fue documentado en acta administrativa, cuya certificaci\u00f3n fue elevada a la Junta Monetaria para los efectos establecidos en el art\u00edculo 16 del Reglamento para la Elecci\u00f3n de los Miembros de la Junta Monetaria por Parte del Sector Privado Empresarial y Bancario.<\/p>\n\n\n\n<p>Sobre la Junta Monetaria<\/p>\n\n\n\n<p>El primer p\u00e1rrafo del art\u00edculo 133 de la Carta Magna dispone que la Junta Monetaria tiene a su cargo la determinaci\u00f3n de la pol\u00edtica monetaria, cambiaria y crediticia del pa\u00eds. Y velar\u00e1 por la liquidez y solvencia del sistema bancario nacional, asegurando la estabilidad y el fortalecimiento del ahorro nacional.<\/p>\n\n\n\n<p>La Junta Monetaria la integran el presidente del Banco de Guatemala, quien la preside; los ministros de Finanzas, de Econom\u00eda y de Agricultura; as\u00ed como un representante titular y otro suplente del Congreso de la Rep\u00fablica, y uno de las asociaciones empresariales de comercio.<\/p>\n\n\n\n<p>Texto: Brenda Larios<\/p>\n\n\n\n<p><a href=\"https:\/\/www.facebook.com\/hashtag\/elfinancierogt?__eep__=6&amp;__cft__[0]=AZWBgrua2D0c3Lcw_oYmTYI6Y5WyN4hbOaDGUPKT2UuwzNvH5WiPGypLuvNSKgb_fQePVhxMHOd41c2UYpF4snn-gbsEaLkge1BoV7Oy9cUkmmme69NNqzBzC9sayle61FF3_gfHA-XgyShTf25uoCl4uv2MOeXswI059CkhnxtPp3Okbl7sm5MJzP1xAMdV7lVX9IP0s3epIe8g0opv69RalhK9fNvKo5y6ljiVxRHt5Q&amp;__tn__=*NK-y-R\">#elfinancierogt<\/a><a href=\"https:\/\/www.facebook.com\/hashtag\/juntamonetaria?__eep__=6&amp;__cft__[0]=AZWBgrua2D0c3Lcw_oYmTYI6Y5WyN4hbOaDGUPKT2UuwzNvH5WiPGypLuvNSKgb_fQePVhxMHOd41c2UYpF4snn-gbsEaLkge1BoV7Oy9cUkmmme69NNqzBzC9sayle61FF3_gfHA-XgyShTf25uoCl4uv2MOeXswI059CkhnxtPp3Okbl7sm5MJzP1xAMdV7lVX9IP0s3epIe8g0opv69RalhK9fNvKo5y6ljiVxRHt5Q&amp;__tn__=*NK-y-R\">#JuntaMonetaria<\/a><a href=\"https:\/\/www.facebook.com\/hashtag\/metroredes?__eep__=6&amp;__cft__[0]=AZWBgrua2D0c3Lcw_oYmTYI6Y5WyN4hbOaDGUPKT2UuwzNvH5WiPGypLuvNSKgb_fQePVhxMHOd41c2UYpF4snn-gbsEaLkge1BoV7Oy9cUkmmme69NNqzBzC9sayle61FF3_gfHA-XgyShTf25uoCl4uv2MOeXswI059CkhnxtPp3Okbl7sm5MJzP1xAMdV7lVX9IP0s3epIe8g0opv69RalhK9fNvKo5y6ljiVxRHt5Q&amp;__tn__=*NK-y-R\">#metroredes<\/a><a href=\"https:\/\/www.facebook.com\/hashtag\/bancos?__eep__=6&amp;__cft__[0]=AZWBgrua2D0c3Lcw_oYmTYI6Y5WyN4hbOaDGUPKT2UuwzNvH5WiPGypLuvNSKgb_fQePVhxMHOd41c2UYpF4snn-gbsEaLkge1BoV7Oy9cUkmmme69NNqzBzC9sayle61FF3_gfHA-XgyShTf25uoCl4uv2MOeXswI059CkhnxtPp3Okbl7sm5MJzP1xAMdV7lVX9IP0s3epIe8g0opv69RalhK9fNvKo5y6ljiVxRHt5Q&amp;__tn__=*NK-y-R\">#bancos<\/a><\/p>\n\n\n\n<p>#elfinancierogt <\/p>\n\n\n\n<figure class=\"wp-block-gallery has-nested-images columns-default is-cropped wp-block-gallery-1 is-layout-flex wp-block-gallery-is-layout-flex\">\n<figure class=\"wp-block-image size-large\"><img loading=\"lazy\" decoding=\"async\" width=\"791\" height=\"1024\" data-id=\"94214\" src=\"https:\/\/elmetropolitano.com.gt\/es\/wp-content\/uploads\/2024\/12\/470674238_122103213356661931_4492931470561157820_n-791x1024.jpg\" alt=\"\" class=\"wp-image-94214\" srcset=\"https:\/\/elmetropolitano.com.gt\/es\/wp-content\/uploads\/2024\/12\/470674238_122103213356661931_4492931470561157820_n-791x1024.jpg 791w, https:\/\/elmetropolitano.com.gt\/es\/wp-content\/uploads\/2024\/12\/470674238_122103213356661931_4492931470561157820_n-232x300.jpg 232w, https:\/\/elmetropolitano.com.gt\/es\/wp-content\/uploads\/2024\/12\/470674238_122103213356661931_4492931470561157820_n-768x994.jpg 768w, https:\/\/elmetropolitano.com.gt\/es\/wp-content\/uploads\/2024\/12\/470674238_122103213356661931_4492931470561157820_n.jpg 1116w\" sizes=\"auto, (max-width: 791px) 100vw, 791px\" \/><\/figure>\n<\/figure>\n","protected":false},"excerpt":{"rendered":"<p>Luis Rolando Lara Grojec y Enrique Rodr\u00edguez Mahr fueron electos este martes como representantes del sector bancario privado de Guatemala (titular y suplente) para conformar la Junta Monetaria durante el 2025. Por medio de un comunicado oficial, la Superintendencia de Bancos (Sib) inform\u00f3: El acto de elecci\u00f3n de la Junta Monetaria titular y suplente se <a class=\"read-more\" href=\"https:\/\/elmetropolitano.com.gt\/es\/los-bancos-privados-eligen-a-sus-representantes-ante-la-junta-monetaria\/\">Leer m\u00e1s<\/a><\/p>\n","protected":false},"author":1,"featured_media":94213,"comment_status":"open","ping_status":"closed","sticky":false,"template":"","format":"standard","meta":{"footnotes":""},"categories":[21],"tags":[20],"class_list":["post-94212","post","type-post","status-publish","format-standard","has-post-thumbnail","hentry","category-economia","tag-economia"],"_links":{"self":[{"href":"https:\/\/elmetropolitano.com.gt\/es\/wp-json\/wp\/v2\/posts\/94212","targetHints":{"allow":["GET"]}}],"collection":[{"href":"https:\/\/elmetropolitano.com.gt\/es\/wp-json\/wp\/v2\/posts"}],"about":[{"href":"https:\/\/elmetropolitano.com.gt\/es\/wp-json\/wp\/v2\/types\/post"}],"author":[{"embeddable":true,"href":"https:\/\/elmetropolitano.com.gt\/es\/wp-json\/wp\/v2\/users\/1"}],"replies":[{"embeddable":true,"href":"https:\/\/elmetropolitano.com.gt\/es\/wp-json\/wp\/v2\/comments?post=94212"}],"version-history":[{"count":1,"href":"https:\/\/elmetropolitano.com.gt\/es\/wp-json\/wp\/v2\/posts\/94212\/revisions"}],"predecessor-version":[{"id":94215,"href":"https:\/\/elmetropolitano.com.gt\/es\/wp-json\/wp\/v2\/posts\/94212\/revisions\/94215"}],"wp:featuredmedia":[{"embeddable":true,"href":"https:\/\/elmetropolitano.com.gt\/es\/wp-json\/wp\/v2\/media\/94213"}],"wp:attachment":[{"href":"https:\/\/elmetropolitano.com.gt\/es\/wp-json\/wp\/v2\/media?parent=94212"}],"wp:term":[{"taxonomy":"category","embeddable":true,"href":"https:\/\/elmetropolitano.com.gt\/es\/wp-json\/wp\/v2\/categories?post=94212"},{"taxonomy":"post_tag","embeddable":true,"href":"https:\/\/elmetropolitano.com.gt\/es\/wp-json\/wp\/v2\/tags?post=94212"}],"curies":[{"name":"wp","href":"https:\/\/api.w.org\/{rel}","templated":true}]}}