{"id":94338,"date":"2024-12-20T17:28:44","date_gmt":"2024-12-20T23:28:44","guid":{"rendered":"https:\/\/elmetropolitano.com.gt\/es\/?p=94338"},"modified":"2024-12-20T17:28:44","modified_gmt":"2024-12-20T23:28:44","slug":"pnc-rescata-a-160-menores-de-la-secta-lev-tahor","status":"publish","type":"post","link":"https:\/\/elmetropolitano.com.gt\/es\/pnc-rescata-a-160-menores-de-la-secta-lev-tahor\/","title":{"rendered":"PNC rescata a 160 menores de la secta Lev Tahor"},"content":{"rendered":"\n<p>El ministro de Gobernaci\u00f3n, Francisco Jim\u00e9nez, anunci\u00f3 a trav\u00e9s de sus redes sociales un importante operativo llevado a cabo por la Polic\u00eda Nacional Civil (PNC), que permiti\u00f3 el rescate de 160 menores de edad, presuntamente v\u00edctimas de abuso infantil por parte de la secta Lev Tahor, grupo jud\u00edo ultraortodoxo asentado en el municipio de Oratorio, Santa Rosa.<\/p>\n\n\n\n<p>El ministro mencion\u00f3, en su cuenta de X:<\/p><div class=\"elmet-contenido\" id=\"elmet-3643586617\"><div class=\"elmet-adlabel\">Anuncios<\/div><div style=\"margin-top: 20px;margin-right: 20px;margin-bottom: 20px;margin-left: 20px;\" id=\"elmet-2497121993\"><a href=\"https:\/\/www.facebook.com\/arrincuanantigua\/\" aria-label=\"cintillo-arrin-cual\"><img loading=\"lazy\" decoding=\"async\" src=\"https:\/\/elmetropolitano.com.gt\/es\/wp-content\/uploads\/2021\/11\/cintillo-arrin-cual-1.jpg\" alt=\"\"  srcset=\"https:\/\/elmetropolitano.com.gt\/es\/wp-content\/uploads\/2021\/11\/cintillo-arrin-cual-1.jpg 750w, https:\/\/elmetropolitano.com.gt\/es\/wp-content\/uploads\/2021\/11\/cintillo-arrin-cual-1-300x36.jpg 300w, https:\/\/elmetropolitano.com.gt\/es\/wp-content\/uploads\/2021\/11\/cintillo-arrin-cual-1-600x72.jpg 600w\" sizes=\"(max-width: 750px) 100vw, 750px\" width=\"750\" height=\"90\"   \/><\/a><\/div><\/div>\n\n\n\n<p>La PNC, con el apoyo de varias dependencias, reafirma \u00a1cero tolerancia al abuso infantil!<\/p>\n\n\n\n<p>Antecedentes<\/p>\n\n\n\n<p>El pasado 26 de agosto, la Procuradur\u00eda General de la Naci\u00f3n (PGN) intent\u00f3 ingresar al lugar, ya que esta comunidad se a\u00edsla de la sociedad. La entidad atendi\u00f3 las preocupaciones sobre posibles violaciones a los derechos de los menores, situaci\u00f3n denunciada por diversos sectores. Sin embargo, en esa ocasi\u00f3n, el acceso les fue negado.<\/p>\n\n\n\n<p>Este d\u00eda, con el apoyo de entidades nacionales e internacionales, las autoridades lograron intervenir, marcando un paso crucial en la protecci\u00f3n de la ni\u00f1ez. Esto, con \u00e9nfasis en el inter\u00e9s superior del ni\u00f1o en la Rep\u00fablica de Guatemala.<\/p>\n\n\n\n<p>Hasta el momento, no se han brindado mayores detalles sobre el estado de los menores ni las acciones legales contra los implicados. Se espera que en las pr\u00f3ximas horas las autoridades ampl\u00eden la informaci\u00f3n sobre este caso que ha generado conmoci\u00f3n y repudio en el pa\u00eds.<\/p>\n\n\n\n<p>Lincy Rodr\u00edguez<\/p>\n\n\n\n<p>#metroredes <a href=\"http:\/\/www.elmetropolitano.com.gt\">www.elmetropolitano.com.gt<\/a>\u00a0 <a href=\"http:\/\/www.metroredes.com\">www.metroredes.com<\/a> <a href=\"http:\/\/www.elescuintleco.com\">www.elescuintleco.com<\/a><\/p>\n\n\n\n<figure class=\"wp-block-gallery has-nested-images columns-default is-cropped wp-block-gallery-1 is-layout-flex wp-block-gallery-is-layout-flex\">\n<figure class=\"wp-block-image size-large\"><img loading=\"lazy\" decoding=\"async\" width=\"794\" height=\"794\" data-id=\"94340\" src=\"https:\/\/elmetropolitano.com.gt\/es\/wp-content\/uploads\/2024\/12\/GfRAUP3W4AAeXdq.jpeg\" alt=\"\" class=\"wp-image-94340\" srcset=\"https:\/\/elmetropolitano.com.gt\/es\/wp-content\/uploads\/2024\/12\/GfRAUP3W4AAeXdq.jpeg 794w, https:\/\/elmetropolitano.com.gt\/es\/wp-content\/uploads\/2024\/12\/GfRAUP3W4AAeXdq-300x300.jpeg 300w, https:\/\/elmetropolitano.com.gt\/es\/wp-content\/uploads\/2024\/12\/GfRAUP3W4AAeXdq-150x150.jpeg 150w, https:\/\/elmetropolitano.com.gt\/es\/wp-content\/uploads\/2024\/12\/GfRAUP3W4AAeXdq-768x768.jpeg 768w\" sizes=\"auto, (max-width: 794px) 100vw, 794px\" \/><\/figure>\n\n\n\n<figure class=\"wp-block-image size-large\"><img loading=\"lazy\" decoding=\"async\" width=\"672\" height=\"672\" data-id=\"94341\" src=\"https:\/\/elmetropolitano.com.gt\/es\/wp-content\/uploads\/2024\/12\/GfRAUPzXwAA5iIw.jpeg\" alt=\"\" class=\"wp-image-94341\" srcset=\"https:\/\/elmetropolitano.com.gt\/es\/wp-content\/uploads\/2024\/12\/GfRAUPzXwAA5iIw.jpeg 672w, https:\/\/elmetropolitano.com.gt\/es\/wp-content\/uploads\/2024\/12\/GfRAUPzXwAA5iIw-300x300.jpeg 300w, https:\/\/elmetropolitano.com.gt\/es\/wp-content\/uploads\/2024\/12\/GfRAUPzXwAA5iIw-150x150.jpeg 150w\" sizes=\"auto, (max-width: 672px) 100vw, 672px\" \/><\/figure>\n<\/figure>\n","protected":false},"excerpt":{"rendered":"<p>El ministro de Gobernaci\u00f3n, Francisco Jim\u00e9nez, anunci\u00f3 a trav\u00e9s de sus redes sociales un importante operativo llevado a cabo por la Polic\u00eda Nacional Civil (PNC), que permiti\u00f3 el rescate de 160 menores de edad, presuntamente v\u00edctimas de abuso infantil por parte de la secta Lev Tahor, grupo jud\u00edo ultraortodoxo asentado en el municipio de Oratorio, <a class=\"read-more\" href=\"https:\/\/elmetropolitano.com.gt\/es\/pnc-rescata-a-160-menores-de-la-secta-lev-tahor\/\">Leer m\u00e1s<\/a><\/p>\n","protected":false},"author":1,"featured_media":94339,"comment_status":"open","ping_status":"closed","sticky":false,"template":"","format":"standard","meta":{"footnotes":""},"categories":[4],"tags":[13],"class_list":["post-94338","post","type-post","status-publish","format-standard","has-post-thumbnail","hentry","category-departamentales","tag-departamentales"],"_links":{"self":[{"href":"https:\/\/elmetropolitano.com.gt\/es\/wp-json\/wp\/v2\/posts\/94338","targetHints":{"allow":["GET"]}}],"collection":[{"href":"https:\/\/elmetropolitano.com.gt\/es\/wp-json\/wp\/v2\/posts"}],"about":[{"href":"https:\/\/elmetropolitano.com.gt\/es\/wp-json\/wp\/v2\/types\/post"}],"author":[{"embeddable":true,"href":"https:\/\/elmetropolitano.com.gt\/es\/wp-json\/wp\/v2\/users\/1"}],"replies":[{"embeddable":true,"href":"https:\/\/elmetropolitano.com.gt\/es\/wp-json\/wp\/v2\/comments?post=94338"}],"version-history":[{"count":1,"href":"https:\/\/elmetropolitano.com.gt\/es\/wp-json\/wp\/v2\/posts\/94338\/revisions"}],"predecessor-version":[{"id":94342,"href":"https:\/\/elmetropolitano.com.gt\/es\/wp-json\/wp\/v2\/posts\/94338\/revisions\/94342"}],"wp:featuredmedia":[{"embeddable":true,"href":"https:\/\/elmetropolitano.com.gt\/es\/wp-json\/wp\/v2\/media\/94339"}],"wp:attachment":[{"href":"https:\/\/elmetropolitano.com.gt\/es\/wp-json\/wp\/v2\/media?parent=94338"}],"wp:term":[{"taxonomy":"category","embeddable":true,"href":"https:\/\/elmetropolitano.com.gt\/es\/wp-json\/wp\/v2\/categories?post=94338"},{"taxonomy":"post_tag","embeddable":true,"href":"https:\/\/elmetropolitano.com.gt\/es\/wp-json\/wp\/v2\/tags?post=94338"}],"curies":[{"name":"wp","href":"https:\/\/api.w.org\/{rel}","templated":true}]}}