{"id":94384,"date":"2024-12-22T15:28:40","date_gmt":"2024-12-22T21:28:40","guid":{"rendered":"https:\/\/elmetropolitano.com.gt\/es\/?p=94384"},"modified":"2024-12-22T15:28:41","modified_gmt":"2024-12-22T21:28:41","slug":"estamos-en-la-transicion-a-la-economia-circular-en-guatemala","status":"publish","type":"post","link":"https:\/\/elmetropolitano.com.gt\/es\/estamos-en-la-transicion-a-la-economia-circular-en-guatemala\/","title":{"rendered":"\u00bfEstamos en la transici\u00f3n a la econom\u00eda circular en Guatemala?"},"content":{"rendered":"\n<p>El Ministerio de Ambiente y Recursos Naturales (MARN) busca impulsar la econom\u00eda circular como un modelo de producci\u00f3n y consumo que implica compartir, reutilizar, renovar y reciclar materiales existentes todas las veces posibles para mejorar su valor a\u00f1adido.<\/p>\n\n\n\n<p>Recientemente se lanz\u00f3 la Estrategia Nacional para la Transici\u00f3n hacia una Econom\u00eda Circular en Guatemala 2024-2045, un esfuerzo por optimizar el aprovechamiento de los residuos y desechos s\u00f3lidos en el pa\u00eds.<\/p><div class=\"elmet-contenido\" id=\"elmet-2397741928\"><div class=\"elmet-adlabel\">Anuncios<\/div><div style=\"margin-top: 20px;margin-right: 20px;margin-bottom: 20px;margin-left: 20px;\" id=\"elmet-3991315743\"><a href=\"https:\/\/www.facebook.com\/arrincuanantigua\/\" aria-label=\"cintillo-arrin-cual\"><img loading=\"lazy\" decoding=\"async\" src=\"https:\/\/elmetropolitano.com.gt\/es\/wp-content\/uploads\/2021\/11\/cintillo-arrin-cual-1.jpg\" alt=\"\"  srcset=\"https:\/\/elmetropolitano.com.gt\/es\/wp-content\/uploads\/2021\/11\/cintillo-arrin-cual-1.jpg 750w, https:\/\/elmetropolitano.com.gt\/es\/wp-content\/uploads\/2021\/11\/cintillo-arrin-cual-1-300x36.jpg 300w, https:\/\/elmetropolitano.com.gt\/es\/wp-content\/uploads\/2021\/11\/cintillo-arrin-cual-1-600x72.jpg 600w\" sizes=\"(max-width: 750px) 100vw, 750px\" width=\"750\" height=\"90\"   \/><\/a><\/div><\/div>\n\n\n\n<p>El objetivo principal de esta estrategia es guiar las acciones hacia el cumplimiento de los art\u00edculos 47 y 48 del Acuerdo Gubernativo 164-2021, que establece la promoci\u00f3n de la econom\u00eda circular. Esta iniciativa busca reducir, reutilizar y reciclar los residuos, as\u00ed como valorizar los materiales a trav\u00e9s de una coordinaci\u00f3n efectiva entre instituciones y sectores.<\/p>\n\n\n\n<p>La estrategia cuenta con el apoyo de la Uni\u00f3n Europea, a trav\u00e9s de Euroclima, para la implementaci\u00f3n del plan de acci\u00f3n para el manejo de residuos s\u00f3lidos comunes, que abarca el per\u00edodo 2025-2045.<\/p>\n\n\n\n<p>El viceministro de Recursos Naturales y Cambio Clim\u00e1tico, Edwin Castellanos, destac\u00f3 durante el lanzamiento de la estrategia que este plan tiene como fin mejorar el aprovechamiento de los residuos, contribuyendo as\u00ed a la creaci\u00f3n de un pa\u00eds m\u00e1s limpio y sostenible.<\/p>\n\n\n\n<p>La econom\u00eda circular no solo es un modelo de producci\u00f3n y consumo, sino una oportunidad para transformar nuestra relaci\u00f3n con los recursos naturales, afirm\u00f3.<\/p>\n\n\n\n<p>Sobre la econom\u00eda circular<\/p>\n\n\n\n<p>La econom\u00eda circular se define como un modelo que promueve la reutilizaci\u00f3n, modernizaci\u00f3n y reciclaje de materiales y productos existentes, maximizando su valor y extendiendo su ciclo de vida.<\/p>\n\n\n\n<p>Esta estrategia implementar\u00e1 pr\u00e1cticas que minimicen la generaci\u00f3n de residuos, asegurando que, al final de su vida \u00fatil, los materiales se mantengan dentro de la econom\u00eda circular a trav\u00e9s del reciclaje, permitiendo su uso productivo repetido y generando valor adicional.<\/p>\n\n\n\n<p>Este enfoque contrasta con el modelo econ\u00f3mico lineal tradicional, que se basa en el concepto de usar y tirar, el cual requiere grandes cantidades de materiales y energ\u00eda de f\u00e1cil acceso, contribuyendo a la degradaci\u00f3n ambiental.<\/p>\n\n\n\n<p>La transici\u00f3n hacia una econom\u00eda circular no solo es esencial para la sostenibilidad ambiental, sino que tambi\u00e9n puede impulsar la innovaci\u00f3n y la competitividad en el pa\u00eds.<\/p>\n\n\n\n<p>Texto &nbsp;Iris Ibeth P\u00e9rez herrera<\/p>\n\n\n\n<p>#econom\u00eda #metroredes <a href=\"http:\/\/www.elmetropolitano.com.gt\">www.elmetropolitano.com.gt<\/a> <a href=\"http:\/\/www.metroredes.com\">www.metroredes.com<\/a> <a href=\"http:\/\/www.elescuintleco.com\">www.elescuintleco.com<\/a><\/p>\n\n\n\n<figure class=\"wp-block-gallery has-nested-images columns-default is-cropped wp-block-gallery-1 is-layout-flex wp-block-gallery-is-layout-flex\">\n<figure class=\"wp-block-image size-large\"><img loading=\"lazy\" decoding=\"async\" width=\"1024\" height=\"638\" data-id=\"94386\" src=\"https:\/\/elmetropolitano.com.gt\/es\/wp-content\/uploads\/2024\/12\/Economia-Circular-1.jpeg\" alt=\"\" class=\"wp-image-94386\" srcset=\"https:\/\/elmetropolitano.com.gt\/es\/wp-content\/uploads\/2024\/12\/Economia-Circular-1.jpeg 1024w, https:\/\/elmetropolitano.com.gt\/es\/wp-content\/uploads\/2024\/12\/Economia-Circular-1-300x187.jpeg 300w, https:\/\/elmetropolitano.com.gt\/es\/wp-content\/uploads\/2024\/12\/Economia-Circular-1-768x479.jpeg 768w\" sizes=\"auto, (max-width: 1024px) 100vw, 1024px\" \/><\/figure>\n\n\n\n<figure class=\"wp-block-image size-large\"><img loading=\"lazy\" decoding=\"async\" width=\"1024\" height=\"683\" data-id=\"94387\" src=\"https:\/\/elmetropolitano.com.gt\/es\/wp-content\/uploads\/2024\/12\/Economia-Circular-2.jpeg\" alt=\"\" class=\"wp-image-94387\" srcset=\"https:\/\/elmetropolitano.com.gt\/es\/wp-content\/uploads\/2024\/12\/Economia-Circular-2.jpeg 1024w, https:\/\/elmetropolitano.com.gt\/es\/wp-content\/uploads\/2024\/12\/Economia-Circular-2-300x200.jpeg 300w, https:\/\/elmetropolitano.com.gt\/es\/wp-content\/uploads\/2024\/12\/Economia-Circular-2-768x512.jpeg 768w\" sizes=\"auto, (max-width: 1024px) 100vw, 1024px\" \/><\/figure>\n\n\n\n<figure class=\"wp-block-image size-large\"><img loading=\"lazy\" decoding=\"async\" width=\"1024\" height=\"683\" data-id=\"94388\" src=\"https:\/\/elmetropolitano.com.gt\/es\/wp-content\/uploads\/2024\/12\/Economia-circular-3.jpeg\" alt=\"\" class=\"wp-image-94388\" srcset=\"https:\/\/elmetropolitano.com.gt\/es\/wp-content\/uploads\/2024\/12\/Economia-circular-3.jpeg 1024w, https:\/\/elmetropolitano.com.gt\/es\/wp-content\/uploads\/2024\/12\/Economia-circular-3-300x200.jpeg 300w, https:\/\/elmetropolitano.com.gt\/es\/wp-content\/uploads\/2024\/12\/Economia-circular-3-768x512.jpeg 768w\" sizes=\"auto, (max-width: 1024px) 100vw, 1024px\" \/><\/figure>\n<\/figure>\n","protected":false},"excerpt":{"rendered":"<p>El Ministerio de Ambiente y Recursos Naturales (MARN) busca impulsar la econom\u00eda circular como un modelo de producci\u00f3n y consumo que implica compartir, reutilizar, renovar y reciclar materiales existentes todas las veces posibles para mejorar su valor a\u00f1adido. Recientemente se lanz\u00f3 la Estrategia Nacional para la Transici\u00f3n hacia una Econom\u00eda Circular en Guatemala 2024-2045, un <a class=\"read-more\" href=\"https:\/\/elmetropolitano.com.gt\/es\/estamos-en-la-transicion-a-la-economia-circular-en-guatemala\/\">Leer m\u00e1s<\/a><\/p>\n","protected":false},"author":1,"featured_media":94385,"comment_status":"open","ping_status":"closed","sticky":false,"template":"","format":"standard","meta":{"footnotes":""},"categories":[21],"tags":[20],"class_list":["post-94384","post","type-post","status-publish","format-standard","has-post-thumbnail","hentry","category-economia","tag-economia"],"_links":{"self":[{"href":"https:\/\/elmetropolitano.com.gt\/es\/wp-json\/wp\/v2\/posts\/94384","targetHints":{"allow":["GET"]}}],"collection":[{"href":"https:\/\/elmetropolitano.com.gt\/es\/wp-json\/wp\/v2\/posts"}],"about":[{"href":"https:\/\/elmetropolitano.com.gt\/es\/wp-json\/wp\/v2\/types\/post"}],"author":[{"embeddable":true,"href":"https:\/\/elmetropolitano.com.gt\/es\/wp-json\/wp\/v2\/users\/1"}],"replies":[{"embeddable":true,"href":"https:\/\/elmetropolitano.com.gt\/es\/wp-json\/wp\/v2\/comments?post=94384"}],"version-history":[{"count":1,"href":"https:\/\/elmetropolitano.com.gt\/es\/wp-json\/wp\/v2\/posts\/94384\/revisions"}],"predecessor-version":[{"id":94389,"href":"https:\/\/elmetropolitano.com.gt\/es\/wp-json\/wp\/v2\/posts\/94384\/revisions\/94389"}],"wp:featuredmedia":[{"embeddable":true,"href":"https:\/\/elmetropolitano.com.gt\/es\/wp-json\/wp\/v2\/media\/94385"}],"wp:attachment":[{"href":"https:\/\/elmetropolitano.com.gt\/es\/wp-json\/wp\/v2\/media?parent=94384"}],"wp:term":[{"taxonomy":"category","embeddable":true,"href":"https:\/\/elmetropolitano.com.gt\/es\/wp-json\/wp\/v2\/categories?post=94384"},{"taxonomy":"post_tag","embeddable":true,"href":"https:\/\/elmetropolitano.com.gt\/es\/wp-json\/wp\/v2\/tags?post=94384"}],"curies":[{"name":"wp","href":"https:\/\/api.w.org\/{rel}","templated":true}]}}