{"id":94444,"date":"2024-12-24T09:09:12","date_gmt":"2024-12-24T15:09:12","guid":{"rendered":"https:\/\/elmetropolitano.com.gt\/es\/?p=94444"},"modified":"2024-12-24T09:09:12","modified_gmt":"2024-12-24T15:09:12","slug":"quienes-se-quejan-del-aumento-del-salario-minimo-son-los-mismos-que-ya-no-encuentran-mano-de-obra","status":"publish","type":"post","link":"https:\/\/elmetropolitano.com.gt\/es\/quienes-se-quejan-del-aumento-del-salario-minimo-son-los-mismos-que-ya-no-encuentran-mano-de-obra\/","title":{"rendered":"Quienes se quejan del aumento del salario m\u00ednimo son los mismos que ya no encuentran mano de obra"},"content":{"rendered":"\n<p><a href=\"https:\/\/www.facebook.com\/hashtag\/asilodijo?__eep__=6&amp;__cft__[0]=AZV88RxZTesj6gtxvl8JTDKbckzkN204Bv6w4v-VMftWMI5YfXcjHfXI7gz3-ZsivUZ3izdhrSuNVBxrx7w59SvE7eaXrYIYIN2ed20I8R1vEx10UpluCM_6h0YHBEmYgQ36KJPFpqOxwPJFCJoqcDE5TvoKEXqW9osEjHvgEJXLDqiS-4_4TFaEuAz079ZBasQ&amp;__tn__=*NK-R\">#AsiLoDijo<\/a><\/p>\n\n\n\n<p>\u201cQuienes se quejan por el aumento del 10% al salario m\u00ednimo, son los mismo que se quejan porque ya no encuentran mano de obra, ni agricultores en el interior del pa\u00eds por la migraci\u00f3n. Quien se va quedar en este pa\u00eds con salarios que no alcanzan ni para la canasta b\u00e1sica. El aumento de 400 quetzales al mes en este pa\u00eds, el pueblo se lo gasta en un par de medicamentos\u201d<\/p><div class=\"elmet-contenido\" id=\"elmet-3739203201\"><div class=\"elmet-adlabel\">Anuncios<\/div><div style=\"margin-top: 20px;margin-right: 20px;margin-bottom: 20px;margin-left: 20px;\" id=\"elmet-1101060025\"><a href=\"https:\/\/www.facebook.com\/arrincuanantigua\/\" aria-label=\"cintillo-arrin-cual\"><img loading=\"lazy\" decoding=\"async\" src=\"https:\/\/elmetropolitano.com.gt\/es\/wp-content\/uploads\/2021\/11\/cintillo-arrin-cual-1.jpg\" alt=\"\"  srcset=\"https:\/\/elmetropolitano.com.gt\/es\/wp-content\/uploads\/2021\/11\/cintillo-arrin-cual-1.jpg 750w, https:\/\/elmetropolitano.com.gt\/es\/wp-content\/uploads\/2021\/11\/cintillo-arrin-cual-1-300x36.jpg 300w, https:\/\/elmetropolitano.com.gt\/es\/wp-content\/uploads\/2021\/11\/cintillo-arrin-cual-1-600x72.jpg 600w\" sizes=\"(max-width: 750px) 100vw, 750px\" width=\"750\" height=\"90\"   \/><\/a><\/div><\/div>\n\n\n\n<p>Manfredo Marroqu\u00edn, Acci\u00f3n Ciudadana<\/p>\n\n\n\n<p><a href=\"https:\/\/www.facebook.com\/hashtag\/aumentosalarial?__eep__=6&amp;__cft__[0]=AZV88RxZTesj6gtxvl8JTDKbckzkN204Bv6w4v-VMftWMI5YfXcjHfXI7gz3-ZsivUZ3izdhrSuNVBxrx7w59SvE7eaXrYIYIN2ed20I8R1vEx10UpluCM_6h0YHBEmYgQ36KJPFpqOxwPJFCJoqcDE5TvoKEXqW9osEjHvgEJXLDqiS-4_4TFaEuAz079ZBasQ&amp;__tn__=*NK-R\">#AumentoSalarial<\/a><a href=\"https:\/\/www.facebook.com\/hashtag\/metroredes?__eep__=6&amp;__cft__[0]=AZV88RxZTesj6gtxvl8JTDKbckzkN204Bv6w4v-VMftWMI5YfXcjHfXI7gz3-ZsivUZ3izdhrSuNVBxrx7w59SvE7eaXrYIYIN2ed20I8R1vEx10UpluCM_6h0YHBEmYgQ36KJPFpqOxwPJFCJoqcDE5TvoKEXqW9osEjHvgEJXLDqiS-4_4TFaEuAz079ZBasQ&amp;__tn__=*NK-R\">#metroredes<\/a><\/p>\n","protected":false},"excerpt":{"rendered":"<p>#AsiLoDijo \u201cQuienes se quejan por el aumento del 10% al salario m\u00ednimo, son los mismo que se quejan porque ya no encuentran mano de obra, ni agricultores en el interior del pa\u00eds por la migraci\u00f3n. Quien se va quedar en este pa\u00eds con salarios que no alcanzan ni para la canasta b\u00e1sica. El aumento de <a class=\"read-more\" href=\"https:\/\/elmetropolitano.com.gt\/es\/quienes-se-quejan-del-aumento-del-salario-minimo-son-los-mismos-que-ya-no-encuentran-mano-de-obra\/\">Leer m\u00e1s<\/a><\/p>\n","protected":false},"author":1,"featured_media":94445,"comment_status":"open","ping_status":"closed","sticky":false,"template":"","format":"standard","meta":{"footnotes":""},"categories":[117],"tags":[118],"class_list":["post-94444","post","type-post","status-publish","format-standard","has-post-thumbnail","hentry","category-asi-lo-dijo","tag-asi-lo-dijo"],"_links":{"self":[{"href":"https:\/\/elmetropolitano.com.gt\/es\/wp-json\/wp\/v2\/posts\/94444","targetHints":{"allow":["GET"]}}],"collection":[{"href":"https:\/\/elmetropolitano.com.gt\/es\/wp-json\/wp\/v2\/posts"}],"about":[{"href":"https:\/\/elmetropolitano.com.gt\/es\/wp-json\/wp\/v2\/types\/post"}],"author":[{"embeddable":true,"href":"https:\/\/elmetropolitano.com.gt\/es\/wp-json\/wp\/v2\/users\/1"}],"replies":[{"embeddable":true,"href":"https:\/\/elmetropolitano.com.gt\/es\/wp-json\/wp\/v2\/comments?post=94444"}],"version-history":[{"count":1,"href":"https:\/\/elmetropolitano.com.gt\/es\/wp-json\/wp\/v2\/posts\/94444\/revisions"}],"predecessor-version":[{"id":94446,"href":"https:\/\/elmetropolitano.com.gt\/es\/wp-json\/wp\/v2\/posts\/94444\/revisions\/94446"}],"wp:featuredmedia":[{"embeddable":true,"href":"https:\/\/elmetropolitano.com.gt\/es\/wp-json\/wp\/v2\/media\/94445"}],"wp:attachment":[{"href":"https:\/\/elmetropolitano.com.gt\/es\/wp-json\/wp\/v2\/media?parent=94444"}],"wp:term":[{"taxonomy":"category","embeddable":true,"href":"https:\/\/elmetropolitano.com.gt\/es\/wp-json\/wp\/v2\/categories?post=94444"},{"taxonomy":"post_tag","embeddable":true,"href":"https:\/\/elmetropolitano.com.gt\/es\/wp-json\/wp\/v2\/tags?post=94444"}],"curies":[{"name":"wp","href":"https:\/\/api.w.org\/{rel}","templated":true}]}}