{"id":94542,"date":"2024-12-27T16:08:24","date_gmt":"2024-12-27T22:08:24","guid":{"rendered":"https:\/\/elmetropolitano.com.gt\/es\/?p=94542"},"modified":"2024-12-27T16:08:25","modified_gmt":"2024-12-27T22:08:25","slug":"ministerio-de-finanzas-y-sat-suscriben-convenio-para-alcanzar-meta-de-recaudacion-fiscal","status":"publish","type":"post","link":"https:\/\/elmetropolitano.com.gt\/es\/ministerio-de-finanzas-y-sat-suscriben-convenio-para-alcanzar-meta-de-recaudacion-fiscal\/","title":{"rendered":"Ministerio de Finanzas y SAT suscriben convenio para alcanzar meta de recaudaci\u00f3n fiscal"},"content":{"rendered":"\n<p>Autoridades del Ministerio de Finanzas P\u00fablicas (Minfin) y la <a><\/a>Superintendencia de Administraci\u00f3n Tributaria (SAT) firmaron un convenio interinstitucional con el fin de alcanzar la meta de recaudaci\u00f3n fiscal para el 2025.<\/p>\n\n\n\n<p>Este convenio busca dar cumplimiento a la meta de recaudaci\u00f3n Tributaria para el ejercicio fiscal 2025, el cual asciende a 108 mil 737 millones 490 mil quetzales.<\/p><div class=\"elmet-contenido\" id=\"elmet-1086101323\"><div class=\"elmet-adlabel\">Anuncios<\/div><div style=\"margin-top: 20px;margin-right: 20px;margin-bottom: 20px;margin-left: 20px;\" id=\"elmet-1267196327\"><a href=\"https:\/\/www.facebook.com\/arrincuanantigua\/\" aria-label=\"cintillo-arrin-cual\"><img loading=\"lazy\" decoding=\"async\" src=\"https:\/\/elmetropolitano.com.gt\/es\/wp-content\/uploads\/2021\/11\/cintillo-arrin-cual-1.jpg\" alt=\"\"  srcset=\"https:\/\/elmetropolitano.com.gt\/es\/wp-content\/uploads\/2021\/11\/cintillo-arrin-cual-1.jpg 750w, https:\/\/elmetropolitano.com.gt\/es\/wp-content\/uploads\/2021\/11\/cintillo-arrin-cual-1-300x36.jpg 300w, https:\/\/elmetropolitano.com.gt\/es\/wp-content\/uploads\/2021\/11\/cintillo-arrin-cual-1-600x72.jpg 600w\" sizes=\"(max-width: 750px) 100vw, 750px\" width=\"750\" height=\"90\"   \/><\/a><\/div><\/div>\n\n\n\n<p>La suscripci\u00f3n estuvo a cargo del viceministro de administraci\u00f3n financiera Walter Orlando Figueroa, y el Superintendente de Administraci\u00f3n Tributaria (SAT), Marco Livio D\u00edaz.<\/p>\n\n\n\n<p>El convenio<\/p>\n\n\n\n<p>Con base en lo establecido en el art\u00edculo 23 y sus literales seg\u00fan Decreto 1-98 del Congreso de la Rep\u00fablica de Guatemala, Ley Org\u00e1nica de la Superintendencia de Administraci\u00f3n Tributaria, dicha meta se sustenta en las acciones administrativas.<\/p>\n\n\n\n<p>Esto contenido en el Plan Anual de Recaudaci\u00f3n, Control y Fiscalizaci\u00f3n entre otras acciones estrat\u00e9gicas lideradas por el Directorio de la Administraci\u00f3n Tributaria.<\/p>\n\n\n\n<p>Con ello, la cartera del Tesoro y la SAT reafirman su compromiso para continuar estableciendo mecanismos que permitan continuar con la din\u00e1mica sostenida de recaudaci\u00f3n fiscal que derive en m\u00e1s de inversi\u00f3n y as\u00ed continuar contribuyendo por el pa\u00eds que todos queremos.<\/p>\n\n\n\n<p>Recaudaci\u00f3n fiscal 2024<\/p>\n\n\n\n<p>Los datos preliminares de los ingresos tributarios alcanzaron los 75 mil 181 millones de quetzales de enero a septiembre de este a\u00f1o, y es mayor a lo registrado en el mismo per\u00edodo del a\u00f1o pasado.<\/p>\n\n\n\n<p>Con este comportamiento observado, el administrador tributario apunta a superar la meta en este a\u00f1o, as\u00ed como los aprobados en la ampliaci\u00f3n presupuestaria por parte del Congreso de la Rep\u00fablica.<\/p>\n\n\n\n<p>De enero a septiembre, pero del 2023, el monto recaudado fue de 70 mil 94 millones de quetzales, y con lo cobrado en lo que va de este a\u00f1o.<\/p>\n\n\n\n<p>Con ello hay una diferencia de 5 mil 87 millones de quetzales, seg\u00fan los datos preliminares, es decir, un incremento del 7.2%.<\/p>\n\n\n\n<p>Marco Livio D\u00edaz Reyes, jefe de la Superintendencia de Administraci\u00f3n Tributaria (SAT) expuso el 8 de octubre en conferencia de prensa que se logr\u00f3 una recaudaci\u00f3n de 7 mil 01 millones de quetzales.<\/p>\n\n\n\n<p>En esta conferencia expres\u00f3 que con ello se logra un crecimiento del 9.9 % con respecto al a\u00f1o anterior; casi son otra vez dos d\u00edgitos de crecimiento.<\/p>\n\n\n\n<p>Texto: Brenda Larios\/Periodista<\/p>\n\n\n\n<p><a href=\"https:\/\/www.facebook.com\/hashtag\/satgt?__eep__=6&amp;__cft__[0]=AZUJNF6_GRZAOx6Bk-IC8O31cwQG-w2OXJg_S5Kzn0Jyyl_ukge1k9SwDSNW3Uk1wmxt-z6M4RKPxQXI5g-KA8g5wT0dFmRmy_vZ2Cp36W7a2opQ5VvfMIYoRiXu5JdGLjKrnEQVtBObtqgxKYWHawd93nadZX5WFjKO5DKaV1akz2bVbWFSgNWK2JD-0uI8miFJ4_mezcIhGtM3UOZDvSd6t4hHg7uwmgkkunurukOM1w&amp;__tn__=*NK-y-R\">#SATGT<\/a><a href=\"https:\/\/www.facebook.com\/hashtag\/finanzaspublicas?__eep__=6&amp;__cft__[0]=AZUJNF6_GRZAOx6Bk-IC8O31cwQG-w2OXJg_S5Kzn0Jyyl_ukge1k9SwDSNW3Uk1wmxt-z6M4RKPxQXI5g-KA8g5wT0dFmRmy_vZ2Cp36W7a2opQ5VvfMIYoRiXu5JdGLjKrnEQVtBObtqgxKYWHawd93nadZX5WFjKO5DKaV1akz2bVbWFSgNWK2JD-0uI8miFJ4_mezcIhGtM3UOZDvSd6t4hHg7uwmgkkunurukOM1w&amp;__tn__=*NK-y-R\">#FinanzasPublicas<\/a><a href=\"https:\/\/www.facebook.com\/hashtag\/minfin?__eep__=6&amp;__cft__[0]=AZUJNF6_GRZAOx6Bk-IC8O31cwQG-w2OXJg_S5Kzn0Jyyl_ukge1k9SwDSNW3Uk1wmxt-z6M4RKPxQXI5g-KA8g5wT0dFmRmy_vZ2Cp36W7a2opQ5VvfMIYoRiXu5JdGLjKrnEQVtBObtqgxKYWHawd93nadZX5WFjKO5DKaV1akz2bVbWFSgNWK2JD-0uI8miFJ4_mezcIhGtM3UOZDvSd6t4hHg7uwmgkkunurukOM1w&amp;__tn__=*NK-y-R\">#minfin<\/a><a href=\"https:\/\/www.facebook.com\/hashtag\/metroredes?__eep__=6&amp;__cft__[0]=AZUJNF6_GRZAOx6Bk-IC8O31cwQG-w2OXJg_S5Kzn0Jyyl_ukge1k9SwDSNW3Uk1wmxt-z6M4RKPxQXI5g-KA8g5wT0dFmRmy_vZ2Cp36W7a2opQ5VvfMIYoRiXu5JdGLjKrnEQVtBObtqgxKYWHawd93nadZX5WFjKO5DKaV1akz2bVbWFSgNWK2JD-0uI8miFJ4_mezcIhGtM3UOZDvSd6t4hHg7uwmgkkunurukOM1w&amp;__tn__=*NK-y-R\">#metroredes<\/a><a href=\"https:\/\/www.facebook.com\/hashtag\/elfinancierogt?__eep__=6&amp;__cft__[0]=AZUJNF6_GRZAOx6Bk-IC8O31cwQG-w2OXJg_S5Kzn0Jyyl_ukge1k9SwDSNW3Uk1wmxt-z6M4RKPxQXI5g-KA8g5wT0dFmRmy_vZ2Cp36W7a2opQ5VvfMIYoRiXu5JdGLjKrnEQVtBObtqgxKYWHawd93nadZX5WFjKO5DKaV1akz2bVbWFSgNWK2JD-0uI8miFJ4_mezcIhGtM3UOZDvSd6t4hHg7uwmgkkunurukOM1w&amp;__tn__=*NK-y-R\">#elfinancierogt<\/a><\/p>\n","protected":false},"excerpt":{"rendered":"<p>Autoridades del Ministerio de Finanzas P\u00fablicas (Minfin) y la Superintendencia de Administraci\u00f3n Tributaria (SAT) firmaron un convenio interinstitucional con el fin de alcanzar la meta de recaudaci\u00f3n fiscal para el 2025. Este convenio busca dar cumplimiento a la meta de recaudaci\u00f3n Tributaria para el ejercicio fiscal 2025, el cual asciende a 108 mil 737 millones <a class=\"read-more\" href=\"https:\/\/elmetropolitano.com.gt\/es\/ministerio-de-finanzas-y-sat-suscriben-convenio-para-alcanzar-meta-de-recaudacion-fiscal\/\">Leer m\u00e1s<\/a><\/p>\n","protected":false},"author":1,"featured_media":94543,"comment_status":"open","ping_status":"closed","sticky":false,"template":"","format":"standard","meta":{"footnotes":""},"categories":[2],"tags":[12],"class_list":["post-94542","post","type-post","status-publish","format-standard","has-post-thumbnail","hentry","category-nacionales","tag-nacionales"],"_links":{"self":[{"href":"https:\/\/elmetropolitano.com.gt\/es\/wp-json\/wp\/v2\/posts\/94542","targetHints":{"allow":["GET"]}}],"collection":[{"href":"https:\/\/elmetropolitano.com.gt\/es\/wp-json\/wp\/v2\/posts"}],"about":[{"href":"https:\/\/elmetropolitano.com.gt\/es\/wp-json\/wp\/v2\/types\/post"}],"author":[{"embeddable":true,"href":"https:\/\/elmetropolitano.com.gt\/es\/wp-json\/wp\/v2\/users\/1"}],"replies":[{"embeddable":true,"href":"https:\/\/elmetropolitano.com.gt\/es\/wp-json\/wp\/v2\/comments?post=94542"}],"version-history":[{"count":1,"href":"https:\/\/elmetropolitano.com.gt\/es\/wp-json\/wp\/v2\/posts\/94542\/revisions"}],"predecessor-version":[{"id":94544,"href":"https:\/\/elmetropolitano.com.gt\/es\/wp-json\/wp\/v2\/posts\/94542\/revisions\/94544"}],"wp:featuredmedia":[{"embeddable":true,"href":"https:\/\/elmetropolitano.com.gt\/es\/wp-json\/wp\/v2\/media\/94543"}],"wp:attachment":[{"href":"https:\/\/elmetropolitano.com.gt\/es\/wp-json\/wp\/v2\/media?parent=94542"}],"wp:term":[{"taxonomy":"category","embeddable":true,"href":"https:\/\/elmetropolitano.com.gt\/es\/wp-json\/wp\/v2\/categories?post=94542"},{"taxonomy":"post_tag","embeddable":true,"href":"https:\/\/elmetropolitano.com.gt\/es\/wp-json\/wp\/v2\/tags?post=94542"}],"curies":[{"name":"wp","href":"https:\/\/api.w.org\/{rel}","templated":true}]}}