{"id":94545,"date":"2024-12-27T16:48:49","date_gmt":"2024-12-27T22:48:49","guid":{"rendered":"https:\/\/elmetropolitano.com.gt\/es\/?p=94545"},"modified":"2024-12-27T16:48:49","modified_gmt":"2024-12-27T22:48:49","slug":"abogado-david-barrera-agrede-a-periodista-luego-de-ser-ligado-a-proceso-por-caso-b410","status":"publish","type":"post","link":"https:\/\/elmetropolitano.com.gt\/es\/abogado-david-barrera-agrede-a-periodista-luego-de-ser-ligado-a-proceso-por-caso-b410\/","title":{"rendered":"Abogado David Barrera agrede a periodista luego de ser ligado a proceso por caso B410"},"content":{"rendered":"\n<p>Luego de ser ligado a proceso por los delitos de lavado de dinero u otros activos, el abogado David Barrera Maldonado, agredi\u00f3 a periodista Jovana Garc\u00eda de EpInvestiga quien cubr\u00eda la noticia de la primera declaraci\u00f3n.<\/p>\n\n\n\n<p>El notario David Barrera, vinculado por el Ministerio P\u00fablico (MP) con el caso B410 de defraudaci\u00f3n tributaria, deber\u00e1 quedar en prisi\u00f3n preventiva mientras se concluye la investigaci\u00f3n, luego de que el juzgado especializado en materia tributaria decidi\u00f3 ligarlo a proceso penal por lavado de dinero.<\/p><div class=\"elmet-contenido\" id=\"elmet-397168400\"><div class=\"elmet-adlabel\">Anuncios<\/div><div style=\"margin-top: 20px;margin-right: 20px;margin-bottom: 20px;margin-left: 20px;\" id=\"elmet-968175445\"><a href=\"https:\/\/www.facebook.com\/arrincuanantigua\/\" aria-label=\"cintillo-arrin-cual\"><img loading=\"lazy\" decoding=\"async\" src=\"https:\/\/elmetropolitano.com.gt\/es\/wp-content\/uploads\/2021\/11\/cintillo-arrin-cual-1.jpg\" alt=\"\"  srcset=\"https:\/\/elmetropolitano.com.gt\/es\/wp-content\/uploads\/2021\/11\/cintillo-arrin-cual-1.jpg 750w, https:\/\/elmetropolitano.com.gt\/es\/wp-content\/uploads\/2021\/11\/cintillo-arrin-cual-1-300x36.jpg 300w, https:\/\/elmetropolitano.com.gt\/es\/wp-content\/uploads\/2021\/11\/cintillo-arrin-cual-1-600x72.jpg 600w\" sizes=\"(max-width: 750px) 100vw, 750px\" width=\"750\" height=\"90\"   \/><\/a><\/div><\/div>\n\n\n\n<p>El es sindicado de haber fabricado empresas de cart\u00f3n que fueron vendidas para desfalcar al Estado mediante la estructura denominada B410.<\/p>\n\n\n\n<p>En este video se observa la agresi\u00f3n que hizo contra la periodista.<\/p>\n\n\n\n<p>Fotos ePInvestiga<\/p>\n\n\n\n<p>#metroredes<\/p>\n\n\n\n<figure class=\"wp-block-gallery has-nested-images columns-default is-cropped wp-block-gallery-1 is-layout-flex wp-block-gallery-is-layout-flex\">\n<figure class=\"wp-block-image size-large\"><img loading=\"lazy\" decoding=\"async\" width=\"1024\" height=\"666\" data-id=\"94548\" src=\"https:\/\/elmetropolitano.com.gt\/es\/wp-content\/uploads\/2024\/12\/Gf1dhwLWIAAYO-T-1024x666.jpeg\" alt=\"\" class=\"wp-image-94548\" srcset=\"https:\/\/elmetropolitano.com.gt\/es\/wp-content\/uploads\/2024\/12\/Gf1dhwLWIAAYO-T-1024x666.jpeg 1024w, https:\/\/elmetropolitano.com.gt\/es\/wp-content\/uploads\/2024\/12\/Gf1dhwLWIAAYO-T-300x195.jpeg 300w, https:\/\/elmetropolitano.com.gt\/es\/wp-content\/uploads\/2024\/12\/Gf1dhwLWIAAYO-T-768x499.jpeg 768w, https:\/\/elmetropolitano.com.gt\/es\/wp-content\/uploads\/2024\/12\/Gf1dhwLWIAAYO-T-1536x998.jpeg 1536w, https:\/\/elmetropolitano.com.gt\/es\/wp-content\/uploads\/2024\/12\/Gf1dhwLWIAAYO-T.jpeg 1600w\" sizes=\"auto, (max-width: 1024px) 100vw, 1024px\" \/><\/figure>\n\n\n\n<figure class=\"wp-block-image size-large\"><img loading=\"lazy\" decoding=\"async\" width=\"311\" height=\"232\" data-id=\"94547\" src=\"https:\/\/elmetropolitano.com.gt\/es\/wp-content\/uploads\/2024\/12\/WhatsApp-Image-2024-12-27-at-2.24.50-PM-1-1.webp\" alt=\"\" class=\"wp-image-94547\" srcset=\"https:\/\/elmetropolitano.com.gt\/es\/wp-content\/uploads\/2024\/12\/WhatsApp-Image-2024-12-27-at-2.24.50-PM-1-1.webp 311w, https:\/\/elmetropolitano.com.gt\/es\/wp-content\/uploads\/2024\/12\/WhatsApp-Image-2024-12-27-at-2.24.50-PM-1-1-300x224.webp 300w\" sizes=\"auto, (max-width: 311px) 100vw, 311px\" \/><\/figure>\n<\/figure>\n","protected":false},"excerpt":{"rendered":"<p>Luego de ser ligado a proceso por los delitos de lavado de dinero u otros activos, el abogado David Barrera Maldonado, agredi\u00f3 a periodista Jovana Garc\u00eda de EpInvestiga quien cubr\u00eda la noticia de la primera declaraci\u00f3n. El notario David Barrera, vinculado por el Ministerio P\u00fablico (MP) con el caso B410 de defraudaci\u00f3n tributaria, deber\u00e1 quedar <a class=\"read-more\" href=\"https:\/\/elmetropolitano.com.gt\/es\/abogado-david-barrera-agrede-a-periodista-luego-de-ser-ligado-a-proceso-por-caso-b410\/\">Leer m\u00e1s<\/a><\/p>\n","protected":false},"author":1,"featured_media":94546,"comment_status":"open","ping_status":"closed","sticky":false,"template":"","format":"standard","meta":{"footnotes":""},"categories":[2],"tags":[12],"class_list":["post-94545","post","type-post","status-publish","format-standard","has-post-thumbnail","hentry","category-nacionales","tag-nacionales"],"_links":{"self":[{"href":"https:\/\/elmetropolitano.com.gt\/es\/wp-json\/wp\/v2\/posts\/94545","targetHints":{"allow":["GET"]}}],"collection":[{"href":"https:\/\/elmetropolitano.com.gt\/es\/wp-json\/wp\/v2\/posts"}],"about":[{"href":"https:\/\/elmetropolitano.com.gt\/es\/wp-json\/wp\/v2\/types\/post"}],"author":[{"embeddable":true,"href":"https:\/\/elmetropolitano.com.gt\/es\/wp-json\/wp\/v2\/users\/1"}],"replies":[{"embeddable":true,"href":"https:\/\/elmetropolitano.com.gt\/es\/wp-json\/wp\/v2\/comments?post=94545"}],"version-history":[{"count":1,"href":"https:\/\/elmetropolitano.com.gt\/es\/wp-json\/wp\/v2\/posts\/94545\/revisions"}],"predecessor-version":[{"id":94549,"href":"https:\/\/elmetropolitano.com.gt\/es\/wp-json\/wp\/v2\/posts\/94545\/revisions\/94549"}],"wp:featuredmedia":[{"embeddable":true,"href":"https:\/\/elmetropolitano.com.gt\/es\/wp-json\/wp\/v2\/media\/94546"}],"wp:attachment":[{"href":"https:\/\/elmetropolitano.com.gt\/es\/wp-json\/wp\/v2\/media?parent=94545"}],"wp:term":[{"taxonomy":"category","embeddable":true,"href":"https:\/\/elmetropolitano.com.gt\/es\/wp-json\/wp\/v2\/categories?post=94545"},{"taxonomy":"post_tag","embeddable":true,"href":"https:\/\/elmetropolitano.com.gt\/es\/wp-json\/wp\/v2\/tags?post=94545"}],"curies":[{"name":"wp","href":"https:\/\/api.w.org\/{rel}","templated":true}]}}