{"id":94558,"date":"2024-12-27T19:30:22","date_gmt":"2024-12-28T01:30:22","guid":{"rendered":"https:\/\/elmetropolitano.com.gt\/es\/?p=94558"},"modified":"2024-12-27T19:30:23","modified_gmt":"2024-12-28T01:30:23","slug":"trump-pide-a-corte-suprema-de-eeuu-posponer-prohibicion-de-tiktok-hasta-que-asuma-la-presidencia","status":"publish","type":"post","link":"https:\/\/elmetropolitano.com.gt\/es\/trump-pide-a-corte-suprema-de-eeuu-posponer-prohibicion-de-tiktok-hasta-que-asuma-la-presidencia\/","title":{"rendered":"Trump pide a Corte Suprema de EEUU posponer prohibici\u00f3n de TikTok hasta que asuma la presidencia"},"content":{"rendered":"\n<p>Donald Trump inst\u00f3 al Tribunal Supremo de EEUU a que suspenda una ley federal que prohibir\u00eda la popular red social TikTok o forzar\u00eda su venta, bajo el argumento de que deber\u00eda tener tiempo despu\u00e9s de asumir el cargo para buscar una \u00abresoluci\u00f3n pol\u00edtica\u00bb al asunto.<\/p>\n\n\n\n<p>El presidente electo estadounidense Donald Trump solicit\u00f3 el viernes a la Corte Suprema que pause la posible prohibici\u00f3n de TikTok hasta que su gobierno pueda hallar una \u201cresoluci\u00f3n pol\u00edtica\u201d al problema.<\/p><div class=\"elmet-contenido\" id=\"elmet-1627345643\"><div class=\"elmet-adlabel\">Anuncios<\/div><div style=\"margin-top: 20px;margin-right: 20px;margin-bottom: 20px;margin-left: 20px;\" id=\"elmet-434160151\"><a href=\"https:\/\/www.facebook.com\/arrincuanantigua\/\" aria-label=\"cintillo-arrin-cual\"><img loading=\"lazy\" decoding=\"async\" src=\"https:\/\/elmetropolitano.com.gt\/es\/wp-content\/uploads\/2021\/11\/cintillo-arrin-cual-1.jpg\" alt=\"\"  srcset=\"https:\/\/elmetropolitano.com.gt\/es\/wp-content\/uploads\/2021\/11\/cintillo-arrin-cual-1.jpg 750w, https:\/\/elmetropolitano.com.gt\/es\/wp-content\/uploads\/2021\/11\/cintillo-arrin-cual-1-300x36.jpg 300w, https:\/\/elmetropolitano.com.gt\/es\/wp-content\/uploads\/2021\/11\/cintillo-arrin-cual-1-600x72.jpg 600w\" sizes=\"(max-width: 750px) 100vw, 750px\" width=\"750\" height=\"90\"   \/><\/a><\/div><\/div>\n\n\n\n<p>TikTok y su propietario ByteDance luchan por mantener la popular aplicaci\u00f3n en l\u00ednea en Estados Unidos despu\u00e9s de que el Congreso votara en abril prohibirla a menos que la empresa matriz china de la aplicaci\u00f3n la venda antes del 19 de enero.<\/p>\n\n\n\n<p>La compa\u00f1\u00eda ha solicitado la anulaci\u00f3n de la ley y el Tribunal Supremo ha aceptado atender el caso. Pero si el tribunal no falla a favor de ByteDance y no se produce la desinversi\u00f3n, la aplicaci\u00f3n podr\u00eda quedar prohibida en Estados Unidos el 19 de enero, un d\u00eda antes de que Trump tome posesi\u00f3n.<\/p>\n\n\n\n<p>\u00abEste caso presenta una tensi\u00f3n sin precedentes, novedosa y dif\u00edcil entre los derechos de libertad de expresi\u00f3n, por un lado, y la pol\u00edtica exterior y las preocupaciones de seguridad nacional, por el otro\u00bb, dijo Trump en un escrito el viernes.<\/p>\n\n\n\n<p>\u00abUna suspensi\u00f3n de este tipo dar\u00eda al presidente Trump la oportunidad de buscar una soluci\u00f3n pol\u00edtica que podr\u00eda obviar la necesidad de que el tribunal decida sobre estas cuestiones constitucionalmente significativas\u00bb, agreg\u00f3 el documento.<\/p>\n\n\n\n<p>Congresistas relacionados con los asuntos de China en Washington alertaron a las grandes tecnol\u00f3gicas a prepararse para una vida sin TikTok y tambi\u00e9n legisladores norteamericanos piden a Apple y Google que se preparen para retirar TikTok de tiendas de apps.<\/p>\n\n\n\n<p>La solicitud llega cuando TikTok y la administraci\u00f3n de Joe Biden presentaron informes contrapuestos ante la corte. La compa\u00f1\u00eda argumenta que el m\u00e1ximo tribunal deber\u00eda anular una ley que podr\u00eda prohibir la plataforma a partir del 19 de enero, mientras que el gobierno enfatiza su posici\u00f3n de que la norma es necesaria para eliminar un riesgo de seguridad nacional.<\/p>\n\n\n\n<p>\u201cEl presidente Trump no toma posici\u00f3n con respecto a los m\u00e9ritos subyacentes de esta disputa. En cambio, solicita respetuosamente que la Corte sopese postergar la fecha del 19 de enero de 2025 que la ley establece para que venza el plazo de venta, mientras examina los m\u00e9ritos de este caso\u201d, dijo el escrito judicial de Trump.<\/p>\n\n\n\n<p>El Departamento de Justicia de Estados Unidos ha argumentado que el control chino de TikTok supone una amenaza continua para la seguridad nacional, una postura apoyada por la mayor\u00eda de los legisladores estadounidenses.<\/p>\n\n\n\n<p>Este mes, un panel de tres jueces federales de la Corte Federal de Apelaciones para el Circuito del Distrito de Columbia confirm\u00f3 un\u00e1nimemente la norma, lo que llev\u00f3 a TikTok a apelar el caso ante la Corte Suprema.<\/p>\n\n\n\n<p>Texto y fotos: La Voz de Am\u00e9rica<\/p>\n\n\n\n<p>#tiktok #tecnolog\u00eda #redessociales #metroredes <a href=\"http:\/\/www.elmetropolitano.com.gt\">www.elmetropolitano.com.gt<\/a> <a href=\"http:\/\/www.metroredes.com\">www.metroredes.com<\/a> <a href=\"http:\/\/www.elescuintleco.com\">www.elescuintleco.com<\/a> &nbsp;<\/p>\n","protected":false},"excerpt":{"rendered":"<p>Donald Trump inst\u00f3 al Tribunal Supremo de EEUU a que suspenda una ley federal que prohibir\u00eda la popular red social TikTok o forzar\u00eda su venta, bajo el argumento de que deber\u00eda tener tiempo despu\u00e9s de asumir el cargo para buscar una \u00abresoluci\u00f3n pol\u00edtica\u00bb al asunto. El presidente electo estadounidense Donald Trump solicit\u00f3 el viernes a <a class=\"read-more\" href=\"https:\/\/elmetropolitano.com.gt\/es\/trump-pide-a-corte-suprema-de-eeuu-posponer-prohibicion-de-tiktok-hasta-que-asuma-la-presidencia\/\">Leer m\u00e1s<\/a><\/p>\n","protected":false},"author":1,"featured_media":94559,"comment_status":"open","ping_status":"closed","sticky":false,"template":"","format":"standard","meta":{"footnotes":""},"categories":[14],"tags":[15],"class_list":["post-94558","post","type-post","status-publish","format-standard","has-post-thumbnail","hentry","category-internacionales","tag-internacionales"],"_links":{"self":[{"href":"https:\/\/elmetropolitano.com.gt\/es\/wp-json\/wp\/v2\/posts\/94558","targetHints":{"allow":["GET"]}}],"collection":[{"href":"https:\/\/elmetropolitano.com.gt\/es\/wp-json\/wp\/v2\/posts"}],"about":[{"href":"https:\/\/elmetropolitano.com.gt\/es\/wp-json\/wp\/v2\/types\/post"}],"author":[{"embeddable":true,"href":"https:\/\/elmetropolitano.com.gt\/es\/wp-json\/wp\/v2\/users\/1"}],"replies":[{"embeddable":true,"href":"https:\/\/elmetropolitano.com.gt\/es\/wp-json\/wp\/v2\/comments?post=94558"}],"version-history":[{"count":1,"href":"https:\/\/elmetropolitano.com.gt\/es\/wp-json\/wp\/v2\/posts\/94558\/revisions"}],"predecessor-version":[{"id":94560,"href":"https:\/\/elmetropolitano.com.gt\/es\/wp-json\/wp\/v2\/posts\/94558\/revisions\/94560"}],"wp:featuredmedia":[{"embeddable":true,"href":"https:\/\/elmetropolitano.com.gt\/es\/wp-json\/wp\/v2\/media\/94559"}],"wp:attachment":[{"href":"https:\/\/elmetropolitano.com.gt\/es\/wp-json\/wp\/v2\/media?parent=94558"}],"wp:term":[{"taxonomy":"category","embeddable":true,"href":"https:\/\/elmetropolitano.com.gt\/es\/wp-json\/wp\/v2\/categories?post=94558"},{"taxonomy":"post_tag","embeddable":true,"href":"https:\/\/elmetropolitano.com.gt\/es\/wp-json\/wp\/v2\/tags?post=94558"}],"curies":[{"name":"wp","href":"https:\/\/api.w.org\/{rel}","templated":true}]}}