{"id":94564,"date":"2024-12-28T09:49:29","date_gmt":"2024-12-28T15:49:29","guid":{"rendered":"https:\/\/elmetropolitano.com.gt\/es\/?p=94564"},"modified":"2024-12-28T09:49:29","modified_gmt":"2024-12-28T15:49:29","slug":"dos-heridos-por-multiple-choque-en-ruta-al-atlantico-deja-varios-heridos","status":"publish","type":"post","link":"https:\/\/elmetropolitano.com.gt\/es\/dos-heridos-por-multiple-choque-en-ruta-al-atlantico-deja-varios-heridos\/","title":{"rendered":"Dos heridos por m\u00faltiple choque en ruta al Atl\u00e1ntico deja varios heridos"},"content":{"rendered":"\n<p>Un tr\u00e1iler embisti\u00f3 esta ma\u00f1ana a varios veh\u00edculos entre ellos un microb\u00fas en el kil\u00f3metro 84 de la ruta al Atl\u00e1ntico, jurisdicci\u00f3n del Puente Chetumal, en San Agust\u00edn Acasaguastl\u00e1n, El Progreso, informan los Bomberos Municipales Departamentales de la estaci\u00f3n 17.<\/p>\n\n\n\n<p>Los bomberos trasladaron a David Saqueo Cux Pop de 20 a\u00f1os originario de Santa Elena Pet\u00e9n qui\u00e9n iba en el veh\u00edculo placas C 017 BTX, y result\u00f3 con posible fractura de tabique nasal y laceraciones en parte frontal del rostro.<\/p><div class=\"elmet-contenido\" id=\"elmet-1284538103\"><div class=\"elmet-adlabel\">Anuncios<\/div><div style=\"margin-top: 20px;margin-right: 20px;margin-bottom: 20px;margin-left: 20px;\" id=\"elmet-1982198591\"><a href=\"https:\/\/www.facebook.com\/arrincuanantigua\/\" aria-label=\"cintillo-arrin-cual\"><img loading=\"lazy\" decoding=\"async\" src=\"https:\/\/elmetropolitano.com.gt\/es\/wp-content\/uploads\/2021\/11\/cintillo-arrin-cual-1.jpg\" alt=\"\"  srcset=\"https:\/\/elmetropolitano.com.gt\/es\/wp-content\/uploads\/2021\/11\/cintillo-arrin-cual-1.jpg 750w, https:\/\/elmetropolitano.com.gt\/es\/wp-content\/uploads\/2021\/11\/cintillo-arrin-cual-1-300x36.jpg 300w, https:\/\/elmetropolitano.com.gt\/es\/wp-content\/uploads\/2021\/11\/cintillo-arrin-cual-1-600x72.jpg 600w\" sizes=\"(max-width: 750px) 100vw, 750px\" width=\"750\" height=\"90\"   \/><\/a><\/div><\/div>\n\n\n\n<p>As\u00ed mismo fue traslada Blanca Dina Garc\u00eda Soto, de 70 a\u00f1os, con posible fractura de antebrazo derecho ella iba como pasajera del microbus placas C 022BPO donde varios de sus pasajeros resultaron con crisis nerviosa.<\/p>\n\n\n\n<p>Ambas Personas en estado consciente fueron ingresadas a la Emergencia del Hospital Nacional Guastatoya.<\/p>\n\n\n\n<p>#Emergencia #metroredes<\/p>\n\n\n\n<figure class=\"wp-block-gallery has-nested-images columns-default is-cropped wp-block-gallery-1 is-layout-flex wp-block-gallery-is-layout-flex\">\n<figure class=\"wp-block-image size-large\"><img loading=\"lazy\" decoding=\"async\" width=\"1024\" height=\"575\" data-id=\"94570\" src=\"https:\/\/elmetropolitano.com.gt\/es\/wp-content\/uploads\/2024\/12\/471540708_1108922421233840_5441830962658319711_n-1024x575.jpg\" alt=\"\" class=\"wp-image-94570\" srcset=\"https:\/\/elmetropolitano.com.gt\/es\/wp-content\/uploads\/2024\/12\/471540708_1108922421233840_5441830962658319711_n-1024x575.jpg 1024w, https:\/\/elmetropolitano.com.gt\/es\/wp-content\/uploads\/2024\/12\/471540708_1108922421233840_5441830962658319711_n-300x169.jpg 300w, https:\/\/elmetropolitano.com.gt\/es\/wp-content\/uploads\/2024\/12\/471540708_1108922421233840_5441830962658319711_n-768x432.jpg 768w, https:\/\/elmetropolitano.com.gt\/es\/wp-content\/uploads\/2024\/12\/471540708_1108922421233840_5441830962658319711_n.jpg 1500w\" sizes=\"auto, (max-width: 1024px) 100vw, 1024px\" \/><\/figure>\n\n\n\n<figure class=\"wp-block-image size-large\"><img loading=\"lazy\" decoding=\"async\" width=\"1024\" height=\"461\" data-id=\"94567\" src=\"https:\/\/elmetropolitano.com.gt\/es\/wp-content\/uploads\/2024\/12\/471631091_1108921961233886_1665638516670477006_n-1024x461.jpg\" alt=\"\" class=\"wp-image-94567\" srcset=\"https:\/\/elmetropolitano.com.gt\/es\/wp-content\/uploads\/2024\/12\/471631091_1108921961233886_1665638516670477006_n-1024x461.jpg 1024w, https:\/\/elmetropolitano.com.gt\/es\/wp-content\/uploads\/2024\/12\/471631091_1108921961233886_1665638516670477006_n-300x135.jpg 300w, https:\/\/elmetropolitano.com.gt\/es\/wp-content\/uploads\/2024\/12\/471631091_1108921961233886_1665638516670477006_n-768x346.jpg 768w, https:\/\/elmetropolitano.com.gt\/es\/wp-content\/uploads\/2024\/12\/471631091_1108921961233886_1665638516670477006_n.jpg 1422w\" sizes=\"auto, (max-width: 1024px) 100vw, 1024px\" \/><\/figure>\n\n\n\n<figure class=\"wp-block-image size-large\"><img loading=\"lazy\" decoding=\"async\" width=\"768\" height=\"1024\" data-id=\"94569\" src=\"https:\/\/elmetropolitano.com.gt\/es\/wp-content\/uploads\/2024\/12\/471637671_1108922227900526_3941803271765369832_n-768x1024.jpg\" alt=\"\" class=\"wp-image-94569\" srcset=\"https:\/\/elmetropolitano.com.gt\/es\/wp-content\/uploads\/2024\/12\/471637671_1108922227900526_3941803271765369832_n-768x1024.jpg 768w, https:\/\/elmetropolitano.com.gt\/es\/wp-content\/uploads\/2024\/12\/471637671_1108922227900526_3941803271765369832_n-225x300.jpg 225w, https:\/\/elmetropolitano.com.gt\/es\/wp-content\/uploads\/2024\/12\/471637671_1108922227900526_3941803271765369832_n-1152x1536.jpg 1152w, https:\/\/elmetropolitano.com.gt\/es\/wp-content\/uploads\/2024\/12\/471637671_1108922227900526_3941803271765369832_n.jpg 1200w\" sizes=\"auto, (max-width: 768px) 100vw, 768px\" \/><\/figure>\n\n\n\n<figure class=\"wp-block-image size-large\"><img loading=\"lazy\" decoding=\"async\" width=\"1024\" height=\"575\" data-id=\"94568\" src=\"https:\/\/elmetropolitano.com.gt\/es\/wp-content\/uploads\/2024\/12\/471722674_1108922221233860_6339336743232461719_n-1024x575.jpg\" alt=\"\" class=\"wp-image-94568\" srcset=\"https:\/\/elmetropolitano.com.gt\/es\/wp-content\/uploads\/2024\/12\/471722674_1108922221233860_6339336743232461719_n-1024x575.jpg 1024w, https:\/\/elmetropolitano.com.gt\/es\/wp-content\/uploads\/2024\/12\/471722674_1108922221233860_6339336743232461719_n-300x169.jpg 300w, https:\/\/elmetropolitano.com.gt\/es\/wp-content\/uploads\/2024\/12\/471722674_1108922221233860_6339336743232461719_n-768x432.jpg 768w, https:\/\/elmetropolitano.com.gt\/es\/wp-content\/uploads\/2024\/12\/471722674_1108922221233860_6339336743232461719_n.jpg 1500w\" sizes=\"auto, (max-width: 1024px) 100vw, 1024px\" \/><\/figure>\n\n\n\n<figure class=\"wp-block-image size-large\"><img loading=\"lazy\" decoding=\"async\" width=\"1024\" height=\"575\" data-id=\"94571\" src=\"https:\/\/elmetropolitano.com.gt\/es\/wp-content\/uploads\/2024\/12\/471856199_1108922197900529_4268493944348750818_n-1024x575.jpg\" alt=\"\" class=\"wp-image-94571\" srcset=\"https:\/\/elmetropolitano.com.gt\/es\/wp-content\/uploads\/2024\/12\/471856199_1108922197900529_4268493944348750818_n-1024x575.jpg 1024w, https:\/\/elmetropolitano.com.gt\/es\/wp-content\/uploads\/2024\/12\/471856199_1108922197900529_4268493944348750818_n-300x169.jpg 300w, https:\/\/elmetropolitano.com.gt\/es\/wp-content\/uploads\/2024\/12\/471856199_1108922197900529_4268493944348750818_n-768x432.jpg 768w, https:\/\/elmetropolitano.com.gt\/es\/wp-content\/uploads\/2024\/12\/471856199_1108922197900529_4268493944348750818_n.jpg 1500w\" sizes=\"auto, (max-width: 1024px) 100vw, 1024px\" \/><\/figure>\n<\/figure>\n","protected":false},"excerpt":{"rendered":"<p>Un tr\u00e1iler embisti\u00f3 esta ma\u00f1ana a varios veh\u00edculos entre ellos un microb\u00fas en el kil\u00f3metro 84 de la ruta al Atl\u00e1ntico, jurisdicci\u00f3n del Puente Chetumal, en San Agust\u00edn Acasaguastl\u00e1n, El Progreso, informan los Bomberos Municipales Departamentales de la estaci\u00f3n 17. Los bomberos trasladaron a David Saqueo Cux Pop de 20 a\u00f1os originario de Santa Elena <a class=\"read-more\" href=\"https:\/\/elmetropolitano.com.gt\/es\/dos-heridos-por-multiple-choque-en-ruta-al-atlantico-deja-varios-heridos\/\">Leer m\u00e1s<\/a><\/p>\n","protected":false},"author":1,"featured_media":94565,"comment_status":"open","ping_status":"closed","sticky":false,"template":"","format":"standard","meta":{"footnotes":""},"categories":[4],"tags":[13],"class_list":["post-94564","post","type-post","status-publish","format-standard","has-post-thumbnail","hentry","category-departamentales","tag-departamentales"],"_links":{"self":[{"href":"https:\/\/elmetropolitano.com.gt\/es\/wp-json\/wp\/v2\/posts\/94564","targetHints":{"allow":["GET"]}}],"collection":[{"href":"https:\/\/elmetropolitano.com.gt\/es\/wp-json\/wp\/v2\/posts"}],"about":[{"href":"https:\/\/elmetropolitano.com.gt\/es\/wp-json\/wp\/v2\/types\/post"}],"author":[{"embeddable":true,"href":"https:\/\/elmetropolitano.com.gt\/es\/wp-json\/wp\/v2\/users\/1"}],"replies":[{"embeddable":true,"href":"https:\/\/elmetropolitano.com.gt\/es\/wp-json\/wp\/v2\/comments?post=94564"}],"version-history":[{"count":1,"href":"https:\/\/elmetropolitano.com.gt\/es\/wp-json\/wp\/v2\/posts\/94564\/revisions"}],"predecessor-version":[{"id":94572,"href":"https:\/\/elmetropolitano.com.gt\/es\/wp-json\/wp\/v2\/posts\/94564\/revisions\/94572"}],"wp:featuredmedia":[{"embeddable":true,"href":"https:\/\/elmetropolitano.com.gt\/es\/wp-json\/wp\/v2\/media\/94565"}],"wp:attachment":[{"href":"https:\/\/elmetropolitano.com.gt\/es\/wp-json\/wp\/v2\/media?parent=94564"}],"wp:term":[{"taxonomy":"category","embeddable":true,"href":"https:\/\/elmetropolitano.com.gt\/es\/wp-json\/wp\/v2\/categories?post=94564"},{"taxonomy":"post_tag","embeddable":true,"href":"https:\/\/elmetropolitano.com.gt\/es\/wp-json\/wp\/v2\/tags?post=94564"}],"curies":[{"name":"wp","href":"https:\/\/api.w.org\/{rel}","templated":true}]}}