{"id":94587,"date":"2024-12-29T15:14:07","date_gmt":"2024-12-29T21:14:07","guid":{"rendered":"https:\/\/elmetropolitano.com.gt\/es\/?p=94587"},"modified":"2024-12-29T15:14:07","modified_gmt":"2024-12-29T21:14:07","slug":"codeca-desarrolla-encuentra-de-juventudes-en-suchitepequez","status":"publish","type":"post","link":"https:\/\/elmetropolitano.com.gt\/es\/codeca-desarrolla-encuentra-de-juventudes-en-suchitepequez\/","title":{"rendered":"C\u00f3deca desarrolla encuentra de juventudes en Suchitep\u00e9quez"},"content":{"rendered":"\n<p>Este fin de semana se desarroll\u00f3 el encuentro de Juventudes del Comit\u00e9 de Desarrollo Campesino CODECA en el municipio de Santo Domingo Suchitepequez donde participaron el futuro de este movimiento<\/p>\n\n\n\n<p>El objetivo de la reuni\u00f3n fue que la nueva generaci\u00f3n de CODECA, se forme y organice por lo que se desarrollaron una serie de talleres con dicho objetivo<\/p><div class=\"elmet-contenido\" id=\"elmet-572572044\"><div class=\"elmet-adlabel\">Anuncios<\/div><div style=\"margin-top: 20px;margin-right: 20px;margin-bottom: 20px;margin-left: 20px;\" id=\"elmet-1195115345\"><a href=\"https:\/\/www.facebook.com\/arrincuanantigua\/\" aria-label=\"cintillo-arrin-cual\"><img loading=\"lazy\" decoding=\"async\" src=\"https:\/\/elmetropolitano.com.gt\/es\/wp-content\/uploads\/2021\/11\/cintillo-arrin-cual-1.jpg\" alt=\"\"  srcset=\"https:\/\/elmetropolitano.com.gt\/es\/wp-content\/uploads\/2021\/11\/cintillo-arrin-cual-1.jpg 750w, https:\/\/elmetropolitano.com.gt\/es\/wp-content\/uploads\/2021\/11\/cintillo-arrin-cual-1-300x36.jpg 300w, https:\/\/elmetropolitano.com.gt\/es\/wp-content\/uploads\/2021\/11\/cintillo-arrin-cual-1-600x72.jpg 600w\" sizes=\"(max-width: 750px) 100vw, 750px\" width=\"750\" height=\"90\"   \/><\/a><\/div><\/div>\n\n\n\n<p>\u201cEl <a><\/a>relevo intergeneracional en complementaridad, es el horizonte \u201c expres\u00f3 esta organizaci\u00f3n campesina<\/p>\n\n\n\n<p>C\u00f3deca naci\u00f3 con el objetivo de mejorar las condiciones de vida de las comunidades campesinas mediante un impulso importante hacia un desarrollo rural que se construya de forma participativa, con equidad e inclusi\u00f3n social.<\/p>\n\n\n\n<p>Busca influir en la formulaci\u00f3n de pol\u00edticas orientadas a las zonas rurales mediante la participaci\u00f3n con equidad, as\u00ed como a trav\u00e9s de la inclusi\u00f3n de sectores marginados y excluidos en el proceso de formulaci\u00f3n de pol\u00edticas; y fortalecer la capacidad de CODECA para influir en las pol\u00edticas de desarrollo rural.<\/p>\n\n\n\n<p><a href=\"https:\/\/www.facebook.com\/hashtag\/codeca?__eep__=6&amp;__cft__[0]=AZXgiXMyDowM1KDe0bykAcpBq0p2C8R_X9_jGYbmxNnrcqFbdAOJnns4om-G_pT_YaMyydVHHuBgkIlIuaYTExk3sXolWQ8DvGmRzQRI3qgO7lIRj3_ZAwo2IZ2gM_78qZiRnLeFOLvjXCQJtLHx2rzsF7c-jNRatNcELvQGb_1kTiCzxOXYWs4Oj7LNBH9WALQ&amp;__tn__=*NK-R\">#Codeca<\/a><a href=\"https:\/\/www.facebook.com\/hashtag\/metroredes?__eep__=6&amp;__cft__[0]=AZXgiXMyDowM1KDe0bykAcpBq0p2C8R_X9_jGYbmxNnrcqFbdAOJnns4om-G_pT_YaMyydVHHuBgkIlIuaYTExk3sXolWQ8DvGmRzQRI3qgO7lIRj3_ZAwo2IZ2gM_78qZiRnLeFOLvjXCQJtLHx2rzsF7c-jNRatNcELvQGb_1kTiCzxOXYWs4Oj7LNBH9WALQ&amp;__tn__=*NK-R\">#metroredes<\/a><a href=\"https:\/\/www.facebook.com\/hashtag\/campecinos?__eep__=6&amp;__cft__[0]=AZXgiXMyDowM1KDe0bykAcpBq0p2C8R_X9_jGYbmxNnrcqFbdAOJnns4om-G_pT_YaMyydVHHuBgkIlIuaYTExk3sXolWQ8DvGmRzQRI3qgO7lIRj3_ZAwo2IZ2gM_78qZiRnLeFOLvjXCQJtLHx2rzsF7c-jNRatNcELvQGb_1kTiCzxOXYWs4Oj7LNBH9WALQ&amp;__tn__=*NK-R\">#Campecinos<\/a><\/p>\n\n\n\n<figure class=\"wp-block-gallery has-nested-images columns-default is-cropped wp-block-gallery-1 is-layout-flex wp-block-gallery-is-layout-flex\">\n<figure class=\"wp-block-image size-large\"><img loading=\"lazy\" decoding=\"async\" width=\"1024\" height=\"768\" data-id=\"94589\" src=\"https:\/\/elmetropolitano.com.gt\/es\/wp-content\/uploads\/2024\/12\/471680055_1109721694487246_2304092543393559909_n-1024x768.jpg\" alt=\"\" class=\"wp-image-94589\" srcset=\"https:\/\/elmetropolitano.com.gt\/es\/wp-content\/uploads\/2024\/12\/471680055_1109721694487246_2304092543393559909_n-1024x768.jpg 1024w, https:\/\/elmetropolitano.com.gt\/es\/wp-content\/uploads\/2024\/12\/471680055_1109721694487246_2304092543393559909_n-300x225.jpg 300w, https:\/\/elmetropolitano.com.gt\/es\/wp-content\/uploads\/2024\/12\/471680055_1109721694487246_2304092543393559909_n-768x576.jpg 768w, https:\/\/elmetropolitano.com.gt\/es\/wp-content\/uploads\/2024\/12\/471680055_1109721694487246_2304092543393559909_n.jpg 1080w\" sizes=\"auto, (max-width: 1024px) 100vw, 1024px\" \/><\/figure>\n\n\n\n<figure class=\"wp-block-image size-large\"><img loading=\"lazy\" decoding=\"async\" width=\"1024\" height=\"768\" data-id=\"94592\" src=\"https:\/\/elmetropolitano.com.gt\/es\/wp-content\/uploads\/2024\/12\/471714766_1109721631153919_2366942283195481417_n-1024x768.jpg\" alt=\"\" class=\"wp-image-94592\" srcset=\"https:\/\/elmetropolitano.com.gt\/es\/wp-content\/uploads\/2024\/12\/471714766_1109721631153919_2366942283195481417_n-1024x768.jpg 1024w, https:\/\/elmetropolitano.com.gt\/es\/wp-content\/uploads\/2024\/12\/471714766_1109721631153919_2366942283195481417_n-300x225.jpg 300w, https:\/\/elmetropolitano.com.gt\/es\/wp-content\/uploads\/2024\/12\/471714766_1109721631153919_2366942283195481417_n-768x576.jpg 768w, https:\/\/elmetropolitano.com.gt\/es\/wp-content\/uploads\/2024\/12\/471714766_1109721631153919_2366942283195481417_n.jpg 1080w\" sizes=\"auto, (max-width: 1024px) 100vw, 1024px\" \/><\/figure>\n\n\n\n<figure class=\"wp-block-image size-large\"><img loading=\"lazy\" decoding=\"async\" width=\"1024\" height=\"768\" data-id=\"94593\" src=\"https:\/\/elmetropolitano.com.gt\/es\/wp-content\/uploads\/2024\/12\/471734079_1109721677820581_7056032570906136176_n-1024x768.jpg\" alt=\"\" class=\"wp-image-94593\" srcset=\"https:\/\/elmetropolitano.com.gt\/es\/wp-content\/uploads\/2024\/12\/471734079_1109721677820581_7056032570906136176_n-1024x768.jpg 1024w, https:\/\/elmetropolitano.com.gt\/es\/wp-content\/uploads\/2024\/12\/471734079_1109721677820581_7056032570906136176_n-300x225.jpg 300w, https:\/\/elmetropolitano.com.gt\/es\/wp-content\/uploads\/2024\/12\/471734079_1109721677820581_7056032570906136176_n-768x576.jpg 768w, https:\/\/elmetropolitano.com.gt\/es\/wp-content\/uploads\/2024\/12\/471734079_1109721677820581_7056032570906136176_n.jpg 1080w\" sizes=\"auto, (max-width: 1024px) 100vw, 1024px\" \/><\/figure>\n\n\n\n<figure class=\"wp-block-image size-large\"><img loading=\"lazy\" decoding=\"async\" width=\"1024\" height=\"768\" data-id=\"94594\" src=\"https:\/\/elmetropolitano.com.gt\/es\/wp-content\/uploads\/2024\/12\/471738322_1109721857820563_9140083497937595988_n-1024x768.jpg\" alt=\"\" class=\"wp-image-94594\" srcset=\"https:\/\/elmetropolitano.com.gt\/es\/wp-content\/uploads\/2024\/12\/471738322_1109721857820563_9140083497937595988_n-1024x768.jpg 1024w, https:\/\/elmetropolitano.com.gt\/es\/wp-content\/uploads\/2024\/12\/471738322_1109721857820563_9140083497937595988_n-300x225.jpg 300w, https:\/\/elmetropolitano.com.gt\/es\/wp-content\/uploads\/2024\/12\/471738322_1109721857820563_9140083497937595988_n-768x576.jpg 768w, https:\/\/elmetropolitano.com.gt\/es\/wp-content\/uploads\/2024\/12\/471738322_1109721857820563_9140083497937595988_n.jpg 1080w\" sizes=\"auto, (max-width: 1024px) 100vw, 1024px\" \/><\/figure>\n\n\n\n<figure class=\"wp-block-image size-large\"><img loading=\"lazy\" decoding=\"async\" width=\"1024\" height=\"768\" data-id=\"94590\" src=\"https:\/\/elmetropolitano.com.gt\/es\/wp-content\/uploads\/2024\/12\/471756004_1109721627820586_8134555922255187725_n-1-1024x768.jpg\" alt=\"\" class=\"wp-image-94590\" srcset=\"https:\/\/elmetropolitano.com.gt\/es\/wp-content\/uploads\/2024\/12\/471756004_1109721627820586_8134555922255187725_n-1-1024x768.jpg 1024w, https:\/\/elmetropolitano.com.gt\/es\/wp-content\/uploads\/2024\/12\/471756004_1109721627820586_8134555922255187725_n-1-300x225.jpg 300w, https:\/\/elmetropolitano.com.gt\/es\/wp-content\/uploads\/2024\/12\/471756004_1109721627820586_8134555922255187725_n-1-768x576.jpg 768w, https:\/\/elmetropolitano.com.gt\/es\/wp-content\/uploads\/2024\/12\/471756004_1109721627820586_8134555922255187725_n-1.jpg 1080w\" sizes=\"auto, (max-width: 1024px) 100vw, 1024px\" \/><\/figure>\n\n\n\n<figure class=\"wp-block-image size-large\"><img loading=\"lazy\" decoding=\"async\" width=\"768\" height=\"1024\" data-id=\"94591\" src=\"https:\/\/elmetropolitano.com.gt\/es\/wp-content\/uploads\/2024\/12\/471828846_1109721717820577_4945825293605912197_n-768x1024.jpg\" alt=\"\" class=\"wp-image-94591\" srcset=\"https:\/\/elmetropolitano.com.gt\/es\/wp-content\/uploads\/2024\/12\/471828846_1109721717820577_4945825293605912197_n-768x1024.jpg 768w, https:\/\/elmetropolitano.com.gt\/es\/wp-content\/uploads\/2024\/12\/471828846_1109721717820577_4945825293605912197_n-225x300.jpg 225w, https:\/\/elmetropolitano.com.gt\/es\/wp-content\/uploads\/2024\/12\/471828846_1109721717820577_4945825293605912197_n.jpg 1080w\" sizes=\"auto, (max-width: 768px) 100vw, 768px\" \/><\/figure>\n\n\n\n<figure class=\"wp-block-image size-large\"><img loading=\"lazy\" decoding=\"async\" width=\"1024\" height=\"768\" data-id=\"94595\" src=\"https:\/\/elmetropolitano.com.gt\/es\/wp-content\/uploads\/2024\/12\/471855120_1109721841153898_887387258088598518_n-1024x768.jpg\" alt=\"\" class=\"wp-image-94595\" srcset=\"https:\/\/elmetropolitano.com.gt\/es\/wp-content\/uploads\/2024\/12\/471855120_1109721841153898_887387258088598518_n-1024x768.jpg 1024w, https:\/\/elmetropolitano.com.gt\/es\/wp-content\/uploads\/2024\/12\/471855120_1109721841153898_887387258088598518_n-300x225.jpg 300w, https:\/\/elmetropolitano.com.gt\/es\/wp-content\/uploads\/2024\/12\/471855120_1109721841153898_887387258088598518_n-768x576.jpg 768w, https:\/\/elmetropolitano.com.gt\/es\/wp-content\/uploads\/2024\/12\/471855120_1109721841153898_887387258088598518_n.jpg 1080w\" sizes=\"auto, (max-width: 1024px) 100vw, 1024px\" \/><\/figure>\n<\/figure>\n","protected":false},"excerpt":{"rendered":"<p>Este fin de semana se desarroll\u00f3 el encuentro de Juventudes del Comit\u00e9 de Desarrollo Campesino CODECA en el municipio de Santo Domingo Suchitepequez donde participaron el futuro de este movimiento El objetivo de la reuni\u00f3n fue que la nueva generaci\u00f3n de CODECA, se forme y organice por lo que se desarrollaron una serie de talleres <a class=\"read-more\" href=\"https:\/\/elmetropolitano.com.gt\/es\/codeca-desarrolla-encuentra-de-juventudes-en-suchitepequez\/\">Leer m\u00e1s<\/a><\/p>\n","protected":false},"author":1,"featured_media":94588,"comment_status":"open","ping_status":"closed","sticky":false,"template":"","format":"standard","meta":{"footnotes":""},"categories":[4],"tags":[13],"class_list":["post-94587","post","type-post","status-publish","format-standard","has-post-thumbnail","hentry","category-departamentales","tag-departamentales"],"_links":{"self":[{"href":"https:\/\/elmetropolitano.com.gt\/es\/wp-json\/wp\/v2\/posts\/94587","targetHints":{"allow":["GET"]}}],"collection":[{"href":"https:\/\/elmetropolitano.com.gt\/es\/wp-json\/wp\/v2\/posts"}],"about":[{"href":"https:\/\/elmetropolitano.com.gt\/es\/wp-json\/wp\/v2\/types\/post"}],"author":[{"embeddable":true,"href":"https:\/\/elmetropolitano.com.gt\/es\/wp-json\/wp\/v2\/users\/1"}],"replies":[{"embeddable":true,"href":"https:\/\/elmetropolitano.com.gt\/es\/wp-json\/wp\/v2\/comments?post=94587"}],"version-history":[{"count":1,"href":"https:\/\/elmetropolitano.com.gt\/es\/wp-json\/wp\/v2\/posts\/94587\/revisions"}],"predecessor-version":[{"id":94596,"href":"https:\/\/elmetropolitano.com.gt\/es\/wp-json\/wp\/v2\/posts\/94587\/revisions\/94596"}],"wp:featuredmedia":[{"embeddable":true,"href":"https:\/\/elmetropolitano.com.gt\/es\/wp-json\/wp\/v2\/media\/94588"}],"wp:attachment":[{"href":"https:\/\/elmetropolitano.com.gt\/es\/wp-json\/wp\/v2\/media?parent=94587"}],"wp:term":[{"taxonomy":"category","embeddable":true,"href":"https:\/\/elmetropolitano.com.gt\/es\/wp-json\/wp\/v2\/categories?post=94587"},{"taxonomy":"post_tag","embeddable":true,"href":"https:\/\/elmetropolitano.com.gt\/es\/wp-json\/wp\/v2\/tags?post=94587"}],"curies":[{"name":"wp","href":"https:\/\/api.w.org\/{rel}","templated":true}]}}