{"id":94606,"date":"2024-12-29T19:14:51","date_gmt":"2024-12-30T01:14:51","guid":{"rendered":"https:\/\/elmetropolitano.com.gt\/es\/?p=94606"},"modified":"2024-12-29T19:14:52","modified_gmt":"2024-12-30T01:14:52","slug":"presidente-arevalo-hace-28-anos-guatemala-eligio-la-paz-firme-y-duradera","status":"publish","type":"post","link":"https:\/\/elmetropolitano.com.gt\/es\/presidente-arevalo-hace-28-anos-guatemala-eligio-la-paz-firme-y-duradera\/","title":{"rendered":"Presidente Ar\u00e9valo: \u00abHace 28 a\u00f1os Guatemala eligi\u00f3 la paz firme y duradera\u00bb"},"content":{"rendered":"\n<p>El presidente Bernardo Ar\u00e9valo emiti\u00f3 un mensaje este domingo, en el marco de la conmemoraci\u00f3n de los 28 a\u00f1os de la firma de los Acuerdos de Paz, donde destac\u00f3 el di\u00e1logo para lograra la paz en el pa\u00eds.<\/p>\n\n\n\n<p>Hace <a><\/a>28 a\u00f1os, el 29 de diciembre de 1996, el Gobierno de la Rep\u00fablica y la Unidad Revolucionaria Nacional Guatemalteca (URNG) firmaron el Acuerdo de Paz firme y duradera que dio por finalizado un conflicto que desangr\u00f3 a dos generaciones de hermanos y hermanas.<\/p><div class=\"elmet-contenido\" id=\"elmet-181844284\"><div class=\"elmet-adlabel\">Anuncios<\/div><div style=\"margin-top: 20px;margin-right: 20px;margin-bottom: 20px;margin-left: 20px;\" id=\"elmet-1837584834\"><a href=\"https:\/\/www.facebook.com\/arrincuanantigua\/\" aria-label=\"cintillo-arrin-cual\"><img loading=\"lazy\" decoding=\"async\" src=\"https:\/\/elmetropolitano.com.gt\/es\/wp-content\/uploads\/2021\/11\/cintillo-arrin-cual-1.jpg\" alt=\"\"  srcset=\"https:\/\/elmetropolitano.com.gt\/es\/wp-content\/uploads\/2021\/11\/cintillo-arrin-cual-1.jpg 750w, https:\/\/elmetropolitano.com.gt\/es\/wp-content\/uploads\/2021\/11\/cintillo-arrin-cual-1-300x36.jpg 300w, https:\/\/elmetropolitano.com.gt\/es\/wp-content\/uploads\/2021\/11\/cintillo-arrin-cual-1-600x72.jpg 600w\" sizes=\"(max-width: 750px) 100vw, 750px\" width=\"750\" height=\"90\"   \/><\/a><\/div><\/div>\n\n\n\n<p>El mandatario destac\u00f3 que esta conmemoraci\u00f3n es parad\u00f3jica, porque por un lado hay logros por obtener una paz por la v\u00eda del di\u00e1logo.<\/p>\n\n\n\n<p>Guatemaltecos no debemos aceptar ni el olvido ni el silencio, donde destac\u00f3 la convicci\u00f3n del pueblo guatemalteco para elegir su propio destino.<\/p>\n\n\n\n<p>En el acto de conmoraci\u00f3n tambien participaron la vicepresidenta Karin Herrera, la ministra de Cultura y Deportes, Liwy Grazioso, y el director ejecutivo de la Comisi\u00f3n Presidencial por la Paz y los Derechos Humanos (Copadeh), Carlos Federico Am\u00e9zquita.<\/p>\n\n\n\n<p>Los avances<\/p>\n\n\n\n<p>En tanto, el presidente Ar\u00e9valo destac\u00f3 que ha habido avances importantes en 28 a\u00f1os de la firma de los Acuerdos de Paz.<\/p>\n\n\n\n<p>El 29 de diciembre debe ser una fecha y una oportunidad de reflexi\u00f3n colectiva, de reconocimiento del pasado y una oportunidad para imaginar un futuro en la trayectoria de Guatemala que no este definida por la violencia sino en una convivencia pac\u00edfica.<\/p>\n\n\n\n<p>En ese sentido, se\u00f1al\u00f3 que dos generaciones vivieron en conflicto y tuvieron la valent\u00eda de dejar atr\u00e1s las armas y vivir en paz en el pa\u00eds.<\/p>\n\n\n\n<p>El gobernante destac\u00f3 que hoy una nueva generaci\u00f3n gu\u00eda el esfuerzo colectivo por la reconstrucci\u00f3n del tejido social y la expansi\u00f3n de la vida en democracia.<\/p>\n\n\n\n<p>Adem\u00e1s, esta ceremonia honra el proceso intergeneracional. Por lo cual esta fue una decisi\u00f3n hist\u00f3rica de cerrar ese ciclo de violencia entre hermanos y hermanas.<\/p>\n\n\n\n<p>Apoyo de la juventud<\/p>\n\n\n\n<p>Hace 28 a\u00f1os la Rosa de la Paz fue entregada por la secretaria para la Paz, Raquel Zelaya, Julio Balconi Turcios quien fuera ministro de la Defensa y Alba Estela Maldonado, representante de la URNG, como hoy se realiza en el Patio de la Paz en el Palacio Nacional de la Cultura.<\/p>\n\n\n\n<p>En esta ocasi\u00f3n cambia la Rosa de la Paz una joven Margarita Cecilia Guti\u00e9rrez Tzoy, una l\u00edder estudiantil cuya familia fue desplazada por la violencia del conflicto.<\/p>\n\n\n\n<p>Ella representa a la juventud que ejerce su ciudadan\u00eda que apoyan el nuevo destino hacia una vida digna y en paz.<\/p>\n\n\n\n<p>M\u00e1s del 60 % de la poblaci\u00f3n tiene menos de 30 a\u00f1os y la edad media de los habitantes de Guatemala es de 28 a\u00f1os. Este acto en consecuencia simboliza el relevo gradual de las generaciones.<\/p>\n\n\n\n<p>El Presidente destac\u00f3 que este acto sirve para renovar los sue\u00f1os de una Guatemala democr\u00e1tica, de una Guatemala que respeta los Derechos Humanos y de la consolidaci\u00f3n de la paz convierte sobre todo al presente y el futuro.<\/p>\n\n\n\n<p>No hay que olvidar, que siguen existiendo personas en Guatemala que prefieren el olvido y el silencio al conocimiento de la verdad.<\/p>\n\n\n\n<p>Por ello, destac\u00f3 que es importante evitar el abuso de cargos en los funcionarios p\u00fablicos. Adem\u00e1s, es importante combatir la corrupci\u00f3n del pa\u00eds, para evitar que este conflicto vuelva a pasar.<\/p>\n\n\n\n<p>Es importante conocer la historia con precisi\u00f3n, con todo el peso de la verdad, es una necesidad nacional, aunque sea dolorosa para poder as\u00ed cimentar la paz y tener un futuro sin violencia.<\/p>\n\n\n\n<p>Adem\u00e1s, el mandatario hizo un llamado a la poblaci\u00f3n guatemalteca para enfrentar el pasado con gallard\u00eda, caminar junto por a v\u00eda de la reconciliaci\u00f3n sabiendo que solo con una justicia verdadera y un desarrollo incluyente se construye una paz verdadera<\/p>\n\n\n\n<p>Texto: Brenda Larios<\/p>\n\n\n\n<p><a href=\"https:\/\/www.facebook.com\/hashtag\/metroredes?__eep__=6&amp;__cft__[0]=AZVyNCp00ZL2DRYlLPr6BB-_f3MeE0TW4Kn8ITfYRNZaoPMGwqojX4bY3TGWwyvFInmCEDv9bRO3cmAmRQdeswNegdfvQ5EVNotT1A_wRPiz8RC-o2Lrdc11Xyn-4mrHCXv-Ssld5NJWdoZ99kaSUvUNAbKe8SDwS9_gA5oC4N5R_KC7iUTuYGpjyhp2yPJiBDc&amp;__tn__=*NK-R\">#metroredes<\/a><a href=\"https:\/\/www.facebook.com\/hashtag\/paz?__eep__=6&amp;__cft__[0]=AZVyNCp00ZL2DRYlLPr6BB-_f3MeE0TW4Kn8ITfYRNZaoPMGwqojX4bY3TGWwyvFInmCEDv9bRO3cmAmRQdeswNegdfvQ5EVNotT1A_wRPiz8RC-o2Lrdc11Xyn-4mrHCXv-Ssld5NJWdoZ99kaSUvUNAbKe8SDwS9_gA5oC4N5R_KC7iUTuYGpjyhp2yPJiBDc&amp;__tn__=*NK-R\">#Paz<\/a><a href=\"https:\/\/www.facebook.com\/hashtag\/acuerdosdepaz?__eep__=6&amp;__cft__[0]=AZVyNCp00ZL2DRYlLPr6BB-_f3MeE0TW4Kn8ITfYRNZaoPMGwqojX4bY3TGWwyvFInmCEDv9bRO3cmAmRQdeswNegdfvQ5EVNotT1A_wRPiz8RC-o2Lrdc11Xyn-4mrHCXv-Ssld5NJWdoZ99kaSUvUNAbKe8SDwS9_gA5oC4N5R_KC7iUTuYGpjyhp2yPJiBDc&amp;__tn__=*NK-R\">#AcuerdosDePaz<\/a><\/p>\n\n\n\n<p><a href=\"https:\/\/l.facebook.com\/l.php?u=http%3A%2F%2FWww.metroredes.com.gt%2F%3Ffbclid%3DIwZXh0bgNhZW0CMTAAAR1FMVy3UjEVDe3-1YKcoOCQ3Otg27IiCMQVLd2lEQQVOEINZme_uOzSLY8_aem_JwYMU104MED9QcJ2JAeLWQ&amp;h=AT3QbQA-dXqIDLhEEvnRcNuyUA5QzoVDzWSms-ZNXckB6tHbAux1DPuLGjf7aQZ69KnrqTFSZj_xiG0beNhxmdMCkxgCfnW6Yz9-e_yT2e8k1grQgatu6XAuj8YlNSoTPxJ9&amp;__tn__=-UK-R&amp;c[0]=AT19qC6w0StwNMY9z2uel8ynFtODNo3cUyHUyKYXBmNNeJLAxTwtBVeH_pCFXVGkVWh5aiopHfy4Tre8F1yJ2MT-RCmQNdVdgG3wLQN-qeG0wAhgTrrSdq0ZFr-FrluyWzCJldQB8PR9XUA6UEEUQBJZPl5avscVMrQv4rpHsrGGn2ZQ7rqCNaLK9I789TnpdB_ViXNUyFm3vPSQNqKqPe56lLY\" rel=\"noreferrer noopener\" target=\"_blank\">Www.metroredes.com.gt<\/a><\/p>\n\n\n\n<p><a href=\"https:\/\/l.facebook.com\/l.php?u=http%3A%2F%2FWww.metroredes.com%2F%3Ffbclid%3DIwZXh0bgNhZW0CMTAAAR1FMVy3UjEVDe3-1YKcoOCQ3Otg27IiCMQVLd2lEQQVOEINZme_uOzSLY8_aem_JwYMU104MED9QcJ2JAeLWQ&amp;h=AT2wQxd2yM7bK9zEgKZKVnuG8ulY3HcuXyKk516BkSIGi6SYvGaLVMguCRD35hRojyUUMRagohEMgShKdkqtdg7E_tP6G-ad1paN9sk0jhb4-LRkstGSRgeiGeRligHUJwFs&amp;__tn__=-UK-R&amp;c[0]=AT19qC6w0StwNMY9z2uel8ynFtODNo3cUyHUyKYXBmNNeJLAxTwtBVeH_pCFXVGkVWh5aiopHfy4Tre8F1yJ2MT-RCmQNdVdgG3wLQN-qeG0wAhgTrrSdq0ZFr-FrluyWzCJldQB8PR9XUA6UEEUQBJZPl5avscVMrQv4rpHsrGGn2ZQ7rqCNaLK9I789TnpdB_ViXNUyFm3vPSQNqKqPe56lLY\" rel=\"noreferrer noopener\" target=\"_blank\">Www.metroredes.com<\/a><\/p>\n\n\n\n<p><a href=\"https:\/\/l.facebook.com\/l.php?u=http%3A%2F%2FWww.elescuintleco.com%2F%3Ffbclid%3DIwZXh0bgNhZW0CMTAAAR0_aUz5_pWzAyghuy5xTyC9rMyplSz2wk567QzKS4fSwiGKshMgeUvQWvc_aem_hC3G8jEtBSEa0gCJcOsGsQ&amp;h=AT3RznOMVxOuYtWWUFRTucAaEVnEiBRGNBlYxLvi5vFQlSJYpTnz5QJuU_22fDBPf8d0uI_Sc3N6UTLbD2tpIy1yeF8IkpL9PWFz-aR6IOf1Q1fwLKrh9FL2UunE0Fb9o3R2&amp;__tn__=-UK-R&amp;c[0]=AT19qC6w0StwNMY9z2uel8ynFtODNo3cUyHUyKYXBmNNeJLAxTwtBVeH_pCFXVGkVWh5aiopHfy4Tre8F1yJ2MT-RCmQNdVdgG3wLQN-qeG0wAhgTrrSdq0ZFr-FrluyWzCJldQB8PR9XUA6UEEUQBJZPl5avscVMrQv4rpHsrGGn2ZQ7rqCNaLK9I789TnpdB_ViXNUyFm3vPSQNqKqPe56lLY\" rel=\"noreferrer noopener\" target=\"_blank\">Www.elescuintleco.com<\/a><\/p>\n\n\n\n<figure class=\"wp-block-gallery has-nested-images columns-default is-cropped wp-block-gallery-1 is-layout-flex wp-block-gallery-is-layout-flex\">\n<figure class=\"wp-block-image size-large\"><img loading=\"lazy\" decoding=\"async\" width=\"1024\" height=\"750\" data-id=\"94611\" src=\"https:\/\/elmetropolitano.com.gt\/es\/wp-content\/uploads\/2024\/12\/471711203_1109842594475156_1568607235418008597_n-1024x750.jpg\" alt=\"\" class=\"wp-image-94611\" srcset=\"https:\/\/elmetropolitano.com.gt\/es\/wp-content\/uploads\/2024\/12\/471711203_1109842594475156_1568607235418008597_n-1024x750.jpg 1024w, https:\/\/elmetropolitano.com.gt\/es\/wp-content\/uploads\/2024\/12\/471711203_1109842594475156_1568607235418008597_n-300x220.jpg 300w, https:\/\/elmetropolitano.com.gt\/es\/wp-content\/uploads\/2024\/12\/471711203_1109842594475156_1568607235418008597_n-768x563.jpg 768w, https:\/\/elmetropolitano.com.gt\/es\/wp-content\/uploads\/2024\/12\/471711203_1109842594475156_1568607235418008597_n.jpg 1200w\" sizes=\"auto, (max-width: 1024px) 100vw, 1024px\" \/><\/figure>\n\n\n\n<figure class=\"wp-block-image size-large\"><img loading=\"lazy\" decoding=\"async\" width=\"1024\" height=\"750\" data-id=\"94610\" src=\"https:\/\/elmetropolitano.com.gt\/es\/wp-content\/uploads\/2024\/12\/471723442_1109842561141826_6223068450850827723_n-1024x750.jpg\" alt=\"\" class=\"wp-image-94610\" srcset=\"https:\/\/elmetropolitano.com.gt\/es\/wp-content\/uploads\/2024\/12\/471723442_1109842561141826_6223068450850827723_n-1024x750.jpg 1024w, https:\/\/elmetropolitano.com.gt\/es\/wp-content\/uploads\/2024\/12\/471723442_1109842561141826_6223068450850827723_n-300x220.jpg 300w, https:\/\/elmetropolitano.com.gt\/es\/wp-content\/uploads\/2024\/12\/471723442_1109842561141826_6223068450850827723_n-768x563.jpg 768w, https:\/\/elmetropolitano.com.gt\/es\/wp-content\/uploads\/2024\/12\/471723442_1109842561141826_6223068450850827723_n.jpg 1200w\" sizes=\"auto, (max-width: 1024px) 100vw, 1024px\" \/><\/figure>\n\n\n\n<figure class=\"wp-block-image size-large\"><img loading=\"lazy\" decoding=\"async\" width=\"1024\" height=\"750\" data-id=\"94613\" src=\"https:\/\/elmetropolitano.com.gt\/es\/wp-content\/uploads\/2024\/12\/471856884_1109842611141821_7109013071207644887_n-1024x750.jpg\" alt=\"\" class=\"wp-image-94613\" srcset=\"https:\/\/elmetropolitano.com.gt\/es\/wp-content\/uploads\/2024\/12\/471856884_1109842611141821_7109013071207644887_n-1024x750.jpg 1024w, https:\/\/elmetropolitano.com.gt\/es\/wp-content\/uploads\/2024\/12\/471856884_1109842611141821_7109013071207644887_n-300x220.jpg 300w, https:\/\/elmetropolitano.com.gt\/es\/wp-content\/uploads\/2024\/12\/471856884_1109842611141821_7109013071207644887_n-768x563.jpg 768w, https:\/\/elmetropolitano.com.gt\/es\/wp-content\/uploads\/2024\/12\/471856884_1109842611141821_7109013071207644887_n.jpg 1200w\" sizes=\"auto, (max-width: 1024px) 100vw, 1024px\" \/><\/figure>\n\n\n\n<figure class=\"wp-block-image size-large\"><img loading=\"lazy\" decoding=\"async\" width=\"1024\" height=\"750\" data-id=\"94608\" src=\"https:\/\/elmetropolitano.com.gt\/es\/wp-content\/uploads\/2024\/12\/471857355_1109842617808487_5471084982853759507_n-1024x750.jpg\" alt=\"\" class=\"wp-image-94608\" srcset=\"https:\/\/elmetropolitano.com.gt\/es\/wp-content\/uploads\/2024\/12\/471857355_1109842617808487_5471084982853759507_n-1024x750.jpg 1024w, https:\/\/elmetropolitano.com.gt\/es\/wp-content\/uploads\/2024\/12\/471857355_1109842617808487_5471084982853759507_n-300x220.jpg 300w, https:\/\/elmetropolitano.com.gt\/es\/wp-content\/uploads\/2024\/12\/471857355_1109842617808487_5471084982853759507_n-768x563.jpg 768w, https:\/\/elmetropolitano.com.gt\/es\/wp-content\/uploads\/2024\/12\/471857355_1109842617808487_5471084982853759507_n.jpg 1200w\" sizes=\"auto, (max-width: 1024px) 100vw, 1024px\" \/><\/figure>\n\n\n\n<figure class=\"wp-block-image size-large\"><img loading=\"lazy\" decoding=\"async\" width=\"1024\" height=\"750\" data-id=\"94609\" src=\"https:\/\/elmetropolitano.com.gt\/es\/wp-content\/uploads\/2024\/12\/471858637_1109842587808490_1830135076362636178_n-1024x750.jpg\" alt=\"\" class=\"wp-image-94609\" srcset=\"https:\/\/elmetropolitano.com.gt\/es\/wp-content\/uploads\/2024\/12\/471858637_1109842587808490_1830135076362636178_n-1024x750.jpg 1024w, https:\/\/elmetropolitano.com.gt\/es\/wp-content\/uploads\/2024\/12\/471858637_1109842587808490_1830135076362636178_n-300x220.jpg 300w, https:\/\/elmetropolitano.com.gt\/es\/wp-content\/uploads\/2024\/12\/471858637_1109842587808490_1830135076362636178_n-768x563.jpg 768w, https:\/\/elmetropolitano.com.gt\/es\/wp-content\/uploads\/2024\/12\/471858637_1109842587808490_1830135076362636178_n.jpg 1200w\" sizes=\"auto, (max-width: 1024px) 100vw, 1024px\" \/><\/figure>\n<\/figure>\n","protected":false},"excerpt":{"rendered":"<p>El presidente Bernardo Ar\u00e9valo emiti\u00f3 un mensaje este domingo, en el marco de la conmemoraci\u00f3n de los 28 a\u00f1os de la firma de los Acuerdos de Paz, donde destac\u00f3 el di\u00e1logo para lograra la paz en el pa\u00eds. Hace 28 a\u00f1os, el 29 de diciembre de 1996, el Gobierno de la Rep\u00fablica y la Unidad <a class=\"read-more\" href=\"https:\/\/elmetropolitano.com.gt\/es\/presidente-arevalo-hace-28-anos-guatemala-eligio-la-paz-firme-y-duradera\/\">Leer m\u00e1s<\/a><\/p>\n","protected":false},"author":1,"featured_media":94607,"comment_status":"open","ping_status":"closed","sticky":false,"template":"","format":"standard","meta":{"footnotes":""},"categories":[2],"tags":[12],"class_list":["post-94606","post","type-post","status-publish","format-standard","has-post-thumbnail","hentry","category-nacionales","tag-nacionales"],"_links":{"self":[{"href":"https:\/\/elmetropolitano.com.gt\/es\/wp-json\/wp\/v2\/posts\/94606","targetHints":{"allow":["GET"]}}],"collection":[{"href":"https:\/\/elmetropolitano.com.gt\/es\/wp-json\/wp\/v2\/posts"}],"about":[{"href":"https:\/\/elmetropolitano.com.gt\/es\/wp-json\/wp\/v2\/types\/post"}],"author":[{"embeddable":true,"href":"https:\/\/elmetropolitano.com.gt\/es\/wp-json\/wp\/v2\/users\/1"}],"replies":[{"embeddable":true,"href":"https:\/\/elmetropolitano.com.gt\/es\/wp-json\/wp\/v2\/comments?post=94606"}],"version-history":[{"count":1,"href":"https:\/\/elmetropolitano.com.gt\/es\/wp-json\/wp\/v2\/posts\/94606\/revisions"}],"predecessor-version":[{"id":94614,"href":"https:\/\/elmetropolitano.com.gt\/es\/wp-json\/wp\/v2\/posts\/94606\/revisions\/94614"}],"wp:featuredmedia":[{"embeddable":true,"href":"https:\/\/elmetropolitano.com.gt\/es\/wp-json\/wp\/v2\/media\/94607"}],"wp:attachment":[{"href":"https:\/\/elmetropolitano.com.gt\/es\/wp-json\/wp\/v2\/media?parent=94606"}],"wp:term":[{"taxonomy":"category","embeddable":true,"href":"https:\/\/elmetropolitano.com.gt\/es\/wp-json\/wp\/v2\/categories?post=94606"},{"taxonomy":"post_tag","embeddable":true,"href":"https:\/\/elmetropolitano.com.gt\/es\/wp-json\/wp\/v2\/tags?post=94606"}],"curies":[{"name":"wp","href":"https:\/\/api.w.org\/{rel}","templated":true}]}}