{"id":94621,"date":"2024-12-30T10:25:26","date_gmt":"2024-12-30T16:25:26","guid":{"rendered":"https:\/\/elmetropolitano.com.gt\/es\/?p=94621"},"modified":"2024-12-30T10:25:27","modified_gmt":"2024-12-30T16:25:27","slug":"villa-canales-gasta-mas-de-q2-millones-en-ferias-celebraciones-y-actividades","status":"publish","type":"post","link":"https:\/\/elmetropolitano.com.gt\/es\/villa-canales-gasta-mas-de-q2-millones-en-ferias-celebraciones-y-actividades\/","title":{"rendered":"Villa Canales gasta m\u00e1s de Q2 millones en ferias, celebraciones y actividades"},"content":{"rendered":"\n<p>La municipalidad de Villa Canales destin\u00f3 m\u00e1s de Q2 millones en 172 compras de baja <a><\/a>cuant\u00eda, para la organizaci\u00f3n de diversas actividades culturales, sociales y de celebraci\u00f3n durante 2024. As\u00ed consta en informaci\u00f3n publicada hasta noviembre en el portal de Transparencia Presupuestaria. Estos gastos incluyen eventos conmemorativos, festivales, refacciones y contrataci\u00f3n de servicios art\u00edsticos.<\/p>\n\n\n\n<p>Este es el primer per\u00edodo del alcalde Ramiro Rivera Hern\u00e1ndez, quien lleg\u00f3 a la administraci\u00f3n municipal con el partido Valor.<\/p><div class=\"elmet-contenido\" id=\"elmet-1698156750\"><div class=\"elmet-adlabel\">Anuncios<\/div><div style=\"margin-top: 20px;margin-right: 20px;margin-bottom: 20px;margin-left: 20px;\" id=\"elmet-1272255340\"><a href=\"https:\/\/www.facebook.com\/arrincuanantigua\/\" aria-label=\"cintillo-arrin-cual\"><img loading=\"lazy\" decoding=\"async\" src=\"https:\/\/elmetropolitano.com.gt\/es\/wp-content\/uploads\/2021\/11\/cintillo-arrin-cual-1.jpg\" alt=\"\"  srcset=\"https:\/\/elmetropolitano.com.gt\/es\/wp-content\/uploads\/2021\/11\/cintillo-arrin-cual-1.jpg 750w, https:\/\/elmetropolitano.com.gt\/es\/wp-content\/uploads\/2021\/11\/cintillo-arrin-cual-1-300x36.jpg 300w, https:\/\/elmetropolitano.com.gt\/es\/wp-content\/uploads\/2021\/11\/cintillo-arrin-cual-1-600x72.jpg 600w\" sizes=\"(max-width: 750px) 100vw, 750px\" width=\"750\" height=\"90\"   \/><\/a><\/div><\/div>\n\n\n\n<p>Actividades culturales y recreativas<\/p>\n\n\n\n<p>El gasto m\u00e1s significativo correspondi\u00f3 a las actividades culturales y recreativas, con un total de Q712 mil 797.6. Este monto abarc\u00f3 pirotecnia, sonido, trofeos, alquiler de mobiliario y servicios art\u00edsticos.<\/p>\n\n\n\n<p>La descripci\u00f3n de la compra no especifica a qu\u00e9 actividad en concreto pertenece, la mayor\u00eda solo se menciona que la adquisici\u00f3n del producto o servicio es para actividades realizadas por la comuna.<\/p>\n\n\n\n<p>Fiestas patronales en todo el municipio<\/p>\n\n\n\n<p>Las fiestas patronales realizadas tanto en las aldeas como en la cabecera municipal represent\u00f3 otro gasto importante, con una inversi\u00f3n de Q408 mil 528.<\/p>\n\n\n\n<p>Este monto incluy\u00f3 presentaciones art\u00edsticas, espect\u00e1culos de pirotecnia, alquiler de audio e iluminaci\u00f3n, y mobiliario. Entre las contrataciones m\u00e1s notorias se encuentran las presentaciones de la Sonora Concepci\u00f3n.<\/p>\n\n\n\n<p>A la madre con cari\u00f1o<\/p>\n\n\n\n<p>El D\u00eda de la Madre tambi\u00e9n destac\u00f3 por los gastos, sum\u00f3 Q365 mil 660. Estos fondos se destinaron a ofrecer refacciones como tamales, jugos y pizzas, as\u00ed como a la decoraci\u00f3n y el alquiler de sonido y pantallas.<\/p>\n\n\n\n<p>\u00a1No te quedes sin enterarte!<\/p>\n\n\n\n<p>Recibe en tu correo nuestro bolet\u00edn mensual con datos, an\u00e1lisis y fiscalizaci\u00f3n sobre las alcald\u00edas.<\/p>\n\n\n\n<p>La festividad incluy\u00f3 presentaciones de mariachis, cantantes y payasos, quienes se encargaron de animar los eventos.<\/p>\n\n\n\n<p>Las celebraciones tuvieron lugar en comunidades como Boca del Monte, El Porvenir, El Jocotillo, Los Pocitos, Los Dolores, Los Llanos y Santa Elena Barillas, entre otras.<\/p>\n\n\n\n<p>Por otro lado, las empleadas municipales degustaron de un desayuno especial acompa\u00f1ado de actividades dise\u00f1adas para celebrar su d\u00eda.<\/p>\n\n\n\n<p>Celebraciones de Independencia<\/p>\n\n\n\n<p>Villa Canales conmemor\u00f3 los 203 a\u00f1os de Independencia con Q110 mil 700. La celebraci\u00f3n incluy\u00f3 desfiles, presentaciones art\u00edsticas, antorchas conmemorativas y espect\u00e1culos de fuegos pirot\u00e9cnicos.<\/p>\n\n\n\n<p>A lo largo del a\u00f1o, la municipalidad tambi\u00e9n organiz\u00f3 otros eventos que representaron un gasto significativo:<\/p>\n\n\n\n<p>Desfiles h\u00edpicos: Q90 mil 770.<\/p>\n\n\n\n<p>Expo Viaca: Q83 mil 620.<\/p>\n\n\n\n<p>D\u00eda Internacional de la Mujer: Q66 mil 015.<\/p>\n\n\n\n<p>D\u00eda del Maestro: Q56 mil 650.<\/p>\n\n\n\n<p>Toma de posesi\u00f3n: Q51 mil 890.<\/p>\n\n\n\n<p>S\u00faper Clase Ne\u00f3n: Q29 mil 275.<\/p>\n\n\n\n<p>D\u00eda de la Ni\u00f1ez: Q24 mil 860.<\/p>\n\n\n\n<p>Servicios para bodas: Q24 mil 580.<\/p>\n\n\n\n<p>Celebraci\u00f3n navide\u00f1a: Q23 mil 800.<\/p>\n\n\n\n<p>Ni\u00f1o alcalde: Q7 mil 500.<\/p>\n\n\n\n<p>S\u00faper Clase de Zumba: Q5 mil 500.<\/p>\n\n\n\n<p>Una vecina de Villa Canales, quien prefiri\u00f3 no compartir su nombre, expres\u00f3 su inconformidad con los gastos. \u201cPara una fiesta, el alcalde tira la casa por la ventana, pero no puede atender las necesidades de cada comunidad\u201d, dijo. Entre esas necesidades cit\u00f3 la precariedad en la distribuci\u00f3n del agua, la limpieza de cunetas y el mal estado del alumbrado p\u00fablico.<\/p>\n\n\n\n<p>Se\u00f1al\u00f3 que el alcalde ha atribuido la falta de agua a problemas con la calidad de energ\u00eda el\u00e9ctrica en los pozos y cuestion\u00f3 la priorizaci\u00f3n de los recursos municipales. \u201cAntes las solicitudes de mantenimiento eran atendidas, pero ahora no se recibe respuesta\u201d, comparti\u00f3.<\/p>\n\n\n\n<p>Ojoconmipisto intent\u00f3 contactar a la oficina de Comunicaci\u00f3n Social de la municipalidad para consultar sobre la priorizaci\u00f3n de estos gastos. La persona que atendi\u00f3 la llamada, quien no quiso identificarse, dijo que la informaci\u00f3n \u201ces muy extensa\u201d y que las consultas solo pueden realizarse de manera presencial.<\/p>\n\n\n\n<p>Texto: Germ\u00e1n Carranza OjoConMiPisto<\/p>\n\n\n\n<p>fotos: Municipalidad Villa Canales<\/p>\n\n\n\n<p><a href=\"https:\/\/l.facebook.com\/l.php?u=https%3A%2F%2FWww.ojoconmipisto.com%2F%3Ffbclid%3DIwZXh0bgNhZW0CMTAAAR0cwENLMrcxJchnpLwc95DPVNqckiG8slyvX1GFjlchk91QvZ9lUsf0Emg_aem_t_KDqbQnKSDER7VXRIaaJQ&amp;h=AT3BXnt7lqgEeIihHQEjPaCOhHf3Q1a92ub48D5VjLe3amnAIZsUVOwZt4zsEo-qOZ43TtgisTtp053v9XbQyvoMwO8PFftsUyxW1GsGIK7JmMH7-3dxyCFHqbdUnPpVou8J&amp;__tn__=-UK-y-R&amp;c[0]=AT3DkdXsLApgT_67cDLp6CR7ukb5dXNNm-upgiyvX-FusTNQ5xOhP0YHPFkPFGcO3ansyuTb53_IetdmqF0DyflAswtW42S0_n9hZNoSQTZOkinZ2jFU0fUgevwF3IHDo9GisxDAzliZFT85-O-3KuxLYioYCtvH1sdEIBpmI8aWry--I0WFxPnANi-30suNZ-aIr-E65-r7_N--p0SG-k1smjLHTg4_7ipg9I3pXr2hAvVgt1E\" target=\"_blank\" rel=\"noreferrer noopener\">Www.ojoconmipisto.com<\/a> <a href=\"https:\/\/www.facebook.com\/hashtag\/laprensadevillacanales?__eep__=6&amp;__cft__[0]=AZUZd2P6fDzW7-W47oEkCu327Cya4xPmM6GSIJs1VXLpIFaDlpRByofxl-4okB6jX6UE-odeePPizVUMyU6tFTpUmSbw4qdRbNIeyitspQujRC1j2rb7pby-pkc5dAeWDRKfjLr4Oj4UAAId__BoDIlVTAXeagvzbFjgrlvcRs8mZrQAJEoDkaiCr_nMWh3MnPoFJB8F0BIXXZCedy9xCAuWzPSenhE95gZv0g-o6SrUCw&amp;__tn__=*NK-y-R\">#LaprensaDeVillaCanales<\/a><a href=\"https:\/\/www.facebook.com\/hashtag\/metroredes?__eep__=6&amp;__cft__[0]=AZUZd2P6fDzW7-W47oEkCu327Cya4xPmM6GSIJs1VXLpIFaDlpRByofxl-4okB6jX6UE-odeePPizVUMyU6tFTpUmSbw4qdRbNIeyitspQujRC1j2rb7pby-pkc5dAeWDRKfjLr4Oj4UAAId__BoDIlVTAXeagvzbFjgrlvcRs8mZrQAJEoDkaiCr_nMWh3MnPoFJB8F0BIXXZCedy9xCAuWzPSenhE95gZv0g-o6SrUCw&amp;__tn__=*NK-y-R\">#metroredes<\/a><a href=\"https:\/\/www.facebook.com\/hashtag\/munivillacanales?__eep__=6&amp;__cft__[0]=AZUZd2P6fDzW7-W47oEkCu327Cya4xPmM6GSIJs1VXLpIFaDlpRByofxl-4okB6jX6UE-odeePPizVUMyU6tFTpUmSbw4qdRbNIeyitspQujRC1j2rb7pby-pkc5dAeWDRKfjLr4Oj4UAAId__BoDIlVTAXeagvzbFjgrlvcRs8mZrQAJEoDkaiCr_nMWh3MnPoFJB8F0BIXXZCedy9xCAuWzPSenhE95gZv0g-o6SrUCw&amp;__tn__=*NK-y-R\">#MuniVillaCanales<\/a><\/p>\n\n\n\n<figure class=\"wp-block-gallery has-nested-images columns-default is-cropped wp-block-gallery-1 is-layout-flex wp-block-gallery-is-layout-flex\">\n<figure class=\"wp-block-image size-large\"><img loading=\"lazy\" decoding=\"async\" width=\"960\" height=\"720\" data-id=\"94623\" src=\"https:\/\/elmetropolitano.com.gt\/es\/wp-content\/uploads\/2024\/12\/471344955_1116818047111084_5583803377464075799_n.jpg\" alt=\"\" class=\"wp-image-94623\" srcset=\"https:\/\/elmetropolitano.com.gt\/es\/wp-content\/uploads\/2024\/12\/471344955_1116818047111084_5583803377464075799_n.jpg 960w, https:\/\/elmetropolitano.com.gt\/es\/wp-content\/uploads\/2024\/12\/471344955_1116818047111084_5583803377464075799_n-300x225.jpg 300w, https:\/\/elmetropolitano.com.gt\/es\/wp-content\/uploads\/2024\/12\/471344955_1116818047111084_5583803377464075799_n-768x576.jpg 768w\" sizes=\"auto, (max-width: 960px) 100vw, 960px\" \/><\/figure>\n\n\n\n<figure class=\"wp-block-image size-large\"><img loading=\"lazy\" decoding=\"async\" width=\"1024\" height=\"683\" data-id=\"94624\" src=\"https:\/\/elmetropolitano.com.gt\/es\/wp-content\/uploads\/2024\/12\/471858361_1116818157111073_7363001867137290994_n-1024x683.jpg\" alt=\"\" class=\"wp-image-94624\" srcset=\"https:\/\/elmetropolitano.com.gt\/es\/wp-content\/uploads\/2024\/12\/471858361_1116818157111073_7363001867137290994_n-1024x683.jpg 1024w, https:\/\/elmetropolitano.com.gt\/es\/wp-content\/uploads\/2024\/12\/471858361_1116818157111073_7363001867137290994_n-300x200.jpg 300w, https:\/\/elmetropolitano.com.gt\/es\/wp-content\/uploads\/2024\/12\/471858361_1116818157111073_7363001867137290994_n-768x512.jpg 768w, https:\/\/elmetropolitano.com.gt\/es\/wp-content\/uploads\/2024\/12\/471858361_1116818157111073_7363001867137290994_n.jpg 1200w\" sizes=\"auto, (max-width: 1024px) 100vw, 1024px\" \/><\/figure>\n<\/figure>\n","protected":false},"excerpt":{"rendered":"<p>La municipalidad de Villa Canales destin\u00f3 m\u00e1s de Q2 millones en 172 compras de baja cuant\u00eda, para la organizaci\u00f3n de diversas actividades culturales, sociales y de celebraci\u00f3n durante 2024. As\u00ed consta en informaci\u00f3n publicada hasta noviembre en el portal de Transparencia Presupuestaria. Estos gastos incluyen eventos conmemorativos, festivales, refacciones y contrataci\u00f3n de servicios art\u00edsticos. Este <a class=\"read-more\" href=\"https:\/\/elmetropolitano.com.gt\/es\/villa-canales-gasta-mas-de-q2-millones-en-ferias-celebraciones-y-actividades\/\">Leer m\u00e1s<\/a><\/p>\n","protected":false},"author":1,"featured_media":94622,"comment_status":"open","ping_status":"closed","sticky":false,"template":"","format":"standard","meta":{"footnotes":""},"categories":[3],"tags":[10],"class_list":["post-94621","post","type-post","status-publish","format-standard","has-post-thumbnail","hentry","category-locales","tag-locales"],"_links":{"self":[{"href":"https:\/\/elmetropolitano.com.gt\/es\/wp-json\/wp\/v2\/posts\/94621","targetHints":{"allow":["GET"]}}],"collection":[{"href":"https:\/\/elmetropolitano.com.gt\/es\/wp-json\/wp\/v2\/posts"}],"about":[{"href":"https:\/\/elmetropolitano.com.gt\/es\/wp-json\/wp\/v2\/types\/post"}],"author":[{"embeddable":true,"href":"https:\/\/elmetropolitano.com.gt\/es\/wp-json\/wp\/v2\/users\/1"}],"replies":[{"embeddable":true,"href":"https:\/\/elmetropolitano.com.gt\/es\/wp-json\/wp\/v2\/comments?post=94621"}],"version-history":[{"count":1,"href":"https:\/\/elmetropolitano.com.gt\/es\/wp-json\/wp\/v2\/posts\/94621\/revisions"}],"predecessor-version":[{"id":94625,"href":"https:\/\/elmetropolitano.com.gt\/es\/wp-json\/wp\/v2\/posts\/94621\/revisions\/94625"}],"wp:featuredmedia":[{"embeddable":true,"href":"https:\/\/elmetropolitano.com.gt\/es\/wp-json\/wp\/v2\/media\/94622"}],"wp:attachment":[{"href":"https:\/\/elmetropolitano.com.gt\/es\/wp-json\/wp\/v2\/media?parent=94621"}],"wp:term":[{"taxonomy":"category","embeddable":true,"href":"https:\/\/elmetropolitano.com.gt\/es\/wp-json\/wp\/v2\/categories?post=94621"},{"taxonomy":"post_tag","embeddable":true,"href":"https:\/\/elmetropolitano.com.gt\/es\/wp-json\/wp\/v2\/tags?post=94621"}],"curies":[{"name":"wp","href":"https:\/\/api.w.org\/{rel}","templated":true}]}}