{"id":94677,"date":"2025-01-01T18:19:17","date_gmt":"2025-01-02T00:19:17","guid":{"rendered":"https:\/\/elmetropolitano.com.gt\/es\/?p=94677"},"modified":"2025-01-01T18:19:17","modified_gmt":"2025-01-02T00:19:17","slug":"decenas-de-heridos-tras-desplome-de-graderio-en-totonicapan","status":"publish","type":"post","link":"https:\/\/elmetropolitano.com.gt\/es\/decenas-de-heridos-tras-desplome-de-graderio-en-totonicapan\/","title":{"rendered":"Decenas de heridos tras desplome de graderio en Totonicap\u00e1n"},"content":{"rendered":"\n<figure class=\"wp-block-embed is-type-rich is-provider-twitter wp-block-embed-twitter\"><div class=\"wp-block-embed__wrapper\">\n<blockquote class=\"twitter-tweet\" data-width=\"550\" data-dnt=\"true\"><p lang=\"es\" dir=\"ltr\">Decenas de heridos tras desplome<br>de grader\u00edo en Totonicap\u00e1n<br><br>Decenas de heridos fueron trasladados por los bomberos a centros asistenciales luego que se desplomara un grader\u00edo en el sal\u00f3n de usos m\u00faltiples en Totonicap\u00e1n, mientras observaban el convite de a\u00f1o nuevo, hasta el\u2026 <a href=\"https:\/\/t.co\/527tGWc9pU\">pic.twitter.com\/527tGWc9pU<\/a><\/p>&mdash; @elmetropolitanogt (@elmetrogt) <a href=\"https:\/\/twitter.com\/elmetrogt\/status\/1874610382217924676?ref_src=twsrc%5Etfw\">January 2, 2025<\/a><\/blockquote><script async src=\"https:\/\/platform.twitter.com\/widgets.js\" charset=\"utf-8\"><\/script>\n<\/div><\/figure>\n","protected":false},"excerpt":{"rendered":"","protected":false},"author":1,"featured_media":0,"comment_status":"open","ping_status":"closed","sticky":false,"template":"","format":"standard","meta":{"footnotes":""},"categories":[4],"tags":[13],"class_list":["post-94677","post","type-post","status-publish","format-standard","hentry","category-departamentales","tag-departamentales"],"_links":{"self":[{"href":"https:\/\/elmetropolitano.com.gt\/es\/wp-json\/wp\/v2\/posts\/94677","targetHints":{"allow":["GET"]}}],"collection":[{"href":"https:\/\/elmetropolitano.com.gt\/es\/wp-json\/wp\/v2\/posts"}],"about":[{"href":"https:\/\/elmetropolitano.com.gt\/es\/wp-json\/wp\/v2\/types\/post"}],"author":[{"embeddable":true,"href":"https:\/\/elmetropolitano.com.gt\/es\/wp-json\/wp\/v2\/users\/1"}],"replies":[{"embeddable":true,"href":"https:\/\/elmetropolitano.com.gt\/es\/wp-json\/wp\/v2\/comments?post=94677"}],"version-history":[{"count":1,"href":"https:\/\/elmetropolitano.com.gt\/es\/wp-json\/wp\/v2\/posts\/94677\/revisions"}],"predecessor-version":[{"id":94678,"href":"https:\/\/elmetropolitano.com.gt\/es\/wp-json\/wp\/v2\/posts\/94677\/revisions\/94678"}],"wp:attachment":[{"href":"https:\/\/elmetropolitano.com.gt\/es\/wp-json\/wp\/v2\/media?parent=94677"}],"wp:term":[{"taxonomy":"category","embeddable":true,"href":"https:\/\/elmetropolitano.com.gt\/es\/wp-json\/wp\/v2\/categories?post=94677"},{"taxonomy":"post_tag","embeddable":true,"href":"https:\/\/elmetropolitano.com.gt\/es\/wp-json\/wp\/v2\/tags?post=94677"}],"curies":[{"name":"wp","href":"https:\/\/api.w.org\/{rel}","templated":true}]}}