{"id":94679,"date":"2025-01-01T18:44:29","date_gmt":"2025-01-02T00:44:29","guid":{"rendered":"https:\/\/elmetropolitano.com.gt\/es\/?p=94679"},"modified":"2025-01-01T18:44:29","modified_gmt":"2025-01-02T00:44:29","slug":"biden-el-atacante-de-nueva-orleans-se-inspiro-en-el-estado-islamico","status":"publish","type":"post","link":"https:\/\/elmetropolitano.com.gt\/es\/biden-el-atacante-de-nueva-orleans-se-inspiro-en-el-estado-islamico\/","title":{"rendered":"Biden: El atacante de Nueva Orleans se inspir\u00f3 en el Estado Isl\u00e1mico"},"content":{"rendered":"\n<p>El presidente de EE.UU., Joe Biden, ha afirmado que el presunto autor del atropello masivo que ocurri\u00f3 en las primeras horas del A\u00f1o Nuevo en la ciudad estadounidense de Nueva Orleans se inspir\u00f3 en el Estado Isl\u00e1mico.<\/p>\n\n\n\n<p>\u00abHoras antes del ataque, public\u00f3 videos en redes sociales indicando que se inspira en el Estado Isl\u00e1mico, expresando su deseo de matar\u00bb, afirm\u00f3 el presidente estadounidense. \u00abA toda la gente de Nueva Orleans que est\u00e1 de luto, me solidarizo con ustedes\u00bb, se\u00f1al\u00f3.<\/p><div class=\"elmet-contenido\" id=\"elmet-4286610060\"><div class=\"elmet-adlabel\">Anuncios<\/div><div style=\"margin-top: 20px;margin-right: 20px;margin-bottom: 20px;margin-left: 20px;\" id=\"elmet-4049583895\"><a href=\"https:\/\/www.facebook.com\/arrincuanantigua\/\" aria-label=\"cintillo-arrin-cual\"><img loading=\"lazy\" decoding=\"async\" src=\"https:\/\/elmetropolitano.com.gt\/es\/wp-content\/uploads\/2021\/11\/cintillo-arrin-cual-1.jpg\" alt=\"\"  srcset=\"https:\/\/elmetropolitano.com.gt\/es\/wp-content\/uploads\/2021\/11\/cintillo-arrin-cual-1.jpg 750w, https:\/\/elmetropolitano.com.gt\/es\/wp-content\/uploads\/2021\/11\/cintillo-arrin-cual-1-300x36.jpg 300w, https:\/\/elmetropolitano.com.gt\/es\/wp-content\/uploads\/2021\/11\/cintillo-arrin-cual-1-600x72.jpg 600w\" sizes=\"(max-width: 750px) 100vw, 750px\" width=\"750\" height=\"90\"   \/><\/a><\/div><\/div>\n\n\n\n<p>Seg\u00fan el mandatario, el autor del atentado terrorista sirvi\u00f3 en las Fuerzas Armadas estadounidenses durante muchos a\u00f1os.<\/p>\n\n\n\n<p>Entre otras cosas, Biden comunic\u00f3 que las agencias de inteligencia estadounidenses est\u00e1n investigando si existe relaci\u00f3n entre el atentado terrorista de Nueva Orleans y la explosi\u00f3n del veh\u00edculo el\u00e9ctrico Cybertruck en Las Vegas.<\/p>\n\n\n\n<p>\u00abEstamos siguiendo la explosi\u00f3n del Cybertrack fuera del Hotel Trump en Las Vegas. Las fuerzas del orden y la comunidad de inteligencia est\u00e1n investigando esto tambi\u00e9n, incluyendo si hay alguna posible conexi\u00f3n con el ataque en Nueva Orleans\u00bb, subray\u00f3.<\/p>\n\n\n\n<p>Previamente, el director general de la compa\u00f1\u00eda automotriz Tesla, Elon Musk, indic\u00f3 en referencia a la explosi\u00f3n en Las Vegas que \u00abparece probable que se trate de un acto de terrorismo\u00bb y argument\u00f3 que tanto el Cybertruck como el Ford F-150 con explosivos implicado en el atropello masivo de Nueva Orleans hab\u00edan sido alquilados a la empresa Turo. \u00abTal vez est\u00e9n relacionados de alguna manera\u00bb, sugiri\u00f3.<\/p>\n\n\n\n<p>Mientras tanto, FOX5 inform\u00f3 que la Polic\u00eda est\u00e1 investigando una posible conexi\u00f3n entre los dos eventos.<\/p>\n\n\n\n<p>El sospechoso fue identificado como Shamsud Din Jabbar. Seg\u00fan informaci\u00f3n preliminar, el hombre, que fue abatido por agentes policiales, ten\u00eda 42 a\u00f1os y llevaba consigo una bandera del Estado Isl\u00e1mico en la camioneta. Jabbar, que tiene la ciudadan\u00eda estadounidense, creci\u00f3 en Texas. El FBI confirm\u00f3 que el atacante no actu\u00f3 solo y asegur\u00f3 que est\u00e1 rastreando a posibles c\u00f3mplices.<\/p>\n\n\n\n<p>Texto y fotos Rt Noticias<\/p>\n","protected":false},"excerpt":{"rendered":"<p>El presidente de EE.UU., Joe Biden, ha afirmado que el presunto autor del atropello masivo que ocurri\u00f3 en las primeras horas del A\u00f1o Nuevo en la ciudad estadounidense de Nueva Orleans se inspir\u00f3 en el Estado Isl\u00e1mico. \u00abHoras antes del ataque, public\u00f3 videos en redes sociales indicando que se inspira en el Estado Isl\u00e1mico, expresando <a class=\"read-more\" href=\"https:\/\/elmetropolitano.com.gt\/es\/biden-el-atacante-de-nueva-orleans-se-inspiro-en-el-estado-islamico\/\">Leer m\u00e1s<\/a><\/p>\n","protected":false},"author":1,"featured_media":94680,"comment_status":"open","ping_status":"closed","sticky":false,"template":"","format":"standard","meta":{"footnotes":""},"categories":[14],"tags":[15],"class_list":["post-94679","post","type-post","status-publish","format-standard","has-post-thumbnail","hentry","category-internacionales","tag-internacionales"],"_links":{"self":[{"href":"https:\/\/elmetropolitano.com.gt\/es\/wp-json\/wp\/v2\/posts\/94679","targetHints":{"allow":["GET"]}}],"collection":[{"href":"https:\/\/elmetropolitano.com.gt\/es\/wp-json\/wp\/v2\/posts"}],"about":[{"href":"https:\/\/elmetropolitano.com.gt\/es\/wp-json\/wp\/v2\/types\/post"}],"author":[{"embeddable":true,"href":"https:\/\/elmetropolitano.com.gt\/es\/wp-json\/wp\/v2\/users\/1"}],"replies":[{"embeddable":true,"href":"https:\/\/elmetropolitano.com.gt\/es\/wp-json\/wp\/v2\/comments?post=94679"}],"version-history":[{"count":1,"href":"https:\/\/elmetropolitano.com.gt\/es\/wp-json\/wp\/v2\/posts\/94679\/revisions"}],"predecessor-version":[{"id":94681,"href":"https:\/\/elmetropolitano.com.gt\/es\/wp-json\/wp\/v2\/posts\/94679\/revisions\/94681"}],"wp:featuredmedia":[{"embeddable":true,"href":"https:\/\/elmetropolitano.com.gt\/es\/wp-json\/wp\/v2\/media\/94680"}],"wp:attachment":[{"href":"https:\/\/elmetropolitano.com.gt\/es\/wp-json\/wp\/v2\/media?parent=94679"}],"wp:term":[{"taxonomy":"category","embeddable":true,"href":"https:\/\/elmetropolitano.com.gt\/es\/wp-json\/wp\/v2\/categories?post=94679"},{"taxonomy":"post_tag","embeddable":true,"href":"https:\/\/elmetropolitano.com.gt\/es\/wp-json\/wp\/v2\/tags?post=94679"}],"curies":[{"name":"wp","href":"https:\/\/api.w.org\/{rel}","templated":true}]}}