{"id":94688,"date":"2025-01-01T19:08:06","date_gmt":"2025-01-02T01:08:06","guid":{"rendered":"https:\/\/elmetropolitano.com.gt\/es\/?p=94688"},"modified":"2025-01-01T19:08:07","modified_gmt":"2025-01-02T01:08:07","slug":"america-latina-y-el-caribe-en-2024-crisis-cambios-desastres-y-clasicos-reinventados","status":"publish","type":"post","link":"https:\/\/elmetropolitano.com.gt\/es\/america-latina-y-el-caribe-en-2024-crisis-cambios-desastres-y-clasicos-reinventados\/","title":{"rendered":"Am\u00e9rica Latina y el Caribe en 2024: Crisis, cambios, desastres y cl\u00e1sicos reinventados"},"content":{"rendered":"\n<p>Am\u00e9rica Latina y el Caribe vivieron 12 meses de hitos pol\u00edticos, crisis, fen\u00f3menos naturales y culturales que hicieron de 2024 un a\u00f1o clave en la historia de la regi\u00f3n. En la Voz de Am\u00e9rica repasamos algunos de los momentos m\u00e1s importantes.<\/p>\n\n\n\n<p>El 2024 fue un a\u00f1o de grandes acontecimientos para Am\u00e9rica Latina y el Caribe. La regi\u00f3n vivi\u00f3 12 meses de hitos pol\u00edticos, bajones econ\u00f3micos, crisis, pol\u00e9micas a golpe de publicaciones en redes sociales, cada vez m\u00e1s intensos fen\u00f3menos naturales y cl\u00e1sicos literarios renacidos en miles de pantallas alrededor del mundo.<\/p><div class=\"elmet-contenido\" id=\"elmet-2640122965\"><div class=\"elmet-adlabel\">Anuncios<\/div><div style=\"margin-top: 20px;margin-right: 20px;margin-bottom: 20px;margin-left: 20px;\" id=\"elmet-959638345\"><a href=\"https:\/\/www.facebook.com\/arrincuanantigua\/\" aria-label=\"cintillo-arrin-cual\"><img loading=\"lazy\" decoding=\"async\" src=\"https:\/\/elmetropolitano.com.gt\/es\/wp-content\/uploads\/2021\/11\/cintillo-arrin-cual-1.jpg\" alt=\"\"  srcset=\"https:\/\/elmetropolitano.com.gt\/es\/wp-content\/uploads\/2021\/11\/cintillo-arrin-cual-1.jpg 750w, https:\/\/elmetropolitano.com.gt\/es\/wp-content\/uploads\/2021\/11\/cintillo-arrin-cual-1-300x36.jpg 300w, https:\/\/elmetropolitano.com.gt\/es\/wp-content\/uploads\/2021\/11\/cintillo-arrin-cual-1-600x72.jpg 600w\" sizes=\"(max-width: 750px) 100vw, 750px\" width=\"750\" height=\"90\"   \/><\/a><\/div><\/div>\n\n\n\n<p>La Voz de Am\u00e9rica ha hecho un recuento de varios de los momentos que marcaron este a\u00f1o que termina.<\/p>\n\n\n\n<p>Elecciones que afianzaron o sacudieron gobiernos<\/p>\n\n\n\n<p>En general, el 2024 fue un a\u00f1o de gran actividad electoral a nivel global, en el que casi la mitad de la poblaci\u00f3n mundial fue a las urnas. En Am\u00e9rica Latina fueron seis los pa\u00edses que celebraron comicios presidenciales, varios de ellos en medio de la pol\u00e9mica.<\/p>\n\n\n\n<p>Entre los procesos m\u00e1s seguidos estuvieron los de El Salvador, M\u00e9xico y Venezuela. Nayib Bukele result\u00f3 reelegido con una abrumadora prueba de respaldo por parte de la ciudadan\u00eda a su controvertido plan de seguridad, aunque la oposici\u00f3n calific\u00f3 su segundo mandato de inconstitucional, pues la Carta Magna del pa\u00eds centroamericano proh\u00edbe la reelecci\u00f3n presidencial continua.<\/p>\n\n\n\n<p>En la naci\u00f3n mexicana, Claudia Sheinbaum hizo historia al convertirse en la primera mujer en llegar a la Presidencia del pa\u00eds, y asegur\u00f3 la continuidad del partido gobernante en el poder.<\/p>\n\n\n\n<p>Mientras, en Venezuela, los controversiales comicios presidenciales precipitaron a la naci\u00f3n hacia otra crisis despu\u00e9s de que el ente electoral oficial declar\u00f3 ganador a Nicol\u00e1s Maduro y la oposici\u00f3n denunci\u00f3 fraude a partir de actas que, aseguran, demuestran la victoria de su candidato, el exdiplom\u00e1tico Edmundo Gonz\u00e1lez.<\/p>\n\n\n\n<p>En Panam\u00e1, Rep\u00fablica Dominicana y Uruguay fueron elegidos Jos\u00e9 Ra\u00fal Mulino, Luis Abinader y Yamand\u00fa Orsi como jefes de Estado, respectivamente.<\/p>\n\n\n\n<p>Desacuerdos entre nuevos y viejos conocidos<\/p>\n\n\n\n<p>La disputada elecci\u00f3n presidencial en Venezuela sacudi\u00f3 viejas alianzas y sum\u00f3 nuevos detractores al gobierno de Nicol\u00e1s Maduro, que de asumir el poder el pr\u00f3ximo 10 de enero, iniciar\u00eda su tercer mandato consecutivo de seis a\u00f1os. Argentina, El Salvador, Ecuador, Per\u00fa, Uruguay, Panam\u00e1, Costa Rica y los parlamentos de Chile y Rep\u00fablica Dominicana no reconocen la victoria de Maduro.<\/p>\n\n\n\n<p>Texto y fotos La Voz de Am\u00e9rica<\/p>\n","protected":false},"excerpt":{"rendered":"<p>Am\u00e9rica Latina y el Caribe vivieron 12 meses de hitos pol\u00edticos, crisis, fen\u00f3menos naturales y culturales que hicieron de 2024 un a\u00f1o clave en la historia de la regi\u00f3n. En la Voz de Am\u00e9rica repasamos algunos de los momentos m\u00e1s importantes. El 2024 fue un a\u00f1o de grandes acontecimientos para Am\u00e9rica Latina y el Caribe. <a class=\"read-more\" href=\"https:\/\/elmetropolitano.com.gt\/es\/america-latina-y-el-caribe-en-2024-crisis-cambios-desastres-y-clasicos-reinventados\/\">Leer m\u00e1s<\/a><\/p>\n","protected":false},"author":1,"featured_media":94689,"comment_status":"open","ping_status":"closed","sticky":false,"template":"","format":"standard","meta":{"footnotes":""},"categories":[14],"tags":[15],"class_list":["post-94688","post","type-post","status-publish","format-standard","has-post-thumbnail","hentry","category-internacionales","tag-internacionales"],"_links":{"self":[{"href":"https:\/\/elmetropolitano.com.gt\/es\/wp-json\/wp\/v2\/posts\/94688","targetHints":{"allow":["GET"]}}],"collection":[{"href":"https:\/\/elmetropolitano.com.gt\/es\/wp-json\/wp\/v2\/posts"}],"about":[{"href":"https:\/\/elmetropolitano.com.gt\/es\/wp-json\/wp\/v2\/types\/post"}],"author":[{"embeddable":true,"href":"https:\/\/elmetropolitano.com.gt\/es\/wp-json\/wp\/v2\/users\/1"}],"replies":[{"embeddable":true,"href":"https:\/\/elmetropolitano.com.gt\/es\/wp-json\/wp\/v2\/comments?post=94688"}],"version-history":[{"count":1,"href":"https:\/\/elmetropolitano.com.gt\/es\/wp-json\/wp\/v2\/posts\/94688\/revisions"}],"predecessor-version":[{"id":94690,"href":"https:\/\/elmetropolitano.com.gt\/es\/wp-json\/wp\/v2\/posts\/94688\/revisions\/94690"}],"wp:featuredmedia":[{"embeddable":true,"href":"https:\/\/elmetropolitano.com.gt\/es\/wp-json\/wp\/v2\/media\/94689"}],"wp:attachment":[{"href":"https:\/\/elmetropolitano.com.gt\/es\/wp-json\/wp\/v2\/media?parent=94688"}],"wp:term":[{"taxonomy":"category","embeddable":true,"href":"https:\/\/elmetropolitano.com.gt\/es\/wp-json\/wp\/v2\/categories?post=94688"},{"taxonomy":"post_tag","embeddable":true,"href":"https:\/\/elmetropolitano.com.gt\/es\/wp-json\/wp\/v2\/tags?post=94688"}],"curies":[{"name":"wp","href":"https:\/\/api.w.org\/{rel}","templated":true}]}}