{"id":94708,"date":"2025-01-02T18:37:13","date_gmt":"2025-01-03T00:37:13","guid":{"rendered":"https:\/\/elmetropolitano.com.gt\/es\/?p=94708"},"modified":"2025-01-02T18:37:13","modified_gmt":"2025-01-03T00:37:13","slug":"mexico-y-honduras-promueven-reunion-de-cancilleres-de-america-larina-antes-de-asuncion-de-trump","status":"publish","type":"post","link":"https:\/\/elmetropolitano.com.gt\/es\/mexico-y-honduras-promueven-reunion-de-cancilleres-de-america-larina-antes-de-asuncion-de-trump\/","title":{"rendered":"M\u00e9xico y Honduras promueven reuni\u00f3n de cancilleres de Am\u00e9rica Larina antes de asunci\u00f3n de Trump"},"content":{"rendered":"\n<p>La presidenta de M\u00e9xico, Claudia Sheinbaum, anunci\u00f3 este jueves que dialog\u00f3 con su colega de Honduras, Xiomara Castro, sobre la posibilidad de llevar a cabo una cumbre de cancilleres latinoamericanos para analizar la crisis migratoria en el marco de la asunci\u00f3n presidencial de Donald Trump, quien ha amenazado con una deportaci\u00f3n masiva de personas en situaci\u00f3n irregular.<\/p>\n\n\n\n<p>\u00abPlanteamos la idea de que en enero se pudieran reunir los cancilleres de diversos pa\u00edses para hablar del tema de migraci\u00f3n y de c\u00f3mo cooperamos entre los pa\u00edses de Am\u00e9rica Latina y el Caribe para atender la migraci\u00f3n desde la perspectiva de las causas\u00bb, revel\u00f3 la mandataria en conferencia de prensa.<\/p><div class=\"elmet-contenido\" id=\"elmet-2546502125\"><div class=\"elmet-adlabel\">Anuncios<\/div><div style=\"margin-top: 20px;margin-right: 20px;margin-bottom: 20px;margin-left: 20px;\" id=\"elmet-2482087904\"><a href=\"https:\/\/www.facebook.com\/arrincuanantigua\/\" aria-label=\"cintillo-arrin-cual\"><img loading=\"lazy\" decoding=\"async\" src=\"https:\/\/elmetropolitano.com.gt\/es\/wp-content\/uploads\/2021\/11\/cintillo-arrin-cual-1.jpg\" alt=\"\"  srcset=\"https:\/\/elmetropolitano.com.gt\/es\/wp-content\/uploads\/2021\/11\/cintillo-arrin-cual-1.jpg 750w, https:\/\/elmetropolitano.com.gt\/es\/wp-content\/uploads\/2021\/11\/cintillo-arrin-cual-1-300x36.jpg 300w, https:\/\/elmetropolitano.com.gt\/es\/wp-content\/uploads\/2021\/11\/cintillo-arrin-cual-1-600x72.jpg 600w\" sizes=\"(max-width: 750px) 100vw, 750px\" width=\"750\" height=\"90\"   \/><\/a><\/div><\/div>\n\n\n\n<p>Tambi\u00e9n precis\u00f3 que, durante la charla que mantuvo el lunes con Castro, coincidieron en la importancia de darle continuidad a la cumbre que se llev\u00f3 a cabo a fines de 2023 en Palenque, Chiapas, y en la que participaron delegaciones de M\u00e9xico, Belice, Colombia, Costa Rica, Cuba, Ecuador, El Salvador, Hait\u00ed, Honduras, Panam\u00e1 y Venezuela.<\/p>\n\n\n\n<p>Sheinbaum lament\u00f3, por otra parte, que la oposici\u00f3n cuestione el respaldo que su Gobierno y el de su antecesor, Andr\u00e9s Manuel L\u00f3pez Obrador, han brindado a los pa\u00edses centroamericanos con el fin de combatir las causas que provocan la migraci\u00f3n.<\/p>\n\n\n\n<p>\u00abSiempre va a ser nuestra visi\u00f3n de que, en la medida de lo posible, tambi\u00e9n apoyamos a quien lo requiera, que esa es la pol\u00edtica exterior de M\u00e9xico y la vamos a defender. Adem\u00e1s es parte del humanismo que defendemos\u00bb, advirti\u00f3.<\/p>\n\n\n\n<p>Sheinbaum ya anunci\u00f3 que su Gobierno se ha preparado para auxiliar a los migrantes mexicanos en caso de que esto efectivamente ocurra, en tanto que Castro ha advertido que, en represalia, cerrar\u00eda la base militar que EE.UU. tiene en Honduras.<\/p>\n\n\n\n<p>Texto y fotos Rt Noticias<\/p>\n","protected":false},"excerpt":{"rendered":"<p>La presidenta de M\u00e9xico, Claudia Sheinbaum, anunci\u00f3 este jueves que dialog\u00f3 con su colega de Honduras, Xiomara Castro, sobre la posibilidad de llevar a cabo una cumbre de cancilleres latinoamericanos para analizar la crisis migratoria en el marco de la asunci\u00f3n presidencial de Donald Trump, quien ha amenazado con una deportaci\u00f3n masiva de personas en <a class=\"read-more\" href=\"https:\/\/elmetropolitano.com.gt\/es\/mexico-y-honduras-promueven-reunion-de-cancilleres-de-america-larina-antes-de-asuncion-de-trump\/\">Leer m\u00e1s<\/a><\/p>\n","protected":false},"author":1,"featured_media":94709,"comment_status":"open","ping_status":"closed","sticky":false,"template":"","format":"standard","meta":{"footnotes":""},"categories":[14],"tags":[15],"class_list":["post-94708","post","type-post","status-publish","format-standard","has-post-thumbnail","hentry","category-internacionales","tag-internacionales"],"_links":{"self":[{"href":"https:\/\/elmetropolitano.com.gt\/es\/wp-json\/wp\/v2\/posts\/94708","targetHints":{"allow":["GET"]}}],"collection":[{"href":"https:\/\/elmetropolitano.com.gt\/es\/wp-json\/wp\/v2\/posts"}],"about":[{"href":"https:\/\/elmetropolitano.com.gt\/es\/wp-json\/wp\/v2\/types\/post"}],"author":[{"embeddable":true,"href":"https:\/\/elmetropolitano.com.gt\/es\/wp-json\/wp\/v2\/users\/1"}],"replies":[{"embeddable":true,"href":"https:\/\/elmetropolitano.com.gt\/es\/wp-json\/wp\/v2\/comments?post=94708"}],"version-history":[{"count":1,"href":"https:\/\/elmetropolitano.com.gt\/es\/wp-json\/wp\/v2\/posts\/94708\/revisions"}],"predecessor-version":[{"id":94710,"href":"https:\/\/elmetropolitano.com.gt\/es\/wp-json\/wp\/v2\/posts\/94708\/revisions\/94710"}],"wp:featuredmedia":[{"embeddable":true,"href":"https:\/\/elmetropolitano.com.gt\/es\/wp-json\/wp\/v2\/media\/94709"}],"wp:attachment":[{"href":"https:\/\/elmetropolitano.com.gt\/es\/wp-json\/wp\/v2\/media?parent=94708"}],"wp:term":[{"taxonomy":"category","embeddable":true,"href":"https:\/\/elmetropolitano.com.gt\/es\/wp-json\/wp\/v2\/categories?post=94708"},{"taxonomy":"post_tag","embeddable":true,"href":"https:\/\/elmetropolitano.com.gt\/es\/wp-json\/wp\/v2\/tags?post=94708"}],"curies":[{"name":"wp","href":"https:\/\/api.w.org\/{rel}","templated":true}]}}