{"id":94729,"date":"2025-01-03T10:33:27","date_gmt":"2025-01-03T16:33:27","guid":{"rendered":"https:\/\/elmetropolitano.com.gt\/es\/?p=94729"},"modified":"2025-01-03T10:33:28","modified_gmt":"2025-01-03T16:33:28","slug":"sat-detecta-armas-de-fuego-en-encomienda-en-izabal","status":"publish","type":"post","link":"https:\/\/elmetropolitano.com.gt\/es\/sat-detecta-armas-de-fuego-en-encomienda-en-izabal\/","title":{"rendered":"SAT detecta armas de fuego en encomienda en Izabal"},"content":{"rendered":"\n<p>En el marco de las acciones de gesti\u00f3n de riesgo y control aduanero personal de la Superintendencia de Administraci\u00f3n Tributaria (SAT) detectaron este viernes un cargamento de armas de fuego en una encomienda.<\/p>\n\n\n\n<p>Por medio de un comunicado oficial, la SAT inform\u00f3:<\/p><div class=\"elmet-contenido\" id=\"elmet-4037212801\"><div class=\"elmet-adlabel\">Anuncios<\/div><div style=\"margin-top: 20px;margin-right: 20px;margin-bottom: 20px;margin-left: 20px;\" id=\"elmet-1376617761\"><a href=\"https:\/\/www.facebook.com\/arrincuanantigua\/\" aria-label=\"cintillo-arrin-cual\"><img loading=\"lazy\" decoding=\"async\" src=\"https:\/\/elmetropolitano.com.gt\/es\/wp-content\/uploads\/2021\/11\/cintillo-arrin-cual-1.jpg\" alt=\"\"  srcset=\"https:\/\/elmetropolitano.com.gt\/es\/wp-content\/uploads\/2021\/11\/cintillo-arrin-cual-1.jpg 750w, https:\/\/elmetropolitano.com.gt\/es\/wp-content\/uploads\/2021\/11\/cintillo-arrin-cual-1-300x36.jpg 300w, https:\/\/elmetropolitano.com.gt\/es\/wp-content\/uploads\/2021\/11\/cintillo-arrin-cual-1-600x72.jpg 600w\" sizes=\"(max-width: 750px) 100vw, 750px\" width=\"750\" height=\"90\"   \/><\/a><\/div><\/div>\n\n\n\n<p>En coordinaci\u00f3n con autoridades del ministerio de Gobernaci\u00f3n detect\u00f3 y decomis\u00f3 fusiles, cargadores y municiones durante una inspecci\u00f3n f\u00edsica realizada a una importaci\u00f3n de mercanc\u00eda denominada encomienda.<\/p>\n\n\n\n<p>Los mismo fue localizada en la Aduana Santo Tom\u00e1s de Castilla, en Izabal.<\/p>\n\n\n\n<p>Sin permisos<\/p>\n\n\n\n<p>La SAT inform\u00f3 que las armas y municiones sin los permisos correspondientes constituyen una seria amenaza al orden p\u00fablico del pa\u00eds.<\/p>\n\n\n\n<p>Ante esta situaci\u00f3n, las autoridades interinstitucionales reiteran su determinaci\u00f3n de reforzar los controles fronterizos para combatir de manera en\u00e9rgica cualquier intento de tr\u00e1fico ilegal.<\/p>\n\n\n\n<p>La mercanc\u00eda localizada fue puesta a disposici\u00f3n a las autoridades competentes para las diligencias legales correspondientes en cumplimiento de la Pol\u00edtica Nacional de Prevenci\u00f3n y Combate a la Defraudaci\u00f3n y el Contrabando Aduanero 2018-2028.<\/p>\n\n\n\n<p>Estas acciones son una muestra clara del compromiso de las instituciones del Estado de enfrentar con firmeza el comercio il\u00edcito de armas y otros bienes prohibidos.<\/p>\n\n\n\n<p>Con ello se salvaguardan las fronteras y el cumplimiento irrestricto de la ley.<\/p>\n\n\n\n<p>Sobre la pol\u00edtica<\/p>\n\n\n\n<p>El 7 de noviembre del 2018, la SAT hizo entrega oficial de la Pol\u00edtica Nacional de Prevenci\u00f3n y Combate de la Defraudaci\u00f3n y el Contrabando Aduaneros 2018-2028. Esto en el marco del Primer Congreso Contra la Defraudaci\u00f3n y el Contrabando Aduaneros.<\/p>\n\n\n\n<p>La Pol\u00edtica contiene una serie de acciones puntuales para combatir los il\u00edcitos de la defraudaci\u00f3n y el contrabando aduaneros, buscando la erradicaci\u00f3n de estos.<\/p>\n\n\n\n<p>Para ello es necesario el involucramiento de todas las instituciones y el compromiso de todas las personas. Te invitamos a leerla y participar activamente en el combate a dichos actos il\u00edcitos.<\/p>\n\n\n\n<p>Di No a la Defraudaci\u00f3n y el Contrabando Aduaneros, denuncia a trav\u00e9s de la p\u00e1gina&nbsp; www.tupista.gt.<\/p>\n\n\n\n<p>Entre las acciones interinstitucionales se encuentran operativos internacionales, binacionales, regionales, en carreteras y en aduanas. Adem\u00e1s, inspecciones en comercios y allanamientos, as\u00ed como denuncias por defraudaci\u00f3n y contrabando a trav\u00e9s del MP y SAT.<\/p>\n\n\n\n<p>Texto Brenda Larios<\/p>\n\n\n\n<p>#armas #sat<\/p>\n\n\n\n<figure class=\"wp-block-gallery has-nested-images columns-default is-cropped wp-block-gallery-1 is-layout-flex wp-block-gallery-is-layout-flex\">\n<figure class=\"wp-block-image size-large\"><img loading=\"lazy\" decoding=\"async\" width=\"750\" height=\"375\" data-id=\"94731\" src=\"https:\/\/elmetropolitano.com.gt\/es\/wp-content\/uploads\/2025\/01\/SAT-detecta-armas-de-fuego-en-encomienda-750x375-2.jpg\" alt=\"\" class=\"wp-image-94731\" srcset=\"https:\/\/elmetropolitano.com.gt\/es\/wp-content\/uploads\/2025\/01\/SAT-detecta-armas-de-fuego-en-encomienda-750x375-2.jpg 750w, https:\/\/elmetropolitano.com.gt\/es\/wp-content\/uploads\/2025\/01\/SAT-detecta-armas-de-fuego-en-encomienda-750x375-2-300x150.jpg 300w\" sizes=\"auto, (max-width: 750px) 100vw, 750px\" \/><\/figure>\n<\/figure>\n","protected":false},"excerpt":{"rendered":"<p>En el marco de las acciones de gesti\u00f3n de riesgo y control aduanero personal de la Superintendencia de Administraci\u00f3n Tributaria (SAT) detectaron este viernes un cargamento de armas de fuego en una encomienda. Por medio de un comunicado oficial, la SAT inform\u00f3: En coordinaci\u00f3n con autoridades del ministerio de Gobernaci\u00f3n detect\u00f3 y decomis\u00f3 fusiles, cargadores <a class=\"read-more\" href=\"https:\/\/elmetropolitano.com.gt\/es\/sat-detecta-armas-de-fuego-en-encomienda-en-izabal\/\">Leer m\u00e1s<\/a><\/p>\n","protected":false},"author":1,"featured_media":94730,"comment_status":"open","ping_status":"closed","sticky":false,"template":"","format":"standard","meta":{"footnotes":""},"categories":[4],"tags":[13],"class_list":["post-94729","post","type-post","status-publish","format-standard","has-post-thumbnail","hentry","category-departamentales","tag-departamentales"],"_links":{"self":[{"href":"https:\/\/elmetropolitano.com.gt\/es\/wp-json\/wp\/v2\/posts\/94729","targetHints":{"allow":["GET"]}}],"collection":[{"href":"https:\/\/elmetropolitano.com.gt\/es\/wp-json\/wp\/v2\/posts"}],"about":[{"href":"https:\/\/elmetropolitano.com.gt\/es\/wp-json\/wp\/v2\/types\/post"}],"author":[{"embeddable":true,"href":"https:\/\/elmetropolitano.com.gt\/es\/wp-json\/wp\/v2\/users\/1"}],"replies":[{"embeddable":true,"href":"https:\/\/elmetropolitano.com.gt\/es\/wp-json\/wp\/v2\/comments?post=94729"}],"version-history":[{"count":1,"href":"https:\/\/elmetropolitano.com.gt\/es\/wp-json\/wp\/v2\/posts\/94729\/revisions"}],"predecessor-version":[{"id":94732,"href":"https:\/\/elmetropolitano.com.gt\/es\/wp-json\/wp\/v2\/posts\/94729\/revisions\/94732"}],"wp:featuredmedia":[{"embeddable":true,"href":"https:\/\/elmetropolitano.com.gt\/es\/wp-json\/wp\/v2\/media\/94730"}],"wp:attachment":[{"href":"https:\/\/elmetropolitano.com.gt\/es\/wp-json\/wp\/v2\/media?parent=94729"}],"wp:term":[{"taxonomy":"category","embeddable":true,"href":"https:\/\/elmetropolitano.com.gt\/es\/wp-json\/wp\/v2\/categories?post=94729"},{"taxonomy":"post_tag","embeddable":true,"href":"https:\/\/elmetropolitano.com.gt\/es\/wp-json\/wp\/v2\/tags?post=94729"}],"curies":[{"name":"wp","href":"https:\/\/api.w.org\/{rel}","templated":true}]}}