{"id":94762,"date":"2025-01-04T14:16:16","date_gmt":"2025-01-04T20:16:16","guid":{"rendered":"https:\/\/elmetropolitano.com.gt\/es\/?p=94762"},"modified":"2025-01-04T14:25:01","modified_gmt":"2025-01-04T20:25:01","slug":"rumores-sobre-un-brote-viral-en-china-desata-el-panico-como-es-de-peligroso","status":"publish","type":"post","link":"https:\/\/elmetropolitano.com.gt\/es\/rumores-sobre-un-brote-viral-en-china-desata-el-panico-como-es-de-peligroso\/","title":{"rendered":"Brote viral en China desata el p\u00e1nico"},"content":{"rendered":"\n<p>El virus respiratorio metapneumovirus humano (HMPV) se encuentra en el foco de la atenci\u00f3n mundial debido al p\u00e1nico generado por rumores acerca de un supuesto brote en China, principalmente entre ni\u00f1os. Ya a finales de 2024, Pek\u00edn intensific\u00f3 la vigilancia de enfermedades respiratorias emergentes debido al aumento de casos de neumon\u00eda y otras afecciones similares que suelen propagarse durante la temporada invernal.<\/p>\n\n\n\n<p>El p\u00e1nico de este brote respiratorio se da cinco a\u00f1os despu\u00e9s de lo que ocurriera con el virus COVID-19 que fue reportado por primera vez el martes 7 de enero de 2020, por el CDC de China (Centro para el Control y la Prevenci\u00f3n de Enfermedades), luego de que el 31 de diciembre de 2019 la Comisi\u00f3n de Salud Municipal de la ciudad de Wuhan en la provincia de Hubei, notificara 27 casos de un tipo de neumon\u00eda.<\/p><div class=\"elmet-contenido\" id=\"elmet-4194653115\"><div class=\"elmet-adlabel\">Anuncios<\/div><div style=\"margin-top: 20px;margin-right: 20px;margin-bottom: 20px;margin-left: 20px;\" id=\"elmet-793725790\"><a href=\"https:\/\/www.facebook.com\/arrincuanantigua\/\" aria-label=\"cintillo-arrin-cual\"><img loading=\"lazy\" decoding=\"async\" src=\"https:\/\/elmetropolitano.com.gt\/es\/wp-content\/uploads\/2021\/11\/cintillo-arrin-cual-1.jpg\" alt=\"\"  srcset=\"https:\/\/elmetropolitano.com.gt\/es\/wp-content\/uploads\/2021\/11\/cintillo-arrin-cual-1.jpg 750w, https:\/\/elmetropolitano.com.gt\/es\/wp-content\/uploads\/2021\/11\/cintillo-arrin-cual-1-300x36.jpg 300w, https:\/\/elmetropolitano.com.gt\/es\/wp-content\/uploads\/2021\/11\/cintillo-arrin-cual-1-600x72.jpg 600w\" sizes=\"(max-width: 750px) 100vw, 750px\" width=\"750\" height=\"90\"   \/><\/a><\/div><\/div>\n\n\n\n<p>El p\u00e1nico se propaga por todo el mundo a causa de la difusi\u00f3n de videos que muestran hospitales abarrotados con pacientes que acuden con enfermedades causadas por lo que ya ha sido calificado por algunos medios como \u00abun misterioso virus\u00bb. Las escenas recuerdan a muchos internautas las del a\u00f1o 2019, marcado por el comienzo de la epidemia del covid-19.<\/p>\n\n\n\n<p>Sin embargo la vocera de la Canciller\u00eda China, Mao Ning, asegur\u00f3 este viernes en rueda de prensa que \u00ablas infecciones respiratorias suelen alcanzar su punto m\u00e1ximo durante la temporada invernal en el hemisferio norte\u00bb. En este contexto, tambi\u00e9n resalt\u00f3 que \u00ablas enfermedades parecen ser menos graves y propagarse a menor escala en comparaci\u00f3n con el a\u00f1o anterior\u00bb. \u00abPuedo asegurarles que el Gobierno chino se preocupa por la salud de los ciudadanos chicos y de los extranjeros que est\u00e1n en China\u00bb, afirm\u00f3, a\u00f1adiendo que \u00abes seguro\u00bb viajar al pa\u00eds.<\/p>\n\n\n\n<p>A finales de diciembre, Kan Biao, jefe del Instituto Nacional para el Control y la Prevenci\u00f3n de Enfermedades Transmitibles del Centro para el Control y la Prevenci\u00f3n de Enfermedades de China (CDC), precis\u00f3 que \u00abse espera\u00bb que el pa\u00eds se vea afectado por diversas enfermedades infecciosas respiratorias entre el invierno y la primavera, y detall\u00f3 que el n\u00famero de casos de enfermedades respiratorias es menor al del a\u00f1o pasado.<\/p>\n\n\n\n<p>Al mismo tiempo, admiti\u00f3 que la tasa de contagio del HMPV entre ni\u00f1os de hasta 14 a\u00f1os est\u00e1 aumentando.<\/p>\n\n\n\n<p>\u00bfQu\u00e9 es el HMPV?<\/p>\n\n\n\n<p>El metapneumovirus humano, m\u00e1s conocido como HMPV, no es una enfermedad nueva. Fue detectado por primera vez en 2001 y, seg\u00fan los Centros para el Control y la Prevenci\u00f3n de Enfermedades (CDC) de EE.UU., est\u00e1 vinculado a aproximadamente 20.000 hospitalizaciones anuales entre ni\u00f1os menores de 5 a\u00f1os en el pa\u00eds norteamericano.<\/p>\n\n\n\n<p>Entre los s\u00edntomas m\u00e1s comunes figuran tos, congesti\u00f3n nasal, fiebre y dificultad para respirar que, a su vez, pueden progresar y derivar en bronquitis, asma, bronquiolitis o neumon\u00eda. Seg\u00fan se estima, los ni\u00f1os peque\u00f1os (menores de cinco a\u00f1os), los adultos mayores de 65 a\u00f1os y aquellos con sistemas inmunes comprometidos y debilitados son los m\u00e1s vulnerables a los s\u00edntomas graves. Al tratarse de una enfermedad infecciosa, se puede transmitir al toser o estornudar, mediante besos o abrazos o tocando alguna superficie contaminada, como tel\u00e9fonos, teclados o pasamanos.<\/p>\n\n\n\n<p>No obstante, todav\u00eda no hay reportes oficiales por parte de autoridades chinas ni de la Organizaci\u00f3n Mundial de la Salud, y toda la informaci\u00f3n comprobada describe una situaci\u00f3n similar a la del invierno de 2022-2023, cuando el pa\u00eds se vio afectado por una ola de casos de neumon\u00eda por microplasma que, por regla general, tambi\u00e9n es leve. Aunque circula informaci\u00f3n sobre \u00abhospitales abarrotados\u00bb, los informes oficiales del CDC de China sugieren que la gripe com\u00fan est\u00e1 liderando el \u00faltimo brote.<\/p>\n\n\n\n<p>Texto y fotos Rt Noticias<\/p>\n\n\n\n<p>#china #virus #metroredes <a href=\"http:\/\/www.elmetropolitano.com.gt\">www.elmetropolitano.com.gt<\/a> <a href=\"http:\/\/www.metroredes.com\">www.metroredes.com<\/a> <a href=\"http:\/\/www.elescuintleco.com\">www.elescuintleco.com<\/a><\/p>\n\n\n\n<p><\/p>\n","protected":false},"excerpt":{"rendered":"<p>El virus respiratorio metapneumovirus humano (HMPV) se encuentra en el foco de la atenci\u00f3n mundial debido al p\u00e1nico generado por rumores acerca de un supuesto brote en China, principalmente entre ni\u00f1os. Ya a finales de 2024, Pek\u00edn intensific\u00f3 la vigilancia de enfermedades respiratorias emergentes debido al aumento de casos de neumon\u00eda y otras afecciones similares <a class=\"read-more\" href=\"https:\/\/elmetropolitano.com.gt\/es\/rumores-sobre-un-brote-viral-en-china-desata-el-panico-como-es-de-peligroso\/\">Leer m\u00e1s<\/a><\/p>\n","protected":false},"author":1,"featured_media":94763,"comment_status":"open","ping_status":"closed","sticky":false,"template":"","format":"standard","meta":{"footnotes":""},"categories":[14],"tags":[15],"class_list":["post-94762","post","type-post","status-publish","format-standard","has-post-thumbnail","hentry","category-internacionales","tag-internacionales"],"_links":{"self":[{"href":"https:\/\/elmetropolitano.com.gt\/es\/wp-json\/wp\/v2\/posts\/94762","targetHints":{"allow":["GET"]}}],"collection":[{"href":"https:\/\/elmetropolitano.com.gt\/es\/wp-json\/wp\/v2\/posts"}],"about":[{"href":"https:\/\/elmetropolitano.com.gt\/es\/wp-json\/wp\/v2\/types\/post"}],"author":[{"embeddable":true,"href":"https:\/\/elmetropolitano.com.gt\/es\/wp-json\/wp\/v2\/users\/1"}],"replies":[{"embeddable":true,"href":"https:\/\/elmetropolitano.com.gt\/es\/wp-json\/wp\/v2\/comments?post=94762"}],"version-history":[{"count":3,"href":"https:\/\/elmetropolitano.com.gt\/es\/wp-json\/wp\/v2\/posts\/94762\/revisions"}],"predecessor-version":[{"id":94767,"href":"https:\/\/elmetropolitano.com.gt\/es\/wp-json\/wp\/v2\/posts\/94762\/revisions\/94767"}],"wp:featuredmedia":[{"embeddable":true,"href":"https:\/\/elmetropolitano.com.gt\/es\/wp-json\/wp\/v2\/media\/94763"}],"wp:attachment":[{"href":"https:\/\/elmetropolitano.com.gt\/es\/wp-json\/wp\/v2\/media?parent=94762"}],"wp:term":[{"taxonomy":"category","embeddable":true,"href":"https:\/\/elmetropolitano.com.gt\/es\/wp-json\/wp\/v2\/categories?post=94762"},{"taxonomy":"post_tag","embeddable":true,"href":"https:\/\/elmetropolitano.com.gt\/es\/wp-json\/wp\/v2\/tags?post=94762"}],"curies":[{"name":"wp","href":"https:\/\/api.w.org\/{rel}","templated":true}]}}