{"id":94832,"date":"2025-01-06T14:58:46","date_gmt":"2025-01-06T20:58:46","guid":{"rendered":"https:\/\/elmetropolitano.com.gt\/es\/?p=94832"},"modified":"2025-01-06T14:58:46","modified_gmt":"2025-01-06T20:58:46","slug":"ministro-de-finanzas-estamos-esperando-que-sea-un-ano-de-mucha-actividad-economica","status":"publish","type":"post","link":"https:\/\/elmetropolitano.com.gt\/es\/ministro-de-finanzas-estamos-esperando-que-sea-un-ano-de-mucha-actividad-economica\/","title":{"rendered":"Ministro de Finanzas: Estamos esperando que sea un a\u00f1o de mucha actividad econ\u00f3mica"},"content":{"rendered":"\n<p>El ministro de Finanzas P\u00fablicas, Jonathan Menkos, inform\u00f3 este lunes en conferencia de prensa sobre la ejecuci\u00f3n presupuestaria y las perspectivas econ\u00f3micas para el 2025.<\/p>\n\n\n\n<p>\u00abEstamos avanzando con lo que hab\u00edamos prometido en el plan de gobierno del presidente Bernardo Ar\u00e9valo, de tener una pol\u00edtica fiscal mucho m\u00e1s activa. Estamos esperando que sea un a\u00f1o de mucha actividad econ\u00f3mica\u00bb, dijo Menkos en conferencia de prensa en el Palacio Nacional<\/p><div class=\"elmet-contenido\" id=\"elmet-1849520282\"><div class=\"elmet-adlabel\">Anuncios<\/div><div style=\"margin-top: 20px;margin-right: 20px;margin-bottom: 20px;margin-left: 20px;\" id=\"elmet-1259801869\"><a href=\"https:\/\/www.facebook.com\/arrincuanantigua\/\" aria-label=\"cintillo-arrin-cual\"><img loading=\"lazy\" decoding=\"async\" src=\"https:\/\/elmetropolitano.com.gt\/es\/wp-content\/uploads\/2021\/11\/cintillo-arrin-cual-1.jpg\" alt=\"\"  srcset=\"https:\/\/elmetropolitano.com.gt\/es\/wp-content\/uploads\/2021\/11\/cintillo-arrin-cual-1.jpg 750w, https:\/\/elmetropolitano.com.gt\/es\/wp-content\/uploads\/2021\/11\/cintillo-arrin-cual-1-300x36.jpg 300w, https:\/\/elmetropolitano.com.gt\/es\/wp-content\/uploads\/2021\/11\/cintillo-arrin-cual-1-600x72.jpg 600w\" sizes=\"(max-width: 750px) 100vw, 750px\" width=\"750\" height=\"90\"   \/><\/a><\/div><\/div>\n\n\n\n<p>El funcionario destac\u00f3 que ya se cuenta con la vigencia de un presupuesto m\u00e1s potente, que va a permitir avanzar en toda la producci\u00f3n de bienes y servicios p\u00fablicos que tienen doble dividendo, se\u00f1al\u00f3.<\/p>\n\n\n\n<p>Presupuesto 2025<\/p>\n\n\n\n<p>Menkos tambi\u00e9n inform\u00f3 sobre las asignaciones del presupuesto 2025 para las dependencias del Ejecutivo, los destinos espec\u00edficos que tendr\u00e1n y destac\u00f3 que todas son de beneficio para la poblaci\u00f3n:<\/p>\n\n\n\n<p>A trav\u00e9s de este presupuesto queremos seguir empujando un gasto p\u00fablico que sea m\u00e1s inclusivo, que permita reducir las brechas de pobreza y desigualdad.<\/p>\n\n\n\n<p>Asimismo, reiter\u00f3 el compromiso de esta administraci\u00f3n con la transparencia y rendici\u00f3n de cuentas al indicar que \u00abMantenemos el compromiso de la transparencia y lucha contra la corrupci\u00f3n, porque son elementos que pueden brindar mayor credibilidad sobre pol\u00edticas p\u00fablicas que estamos implementando y la gobernabilidad, que genera m\u00e1s certidumbre sobre el futuro del pa\u00eds y un mejor clima de inversi\u00f3n\u00bb.<\/p>\n\n\n\n<p>El Decreto 36-2024, Ley del Presupuesto General de Ingresos y Egresos del Estado para el Ejercicio Fiscal 2025, asciende a 148 mil 526 millones 47 mil 690 quetzales, recursos que permitir\u00e1n continuar con la reconstrucci\u00f3n del pa\u00eds para convertirlo en el promotor eficaz y eficiente del desarrollo, puesto al servicio del conjunto de la sociedad.<\/p>\n\n\n\n<p>Recaudaci\u00f3n 2024<\/p>\n\n\n\n<p>A su vez, indic\u00f3 que se ha superado la meta de recaudaci\u00f3n de 2024, establecida en 99 mil 700 millones de quetzales, y es probable que se haya cerrado el a\u00f1o superando los 102 millardos de quetzales recaudados. Para 2025, la meta fijada asciende a los 108 millardos de quetzales.<\/p>\n\n\n\n<p>Estamos siendo m\u00e1s exigentes con las metas de recaudaci\u00f3n con el objetivo de hacer m\u00e1s productivos los impuestos actuales y se mantiene el compromiso de no hacer cambios impositivos, a\u00f1adi\u00f3.<\/p>\n\n\n\n<p>En 2024 la econom\u00eda nacional comenz\u00f3 a dar luces de un mayor crecimiento, como resultado del reajuste presupuestario. Asimismo, se espera que 2024 cierre con una tasa de crecimiento del 3.7 % del PIB, mientras que en 2025 se prev\u00e9 que la actividad econ\u00f3mica alcance un crecimiento de alrededor del 4 %.<\/p>\n\n\n\n<p>Adem\u00e1s, en cuanto a la demanda interna, para 2025 se espera un crecimiento de 4.3 %, y se\u00f1al\u00f3 que hay diferentes proyectos de inversi\u00f3n p\u00fablica que van a ser los que empujen ese dinamismo econ\u00f3mico. Tambi\u00e9n dijo que mucho tiene que ver con inversiones en capital que puede hacer las c\u00f3mo carreteras, caminos rurales, alianzas p\u00fablico-privadas, en particular la autopista a Puerto Quetzal.<\/p>\n\n\n\n<p>Con relaci\u00f3n a la demanda externa, indic\u00f3 que se espera que las exportaciones de bienes y servicios alcancen un incremento del 4 % por una mayor demanda de productos nacionales.<\/p>\n\n\n\n<p>Ejecuci\u00f3n 2024<\/p>\n\n\n\n<p>El ministro de Finanzas inform\u00f3 que la ejecuci\u00f3n del 2024, se registro en un 92 % aproximadamente. Pero se\u00f1al\u00f3 que en las pr\u00f3ximas semanas dar\u00e1n el resultado final.<\/p>\n\n\n\n<p>Se logro una ejecuci\u00f3n aproximada del 92 % del presupuesto total. Ac\u00e1 vale la pena indicar que se hizo un gran esfuerzo en los ministerios de Gobernaci\u00f3n, Educaci\u00f3n y Desarrollo Social.<\/p>\n\n\n\n<p>Entre los ministerios con menor ejecuci\u00f3n esta la cartera de Comunicaciones, Infraestructura y Vivienda con un 70.7 %<\/p>\n\n\n\n<p>Calificadoras de riesgo visitaran el pa\u00eds<\/p>\n\n\n\n<p>Anunci\u00f3 que el 13 y 15 de enero se tiene prevista la visita de los representantes de la calificadora de riesgo Fitch Ratings y que, con la aprobaci\u00f3n del reajuste presupuestario, el Presupuesto 2025 y leyes estrat\u00e9gicas para el desarrollo del pa\u00eds Guatemala se encamina hacia el grado de inversi\u00f3n.<\/p>\n\n\n\n<p>Afirm\u00f3 que por parte del Gobierno de Guatemala se tienen estudios t\u00e9cnicos que reflejan que el incremento del salario m\u00ednimo tiene un efecto positivo y aumenta la posibilidad de un crecimiento econ\u00f3mico de hasta un 0.15 %. Adem\u00e1s, crea un c\u00edrculo virtuoso de mayor demanda de bienes y servicios con mayores posibilidades de empleo y consumo.<\/p>\n\n\n\n<p>Texto: Brenda Larios<\/p>\n\n\n\n<p>Foto: Alex Jacinto<\/p>\n\n\n\n<p><a href=\"https:\/\/www.facebook.com\/hashtag\/elfinancierogt?__eep__=6&amp;__cft__[0]=AZUkaTh0vy4h4QauFOasIgmAtSsgi0bzBREm7eSrL6ATzrLagpePdtd_D2bTRAg9gWQOgatfIzm_rV0h_UTlSMtk60QsHY80tsbDhavP1SOtnrghopScXAmCS2UGNxtGSh_mXmSoN1TZxVOEcu0K2_e8eY1qqHgIqni8cVk4E3tVt46ikR4gs8-kwuVAh88r4qdKqozsV0ISpnCAE4zvsxGjSLBxpuvyWtWdJLj4lDWezg&amp;__tn__=*NK-y-R\">#elfinancierogt<\/a><a href=\"https:\/\/www.facebook.com\/hashtag\/metroredes?__eep__=6&amp;__cft__[0]=AZUkaTh0vy4h4QauFOasIgmAtSsgi0bzBREm7eSrL6ATzrLagpePdtd_D2bTRAg9gWQOgatfIzm_rV0h_UTlSMtk60QsHY80tsbDhavP1SOtnrghopScXAmCS2UGNxtGSh_mXmSoN1TZxVOEcu0K2_e8eY1qqHgIqni8cVk4E3tVt46ikR4gs8-kwuVAh88r4qdKqozsV0ISpnCAE4zvsxGjSLBxpuvyWtWdJLj4lDWezg&amp;__tn__=*NK-y-R\">#Metroredes<\/a><a href=\"https:\/\/www.facebook.com\/hashtag\/finanzaspublicas?__eep__=6&amp;__cft__[0]=AZUkaTh0vy4h4QauFOasIgmAtSsgi0bzBREm7eSrL6ATzrLagpePdtd_D2bTRAg9gWQOgatfIzm_rV0h_UTlSMtk60QsHY80tsbDhavP1SOtnrghopScXAmCS2UGNxtGSh_mXmSoN1TZxVOEcu0K2_e8eY1qqHgIqni8cVk4E3tVt46ikR4gs8-kwuVAh88r4qdKqozsV0ISpnCAE4zvsxGjSLBxpuvyWtWdJLj4lDWezg&amp;__tn__=*NK-y-R\">#FinanzasPublicas<\/a> <a href=\"https:\/\/l.facebook.com\/l.php?u=http%3A%2F%2Fwww.elmetropolitano.com.gt%2F%3Ffbclid%3DIwZXh0bgNhZW0CMTAAAR2D1hE9_NkL3X87hRgofWRxGs7uPToJH_XZeie03u0IvAej0drG0ZjtQTU_aem_29dGS97DL_ktFfeuCL8azQ&amp;h=AT2v9GuMxLPDRQKPcVZbYawrToL1RNtan-Igjm8hOTeQMa1tWb_rKkfkE5NEHDEHjHtK2-417PNYFftxdISAf2hQ1WpWw7F8YQY-sl12MGsyOo1A8vSWNfIRYCOeHoPvxmJUSJXBrrne4MwPegjB&amp;__tn__=-UK-y-R&amp;c[0]=AT3suskfZSv_BHPAL3y1TNz45YVenQN4fSukzkfBgW2N36aLw2IRRd4OYFPj1tcrLJIeoG40RgVrLgFuShCj82OR2O5Oxi0lzqFCuULxt4LXPZZCmwTDCFWuo1SLEaNYWY2j6RH7kfuOrVEWx3oayw56YURBnE9eRCcROODKWtmnr4No49-GnkDgWn7Bwj8j-AfX4NgxX4AcUFXUy7XnSJ_AjtwvkAdCC_y9IphH8LOcXsqPcLw\" target=\"_blank\" rel=\"noreferrer noopener\">www.elmetropolitano.com.gt<\/a><a href=\"http:\/\/www.metroredes.com\/?fbclid=IwZXh0bgNhZW0CMTAAAR3KIJHrKxHq_hO6RmZGEBv8Qv-WuCMoqR_lzMj9QsOlBnPkNhF-9XAJPCQ_aem_o-e3n3aDC9cb67R-Xncbng\" target=\"_blank\" rel=\"noreferrer noopener\">www.metroredes.com<\/a><\/p>\n\n\n\n<p><a href=\"https:\/\/l.facebook.com\/l.php?u=http%3A%2F%2Fwww.elescuintleco.com%2F%3Ffbclid%3DIwZXh0bgNhZW0CMTAAAR2q7OkIsJsWiJ3oxNXLFqSzwNWDUHxm6pDmzao7wi8QjL46cYJMZ68teEo_aem_htNwKuSCAzhI0a41_tM2pg&amp;h=AT2tRg37TdIZqwegT7DkRNHO45dMuiITyvVPwSqbFLI9sYSNOy61bl2V9SSKCRDchjcVVz7CUQJeE_DQ9EC4vdJbpvvgsfuPt4VDXt2lL2Yt0PrABU5yRmqih_sM49TCyyBHT_0ZF6AWWlK3EvW6&amp;__tn__=-UK-y-R&amp;c[0]=AT3suskfZSv_BHPAL3y1TNz45YVenQN4fSukzkfBgW2N36aLw2IRRd4OYFPj1tcrLJIeoG40RgVrLgFuShCj82OR2O5Oxi0lzqFCuULxt4LXPZZCmwTDCFWuo1SLEaNYWY2j6RH7kfuOrVEWx3oayw56YURBnE9eRCcROODKWtmnr4No49-GnkDgWn7Bwj8j-AfX4NgxX4AcUFXUy7XnSJ_AjtwvkAdCC_y9IphH8LOcXsqPcLw\" rel=\"noreferrer noopener\" target=\"_blank\">www.elescuintleco.com<\/a><\/p>\n","protected":false},"excerpt":{"rendered":"<p>El ministro de Finanzas P\u00fablicas, Jonathan Menkos, inform\u00f3 este lunes en conferencia de prensa sobre la ejecuci\u00f3n presupuestaria y las perspectivas econ\u00f3micas para el 2025. \u00abEstamos avanzando con lo que hab\u00edamos prometido en el plan de gobierno del presidente Bernardo Ar\u00e9valo, de tener una pol\u00edtica fiscal mucho m\u00e1s activa. Estamos esperando que sea un a\u00f1o <a class=\"read-more\" href=\"https:\/\/elmetropolitano.com.gt\/es\/ministro-de-finanzas-estamos-esperando-que-sea-un-ano-de-mucha-actividad-economica\/\">Leer m\u00e1s<\/a><\/p>\n","protected":false},"author":1,"featured_media":94833,"comment_status":"open","ping_status":"closed","sticky":false,"template":"","format":"standard","meta":{"footnotes":""},"categories":[21],"tags":[20],"class_list":["post-94832","post","type-post","status-publish","format-standard","has-post-thumbnail","hentry","category-economia","tag-economia"],"_links":{"self":[{"href":"https:\/\/elmetropolitano.com.gt\/es\/wp-json\/wp\/v2\/posts\/94832","targetHints":{"allow":["GET"]}}],"collection":[{"href":"https:\/\/elmetropolitano.com.gt\/es\/wp-json\/wp\/v2\/posts"}],"about":[{"href":"https:\/\/elmetropolitano.com.gt\/es\/wp-json\/wp\/v2\/types\/post"}],"author":[{"embeddable":true,"href":"https:\/\/elmetropolitano.com.gt\/es\/wp-json\/wp\/v2\/users\/1"}],"replies":[{"embeddable":true,"href":"https:\/\/elmetropolitano.com.gt\/es\/wp-json\/wp\/v2\/comments?post=94832"}],"version-history":[{"count":1,"href":"https:\/\/elmetropolitano.com.gt\/es\/wp-json\/wp\/v2\/posts\/94832\/revisions"}],"predecessor-version":[{"id":94834,"href":"https:\/\/elmetropolitano.com.gt\/es\/wp-json\/wp\/v2\/posts\/94832\/revisions\/94834"}],"wp:featuredmedia":[{"embeddable":true,"href":"https:\/\/elmetropolitano.com.gt\/es\/wp-json\/wp\/v2\/media\/94833"}],"wp:attachment":[{"href":"https:\/\/elmetropolitano.com.gt\/es\/wp-json\/wp\/v2\/media?parent=94832"}],"wp:term":[{"taxonomy":"category","embeddable":true,"href":"https:\/\/elmetropolitano.com.gt\/es\/wp-json\/wp\/v2\/categories?post=94832"},{"taxonomy":"post_tag","embeddable":true,"href":"https:\/\/elmetropolitano.com.gt\/es\/wp-json\/wp\/v2\/tags?post=94832"}],"curies":[{"name":"wp","href":"https:\/\/api.w.org\/{rel}","templated":true}]}}