{"id":94912,"date":"2025-01-08T09:33:26","date_gmt":"2025-01-08T15:33:26","guid":{"rendered":"https:\/\/elmetropolitano.com.gt\/es\/?p=94912"},"modified":"2025-01-08T09:33:42","modified_gmt":"2025-01-08T15:33:42","slug":"ejercito-intercepta-cargamento-de-droga-en-el-oceano-pacifico","status":"publish","type":"post","link":"https:\/\/elmetropolitano.com.gt\/es\/ejercito-intercepta-cargamento-de-droga-en-el-oceano-pacifico\/","title":{"rendered":"Ej\u00e9rcito intercepta cargamento de droga en el Oc\u00e9ano Pac\u00edfico"},"content":{"rendered":"\n<p>El Ej\u00e9rcito de Guatemala a trav\u00e9s de la Marina de la Defensa Nacional intercept\u00f3 una embarcaci\u00f3n en aguas del Oc\u00e9ano Pacifico, la cual transportaba en su interior posibles il\u00edcitos.<\/p>\n\n\n\n<p>\u00c9l <a><\/a>ejerci\u00f3 a informado que se han realizado desde anoche las gestiones con las autoridades competentes Minsiterio Publico MP y Polic\u00eda Nacional Civil PNC para continuar con los procesos legales correspondientes y contar la cantidad de droga incautada<\/p><div class=\"elmet-contenido\" id=\"elmet-1290722507\"><div class=\"elmet-adlabel\">Anuncios<\/div><div style=\"margin-top: 20px;margin-right: 20px;margin-bottom: 20px;margin-left: 20px;\" id=\"elmet-1863832623\"><a href=\"https:\/\/www.facebook.com\/arrincuanantigua\/\" aria-label=\"cintillo-arrin-cual\"><img loading=\"lazy\" decoding=\"async\" src=\"https:\/\/elmetropolitano.com.gt\/es\/wp-content\/uploads\/2021\/11\/cintillo-arrin-cual-1.jpg\" alt=\"\"  srcset=\"https:\/\/elmetropolitano.com.gt\/es\/wp-content\/uploads\/2021\/11\/cintillo-arrin-cual-1.jpg 750w, https:\/\/elmetropolitano.com.gt\/es\/wp-content\/uploads\/2021\/11\/cintillo-arrin-cual-1-300x36.jpg 300w, https:\/\/elmetropolitano.com.gt\/es\/wp-content\/uploads\/2021\/11\/cintillo-arrin-cual-1-600x72.jpg 600w\" sizes=\"(max-width: 750px) 100vw, 750px\" width=\"750\" height=\"90\"   \/><\/a><\/div><\/div>\n\n\n\n<p><a href=\"https:\/\/www.facebook.com\/hashtag\/ejercitogt?__eep__=6&amp;__cft__[0]=AZVBMOMo7eCLwsSADqXw6FBodGC5gJ9P8-1V5AdK8tmUd-CucUtyDT_dcfKLAKPf1v2EsX7tD-wp2e7en5VT17IIlZ4XM6je2TYjnFg4F09hAWTCX5smwoT3_gvDPpR7hw2kXCfvE2SUnMZl68vZ39Inbi9DAIu3D452Q0BwmzgV2KGdBbbnAUMaogc8sL_c0eI&amp;__tn__=*NK-R\">#EjercitoGT<\/a><a href=\"https:\/\/www.facebook.com\/hashtag\/narcotrafico?__eep__=6&amp;__cft__[0]=AZVBMOMo7eCLwsSADqXw6FBodGC5gJ9P8-1V5AdK8tmUd-CucUtyDT_dcfKLAKPf1v2EsX7tD-wp2e7en5VT17IIlZ4XM6je2TYjnFg4F09hAWTCX5smwoT3_gvDPpR7hw2kXCfvE2SUnMZl68vZ39Inbi9DAIu3D452Q0BwmzgV2KGdBbbnAUMaogc8sL_c0eI&amp;__tn__=*NK-R\">#Narcotrafico<\/a><a href=\"https:\/\/www.facebook.com\/hashtag\/metroredes?__eep__=6&amp;__cft__[0]=AZVBMOMo7eCLwsSADqXw6FBodGC5gJ9P8-1V5AdK8tmUd-CucUtyDT_dcfKLAKPf1v2EsX7tD-wp2e7en5VT17IIlZ4XM6je2TYjnFg4F09hAWTCX5smwoT3_gvDPpR7hw2kXCfvE2SUnMZl68vZ39Inbi9DAIu3D452Q0BwmzgV2KGdBbbnAUMaogc8sL_c0eI&amp;__tn__=*NK-R\">#metroredes<\/a><\/p>\n","protected":false},"excerpt":{"rendered":"<p>El Ej\u00e9rcito de Guatemala a trav\u00e9s de la Marina de la Defensa Nacional intercept\u00f3 una embarcaci\u00f3n en aguas del Oc\u00e9ano Pacifico, la cual transportaba en su interior posibles il\u00edcitos. \u00c9l ejerci\u00f3 a informado que se han realizado desde anoche las gestiones con las autoridades competentes Minsiterio Publico MP y Polic\u00eda Nacional Civil PNC para continuar <a class=\"read-more\" href=\"https:\/\/elmetropolitano.com.gt\/es\/ejercito-intercepta-cargamento-de-droga-en-el-oceano-pacifico\/\">Leer m\u00e1s<\/a><\/p>\n","protected":false},"author":1,"featured_media":94913,"comment_status":"open","ping_status":"closed","sticky":false,"template":"","format":"standard","meta":{"footnotes":""},"categories":[4],"tags":[13],"class_list":["post-94912","post","type-post","status-publish","format-standard","has-post-thumbnail","hentry","category-departamentales","tag-departamentales"],"_links":{"self":[{"href":"https:\/\/elmetropolitano.com.gt\/es\/wp-json\/wp\/v2\/posts\/94912","targetHints":{"allow":["GET"]}}],"collection":[{"href":"https:\/\/elmetropolitano.com.gt\/es\/wp-json\/wp\/v2\/posts"}],"about":[{"href":"https:\/\/elmetropolitano.com.gt\/es\/wp-json\/wp\/v2\/types\/post"}],"author":[{"embeddable":true,"href":"https:\/\/elmetropolitano.com.gt\/es\/wp-json\/wp\/v2\/users\/1"}],"replies":[{"embeddable":true,"href":"https:\/\/elmetropolitano.com.gt\/es\/wp-json\/wp\/v2\/comments?post=94912"}],"version-history":[{"count":2,"href":"https:\/\/elmetropolitano.com.gt\/es\/wp-json\/wp\/v2\/posts\/94912\/revisions"}],"predecessor-version":[{"id":94915,"href":"https:\/\/elmetropolitano.com.gt\/es\/wp-json\/wp\/v2\/posts\/94912\/revisions\/94915"}],"wp:featuredmedia":[{"embeddable":true,"href":"https:\/\/elmetropolitano.com.gt\/es\/wp-json\/wp\/v2\/media\/94913"}],"wp:attachment":[{"href":"https:\/\/elmetropolitano.com.gt\/es\/wp-json\/wp\/v2\/media?parent=94912"}],"wp:term":[{"taxonomy":"category","embeddable":true,"href":"https:\/\/elmetropolitano.com.gt\/es\/wp-json\/wp\/v2\/categories?post=94912"},{"taxonomy":"post_tag","embeddable":true,"href":"https:\/\/elmetropolitano.com.gt\/es\/wp-json\/wp\/v2\/tags?post=94912"}],"curies":[{"name":"wp","href":"https:\/\/api.w.org\/{rel}","templated":true}]}}