{"id":94934,"date":"2025-01-08T13:44:43","date_gmt":"2025-01-08T19:44:43","guid":{"rendered":"https:\/\/elmetropolitano.com.gt\/es\/?p=94934"},"modified":"2025-01-08T13:44:43","modified_gmt":"2025-01-08T19:44:43","slug":"capturan-a-smaylin-presunto-lider-de-banda-de-asaltabuses-los-enfermeros","status":"publish","type":"post","link":"https:\/\/elmetropolitano.com.gt\/es\/capturan-a-smaylin-presunto-lider-de-banda-de-asaltabuses-los-enfermeros\/","title":{"rendered":"Capturan a \u00abSmaylin\u00bb presunto l\u00edder de banda de asaltabuses \u201cLos enfermeros\u201d"},"content":{"rendered":"\n<p>Tras una persecuci\u00f3n e intercambio de disparos, polic\u00edas de la comisar\u00eda <a><\/a>de Escuintla que realizaban recorridos de seguridad capturaron al presunto l\u00edder de una banda de asaltabuses denominada \u201cLos Enfermeros\u201d y le incautaron una escopeta que portaba ilegalmente.<\/p>\n\n\n\n<p>En el kil\u00f3metro 59 CA-2, jurisdicci\u00f3n de Escuintla los agentes observaron a tres individuos a bordo de una motocicleta en la que se dan a la fuga para evitar a los polic\u00edas.<\/p><div class=\"elmet-contenido\" id=\"elmet-4031329923\"><div class=\"elmet-adlabel\">Anuncios<\/div><div style=\"margin-top: 20px;margin-right: 20px;margin-bottom: 20px;margin-left: 20px;\" id=\"elmet-177954258\"><a href=\"https:\/\/www.facebook.com\/arrincuanantigua\/\" aria-label=\"cintillo-arrin-cual\"><img loading=\"lazy\" decoding=\"async\" src=\"https:\/\/elmetropolitano.com.gt\/es\/wp-content\/uploads\/2021\/11\/cintillo-arrin-cual-1.jpg\" alt=\"\"  srcset=\"https:\/\/elmetropolitano.com.gt\/es\/wp-content\/uploads\/2021\/11\/cintillo-arrin-cual-1.jpg 750w, https:\/\/elmetropolitano.com.gt\/es\/wp-content\/uploads\/2021\/11\/cintillo-arrin-cual-1-300x36.jpg 300w, https:\/\/elmetropolitano.com.gt\/es\/wp-content\/uploads\/2021\/11\/cintillo-arrin-cual-1-600x72.jpg 600w\" sizes=\"(max-width: 750px) 100vw, 750px\" width=\"750\" height=\"90\"   \/><\/a><\/div><\/div>\n\n\n\n<p>Al marcarles el alto aceleran la marcha, los PNC inician una persecuci\u00f3n y alertan a otras unidades que les apoyan; los sospechosos se internan en el cementerio General Las Orqu\u00eddeas, zona 3 de dicho municipio, realizando disparos en contra de los polic\u00edas.<\/p>\n\n\n\n<p>Momentos despu\u00e9s es localizado y capturado Flavio Ren\u00e9 Trigueros Morataya de 24 a\u00f1os, alias \u00abSmaylin\u00bb quien presenta una herida de arma de fuego en la pantorrilla de la pierna izquierda, por lo que bajo custodia policial fue trasladado a un centro asistencial, en el interior de un nicho ten\u00eda escondida una escopeta con registro esmerilado con la cual presuntamente dispar\u00f3 a los polic\u00edas.<\/p>\n\n\n\n<p>Se estableci\u00f3 que cuenta con dos \u00f3rdenes de captura por portaci\u00f3n ilegal de arma de fuego, de fecha 20 de noviembre del 2024 y robo agravado del 16 de noviembre del mismo a\u00f1o, ambas giradas por un juzgado de Escuintla .<\/p>\n\n\n\n<p>Seg\u00fan investigaciones y denuncias este individuo es presunto l\u00edder de una banda de asaltabuses denominada \u00abLos Enfermeros\u00bb que operan ese departamento, por lo que la investigaci\u00f3n sigue para capturar a los otros sujetos.<\/p>\n\n\n\n<p><a href=\"https:\/\/www.facebook.com\/hashtag\/pncdeguatemala?__eep__=6&amp;__cft__[0]=AZWs_2qmBJGpGpkqEof8i3BM7wPMrvx3JjpN4gj38WO637kBmsmm4bpc2cyIi9Y2hhW6Ds6fGLzO27lEYDdvg23hfTr-aFeaIoH7fGsS1JaA1i5qczFMm7lHZYuk4WwPUJiyQ6kzRYzakOHUi5wwyU51vOOcxAIt3FulL1Jg4RXm1ABi9ns9eYzuVBjoZHPye2Xo3Zg_yVp0lW_Lvhd8pW6sOeMORdogPq6JY734m5F27A&amp;__tn__=*NK-y-R\">#PNCdeGuatemala<\/a><a href=\"https:\/\/www.facebook.com\/hashtag\/laseguridadeshoy?__eep__=6&amp;__cft__[0]=AZWs_2qmBJGpGpkqEof8i3BM7wPMrvx3JjpN4gj38WO637kBmsmm4bpc2cyIi9Y2hhW6Ds6fGLzO27lEYDdvg23hfTr-aFeaIoH7fGsS1JaA1i5qczFMm7lHZYuk4WwPUJiyQ6kzRYzakOHUi5wwyU51vOOcxAIt3FulL1Jg4RXm1ABi9ns9eYzuVBjoZHPye2Xo3Zg_yVp0lW_Lvhd8pW6sOeMORdogPq6JY734m5F27A&amp;__tn__=*NK-y-R\">#LaSeguridadEsHoy<\/a><a href=\"https:\/\/www.facebook.com\/hashtag\/metroredes?__eep__=6&amp;__cft__[0]=AZWs_2qmBJGpGpkqEof8i3BM7wPMrvx3JjpN4gj38WO637kBmsmm4bpc2cyIi9Y2hhW6Ds6fGLzO27lEYDdvg23hfTr-aFeaIoH7fGsS1JaA1i5qczFMm7lHZYuk4WwPUJiyQ6kzRYzakOHUi5wwyU51vOOcxAIt3FulL1Jg4RXm1ABi9ns9eYzuVBjoZHPye2Xo3Zg_yVp0lW_Lvhd8pW6sOeMORdogPq6JY734m5F27A&amp;__tn__=*NK-y-R\">#metroredes<\/a><\/p>\n","protected":false},"excerpt":{"rendered":"<p>Tras una persecuci\u00f3n e intercambio de disparos, polic\u00edas de la comisar\u00eda de Escuintla que realizaban recorridos de seguridad capturaron al presunto l\u00edder de una banda de asaltabuses denominada \u201cLos Enfermeros\u201d y le incautaron una escopeta que portaba ilegalmente. En el kil\u00f3metro 59 CA-2, jurisdicci\u00f3n de Escuintla los agentes observaron a tres individuos a bordo de <a class=\"read-more\" href=\"https:\/\/elmetropolitano.com.gt\/es\/capturan-a-smaylin-presunto-lider-de-banda-de-asaltabuses-los-enfermeros\/\">Leer m\u00e1s<\/a><\/p>\n","protected":false},"author":1,"featured_media":94935,"comment_status":"open","ping_status":"closed","sticky":false,"template":"","format":"standard","meta":{"footnotes":""},"categories":[4],"tags":[13],"class_list":["post-94934","post","type-post","status-publish","format-standard","has-post-thumbnail","hentry","category-departamentales","tag-departamentales"],"_links":{"self":[{"href":"https:\/\/elmetropolitano.com.gt\/es\/wp-json\/wp\/v2\/posts\/94934","targetHints":{"allow":["GET"]}}],"collection":[{"href":"https:\/\/elmetropolitano.com.gt\/es\/wp-json\/wp\/v2\/posts"}],"about":[{"href":"https:\/\/elmetropolitano.com.gt\/es\/wp-json\/wp\/v2\/types\/post"}],"author":[{"embeddable":true,"href":"https:\/\/elmetropolitano.com.gt\/es\/wp-json\/wp\/v2\/users\/1"}],"replies":[{"embeddable":true,"href":"https:\/\/elmetropolitano.com.gt\/es\/wp-json\/wp\/v2\/comments?post=94934"}],"version-history":[{"count":1,"href":"https:\/\/elmetropolitano.com.gt\/es\/wp-json\/wp\/v2\/posts\/94934\/revisions"}],"predecessor-version":[{"id":94936,"href":"https:\/\/elmetropolitano.com.gt\/es\/wp-json\/wp\/v2\/posts\/94934\/revisions\/94936"}],"wp:featuredmedia":[{"embeddable":true,"href":"https:\/\/elmetropolitano.com.gt\/es\/wp-json\/wp\/v2\/media\/94935"}],"wp:attachment":[{"href":"https:\/\/elmetropolitano.com.gt\/es\/wp-json\/wp\/v2\/media?parent=94934"}],"wp:term":[{"taxonomy":"category","embeddable":true,"href":"https:\/\/elmetropolitano.com.gt\/es\/wp-json\/wp\/v2\/categories?post=94934"},{"taxonomy":"post_tag","embeddable":true,"href":"https:\/\/elmetropolitano.com.gt\/es\/wp-json\/wp\/v2\/tags?post=94934"}],"curies":[{"name":"wp","href":"https:\/\/api.w.org\/{rel}","templated":true}]}}