{"id":94954,"date":"2025-01-08T17:59:24","date_gmt":"2025-01-08T23:59:24","guid":{"rendered":"https:\/\/elmetropolitano.com.gt\/es\/?p=94954"},"modified":"2025-01-08T17:59:25","modified_gmt":"2025-01-08T23:59:25","slug":"los-angeles-asediado-por-fuertes-incendios","status":"publish","type":"post","link":"https:\/\/elmetropolitano.com.gt\/es\/los-angeles-asediado-por-fuertes-incendios\/","title":{"rendered":"Los \u00c1ngeles asediado por fuertes incendios"},"content":{"rendered":"\n<p>En medio de&nbsp;masivos incendios en el condado de Los \u00c1ngeles, en las redes sociales se difundieron videos en los que se ve c\u00f3mo el cielo de&nbsp;esta regi\u00f3n estadounidense se ha te\u00f1ido de rojo mientras se observa un fuerte esmog.<\/p>\n\n\n\n<p>El fuego ya ha provocado la muerte de al menos dos personas, provocando la evacuaci\u00f3n obligatoria de m\u00e1s de 80.000 habitantes.<\/p><div class=\"elmet-contenido\" id=\"elmet-1749229645\"><div class=\"elmet-adlabel\">Anuncios<\/div><div style=\"margin-top: 20px;margin-right: 20px;margin-bottom: 20px;margin-left: 20px;\" id=\"elmet-923636347\"><a href=\"https:\/\/www.facebook.com\/arrincuanantigua\/\" aria-label=\"cintillo-arrin-cual\"><img loading=\"lazy\" decoding=\"async\" src=\"https:\/\/elmetropolitano.com.gt\/es\/wp-content\/uploads\/2021\/11\/cintillo-arrin-cual-1.jpg\" alt=\"\"  srcset=\"https:\/\/elmetropolitano.com.gt\/es\/wp-content\/uploads\/2021\/11\/cintillo-arrin-cual-1.jpg 750w, https:\/\/elmetropolitano.com.gt\/es\/wp-content\/uploads\/2021\/11\/cintillo-arrin-cual-1-300x36.jpg 300w, https:\/\/elmetropolitano.com.gt\/es\/wp-content\/uploads\/2021\/11\/cintillo-arrin-cual-1-600x72.jpg 600w\" sizes=\"(max-width: 750px) 100vw, 750px\" width=\"750\" height=\"90\"   \/><\/a><\/div><\/div>\n\n\n\n<p>Las llamas se han propagado r\u00e1pidamente por la zona\u00a0mientras que las r\u00e1fagas de viento superan los<strong>\u00a0160 kil\u00f3metros por hora<\/strong>,\u00a0<a href=\"https:\/\/nypost.com\/2025\/01\/08\/us-news\/palisades-fire-live-updates-news-and-photos-of-california-wildfire\/\" target=\"_blank\" rel=\"noreferrer noopener\">recogen<\/a>\u00a0medios locales.<\/p>\n\n\n\n<p>El\u00a0Departamento de Bomberos del condado de Los \u00c1ngeles\u00a0denuncia que se registran varios incendios y que el mayor de ellos, el de Pacific Palisades, ya\u00a0<a href=\"https:\/\/www.nbcnews.com\/weather\/wildfires\/live-blog\/live-updates-pacific-palisades-wildfire-rapidly-grows-california-rcna186685\/rcrd66906?canonicalCard=true\" target=\"_blank\" rel=\"noreferrer noopener\">afecta<\/a>\u00a0un \u00e1rea de m\u00e1s de 20\u00a0km\u00b2.\u00a0Hasta el momento, las autoridades no han podido contener el fuego.<\/p>\n\n\n\n<p>De acuerdo con&nbsp;Marrone, unas 1.000 estructuras resultaron destruidas por el fuego.<\/p>\n","protected":false},"excerpt":{"rendered":"<p>En medio de&nbsp;masivos incendios en el condado de Los \u00c1ngeles, en las redes sociales se difundieron videos en los que se ve c\u00f3mo el cielo de&nbsp;esta regi\u00f3n estadounidense se ha te\u00f1ido de rojo mientras se observa un fuerte esmog. El fuego ya ha provocado la muerte de al menos dos personas, provocando la evacuaci\u00f3n obligatoria <a class=\"read-more\" href=\"https:\/\/elmetropolitano.com.gt\/es\/los-angeles-asediado-por-fuertes-incendios\/\">Leer m\u00e1s<\/a><\/p>\n","protected":false},"author":1,"featured_media":94955,"comment_status":"open","ping_status":"closed","sticky":false,"template":"","format":"standard","meta":{"footnotes":""},"categories":[14],"tags":[15],"class_list":["post-94954","post","type-post","status-publish","format-standard","has-post-thumbnail","hentry","category-internacionales","tag-internacionales"],"_links":{"self":[{"href":"https:\/\/elmetropolitano.com.gt\/es\/wp-json\/wp\/v2\/posts\/94954","targetHints":{"allow":["GET"]}}],"collection":[{"href":"https:\/\/elmetropolitano.com.gt\/es\/wp-json\/wp\/v2\/posts"}],"about":[{"href":"https:\/\/elmetropolitano.com.gt\/es\/wp-json\/wp\/v2\/types\/post"}],"author":[{"embeddable":true,"href":"https:\/\/elmetropolitano.com.gt\/es\/wp-json\/wp\/v2\/users\/1"}],"replies":[{"embeddable":true,"href":"https:\/\/elmetropolitano.com.gt\/es\/wp-json\/wp\/v2\/comments?post=94954"}],"version-history":[{"count":1,"href":"https:\/\/elmetropolitano.com.gt\/es\/wp-json\/wp\/v2\/posts\/94954\/revisions"}],"predecessor-version":[{"id":94956,"href":"https:\/\/elmetropolitano.com.gt\/es\/wp-json\/wp\/v2\/posts\/94954\/revisions\/94956"}],"wp:featuredmedia":[{"embeddable":true,"href":"https:\/\/elmetropolitano.com.gt\/es\/wp-json\/wp\/v2\/media\/94955"}],"wp:attachment":[{"href":"https:\/\/elmetropolitano.com.gt\/es\/wp-json\/wp\/v2\/media?parent=94954"}],"wp:term":[{"taxonomy":"category","embeddable":true,"href":"https:\/\/elmetropolitano.com.gt\/es\/wp-json\/wp\/v2\/categories?post=94954"},{"taxonomy":"post_tag","embeddable":true,"href":"https:\/\/elmetropolitano.com.gt\/es\/wp-json\/wp\/v2\/tags?post=94954"}],"curies":[{"name":"wp","href":"https:\/\/api.w.org\/{rel}","templated":true}]}}