{"id":94979,"date":"2025-01-09T15:40:43","date_gmt":"2025-01-09T21:40:43","guid":{"rendered":"https:\/\/elmetropolitano.com.gt\/es\/?p=94979"},"modified":"2025-01-09T15:40:43","modified_gmt":"2025-01-09T21:40:43","slug":"asesinan-a-adolescente-con-arma-de-fuego-en-estanzuela-zacapa","status":"publish","type":"post","link":"https:\/\/elmetropolitano.com.gt\/es\/asesinan-a-adolescente-con-arma-de-fuego-en-estanzuela-zacapa\/","title":{"rendered":"Asesinan a adolescente con arma de fuego en Estanzuela, Zacapa"},"content":{"rendered":"\n<p>Vecinos encontraron esta ma\u00f1ana sobre una calle de terracer\u00eda de la colonia San Francisco del municipio de Estanzuela, Zacapa el cuerpo del estudiante Edgar Leonardo Gald\u00e1mez de15 a\u00f1os con se\u00f1ales de violencia.<\/p>\n\n\n\n<p>Con <a><\/a>el paso de los minutos su madre lleg\u00f3 al lugar del asesinato del adolescente expresando \u201c\u00a1Ay mi hijo Dios m\u00edo! \u00a1Mi criatura se\u00f1or!\u00bb<\/p><div class=\"elmet-contenido\" id=\"elmet-3185649403\"><div class=\"elmet-adlabel\">Anuncios<\/div><div style=\"margin-top: 20px;margin-right: 20px;margin-bottom: 20px;margin-left: 20px;\" id=\"elmet-416261037\"><a href=\"https:\/\/www.facebook.com\/arrincuanantigua\/\" aria-label=\"cintillo-arrin-cual\"><img loading=\"lazy\" decoding=\"async\" src=\"https:\/\/elmetropolitano.com.gt\/es\/wp-content\/uploads\/2021\/11\/cintillo-arrin-cual-1.jpg\" alt=\"\"  srcset=\"https:\/\/elmetropolitano.com.gt\/es\/wp-content\/uploads\/2021\/11\/cintillo-arrin-cual-1.jpg 750w, https:\/\/elmetropolitano.com.gt\/es\/wp-content\/uploads\/2021\/11\/cintillo-arrin-cual-1-300x36.jpg 300w, https:\/\/elmetropolitano.com.gt\/es\/wp-content\/uploads\/2021\/11\/cintillo-arrin-cual-1-600x72.jpg 600w\" sizes=\"(max-width: 750px) 100vw, 750px\" width=\"750\" height=\"90\"   \/><\/a><\/div><\/div>\n\n\n\n<p>Bomberos Voluntarios de la 79 compa\u00f1\u00eda y agentes de la Polic\u00eda Nacional Civil PNC llegaron hasta el lugar y despu\u00e9s los t\u00e9cnicos del Ministerio Publico MP para levantar las evidencias para las investigaciones.<\/p>\n\n\n\n<p>Familiares indicaron que el adolescente cursar\u00eda este a\u00f1o tercero b\u00e1sico; asimismo, expresaron que el mi\u00e9rcoles \u00faltimo recibi\u00f3 una llamada a eso de las 23:00 horas, sali\u00f3 de casa y no supieron m\u00e1s de \u00e9l hasta este d\u00eda.<\/p>\n\n\n\n<p>Con este crimen se contabilizan cuatro asesinatos con arma de fuego en el departamento en lo que va del a\u00f1o<\/p>\n\n\n\n<p><a href=\"https:\/\/www.facebook.com\/hashtag\/estanzuela?__eep__=6&amp;__cft__[0]=AZWrPigy5kDJrqfrGx3bMazmgusJdl0ORYU7k8_zLr7_crPl2WfTo2YppvkI1L5IWSlsWjxG1Zc2XqtPptd-44qeEUwfaBqtfI49Co87GFtTtntdAPZD-OAx2wSBHipLZv54lpmAKKY4j9dQ1g1i_Zf95sTI6_XI7dDqnllbcHidt4r8FhyR--MbU-zfvUPXT2s&amp;__tn__=*NK-R\">#Estanzuela<\/a><a href=\"https:\/\/www.facebook.com\/hashtag\/violencia?__eep__=6&amp;__cft__[0]=AZWrPigy5kDJrqfrGx3bMazmgusJdl0ORYU7k8_zLr7_crPl2WfTo2YppvkI1L5IWSlsWjxG1Zc2XqtPptd-44qeEUwfaBqtfI49Co87GFtTtntdAPZD-OAx2wSBHipLZv54lpmAKKY4j9dQ1g1i_Zf95sTI6_XI7dDqnllbcHidt4r8FhyR--MbU-zfvUPXT2s&amp;__tn__=*NK-R\">#Violencia<\/a><a href=\"https:\/\/www.facebook.com\/hashtag\/metroredes?__eep__=6&amp;__cft__[0]=AZWrPigy5kDJrqfrGx3bMazmgusJdl0ORYU7k8_zLr7_crPl2WfTo2YppvkI1L5IWSlsWjxG1Zc2XqtPptd-44qeEUwfaBqtfI49Co87GFtTtntdAPZD-OAx2wSBHipLZv54lpmAKKY4j9dQ1g1i_Zf95sTI6_XI7dDqnllbcHidt4r8FhyR--MbU-zfvUPXT2s&amp;__tn__=*NK-R\">#metroredes<\/a><a href=\"https:\/\/www.facebook.com\/hashtag\/zacapa?__eep__=6&amp;__cft__[0]=AZWrPigy5kDJrqfrGx3bMazmgusJdl0ORYU7k8_zLr7_crPl2WfTo2YppvkI1L5IWSlsWjxG1Zc2XqtPptd-44qeEUwfaBqtfI49Co87GFtTtntdAPZD-OAx2wSBHipLZv54lpmAKKY4j9dQ1g1i_Zf95sTI6_XI7dDqnllbcHidt4r8FhyR--MbU-zfvUPXT2s&amp;__tn__=*NK-R\">#Zacapa<\/a><a href=\"https:\/\/www.facebook.com\/hashtag\/pncguatemala?__eep__=6&amp;__cft__[0]=AZWrPigy5kDJrqfrGx3bMazmgusJdl0ORYU7k8_zLr7_crPl2WfTo2YppvkI1L5IWSlsWjxG1Zc2XqtPptd-44qeEUwfaBqtfI49Co87GFtTtntdAPZD-OAx2wSBHipLZv54lpmAKKY4j9dQ1g1i_Zf95sTI6_XI7dDqnllbcHidt4r8FhyR--MbU-zfvUPXT2s&amp;__tn__=*NK-R\">#PNCGuatemala<\/a><a href=\"https:\/\/www.facebook.com\/hashtag\/mpfuerteyfirme?__eep__=6&amp;__cft__[0]=AZWrPigy5kDJrqfrGx3bMazmgusJdl0ORYU7k8_zLr7_crPl2WfTo2YppvkI1L5IWSlsWjxG1Zc2XqtPptd-44qeEUwfaBqtfI49Co87GFtTtntdAPZD-OAx2wSBHipLZv54lpmAKKY4j9dQ1g1i_Zf95sTI6_XI7dDqnllbcHidt4r8FhyR--MbU-zfvUPXT2s&amp;__tn__=*NK-R\">#MPfuerteYfirme<\/a><\/p>\n\n\n\n<figure class=\"wp-block-gallery has-nested-images columns-default is-cropped wp-block-gallery-1 is-layout-flex wp-block-gallery-is-layout-flex\">\n<figure class=\"wp-block-image size-large\"><img loading=\"lazy\" decoding=\"async\" width=\"720\" height=\"405\" data-id=\"94982\" src=\"https:\/\/elmetropolitano.com.gt\/es\/wp-content\/uploads\/2025\/01\/472846453_1117829707009778_4198515159980988667_n.jpg\" alt=\"\" class=\"wp-image-94982\" srcset=\"https:\/\/elmetropolitano.com.gt\/es\/wp-content\/uploads\/2025\/01\/472846453_1117829707009778_4198515159980988667_n.jpg 720w, https:\/\/elmetropolitano.com.gt\/es\/wp-content\/uploads\/2025\/01\/472846453_1117829707009778_4198515159980988667_n-300x169.jpg 300w\" sizes=\"auto, (max-width: 720px) 100vw, 720px\" \/><\/figure>\n\n\n\n<figure class=\"wp-block-image size-large\"><img loading=\"lazy\" decoding=\"async\" width=\"1024\" height=\"768\" data-id=\"94985\" src=\"https:\/\/elmetropolitano.com.gt\/es\/wp-content\/uploads\/2025\/01\/472903181_1117829820343100_7858478019216617727_n-1024x768.jpg\" alt=\"\" class=\"wp-image-94985\" srcset=\"https:\/\/elmetropolitano.com.gt\/es\/wp-content\/uploads\/2025\/01\/472903181_1117829820343100_7858478019216617727_n-1024x768.jpg 1024w, https:\/\/elmetropolitano.com.gt\/es\/wp-content\/uploads\/2025\/01\/472903181_1117829820343100_7858478019216617727_n-300x225.jpg 300w, https:\/\/elmetropolitano.com.gt\/es\/wp-content\/uploads\/2025\/01\/472903181_1117829820343100_7858478019216617727_n-768x576.jpg 768w, https:\/\/elmetropolitano.com.gt\/es\/wp-content\/uploads\/2025\/01\/472903181_1117829820343100_7858478019216617727_n.jpg 1280w\" sizes=\"auto, (max-width: 1024px) 100vw, 1024px\" \/><\/figure>\n\n\n\n<figure class=\"wp-block-image size-large\"><img loading=\"lazy\" decoding=\"async\" width=\"720\" height=\"925\" data-id=\"94983\" src=\"https:\/\/elmetropolitano.com.gt\/es\/wp-content\/uploads\/2025\/01\/472935582_1117829487009800_6476554212193085445_n-1.jpg\" alt=\"\" class=\"wp-image-94983\" srcset=\"https:\/\/elmetropolitano.com.gt\/es\/wp-content\/uploads\/2025\/01\/472935582_1117829487009800_6476554212193085445_n-1.jpg 720w, https:\/\/elmetropolitano.com.gt\/es\/wp-content\/uploads\/2025\/01\/472935582_1117829487009800_6476554212193085445_n-1-234x300.jpg 234w\" sizes=\"auto, (max-width: 720px) 100vw, 720px\" \/><\/figure>\n\n\n\n<figure class=\"wp-block-image size-large\"><img loading=\"lazy\" decoding=\"async\" width=\"719\" height=\"405\" data-id=\"94981\" src=\"https:\/\/elmetropolitano.com.gt\/es\/wp-content\/uploads\/2025\/01\/472977064_1117829490343133_2460397299037696712_n.jpg\" alt=\"\" class=\"wp-image-94981\" srcset=\"https:\/\/elmetropolitano.com.gt\/es\/wp-content\/uploads\/2025\/01\/472977064_1117829490343133_2460397299037696712_n.jpg 719w, https:\/\/elmetropolitano.com.gt\/es\/wp-content\/uploads\/2025\/01\/472977064_1117829490343133_2460397299037696712_n-300x169.jpg 300w\" sizes=\"auto, (max-width: 719px) 100vw, 719px\" \/><\/figure>\n\n\n\n<figure class=\"wp-block-image size-large\"><img loading=\"lazy\" decoding=\"async\" width=\"720\" height=\"405\" data-id=\"94984\" src=\"https:\/\/elmetropolitano.com.gt\/es\/wp-content\/uploads\/2025\/01\/473027418_1117829613676454_3458925109077406251_n.jpg\" alt=\"\" class=\"wp-image-94984\" srcset=\"https:\/\/elmetropolitano.com.gt\/es\/wp-content\/uploads\/2025\/01\/473027418_1117829613676454_3458925109077406251_n.jpg 720w, https:\/\/elmetropolitano.com.gt\/es\/wp-content\/uploads\/2025\/01\/473027418_1117829613676454_3458925109077406251_n-300x169.jpg 300w\" sizes=\"auto, (max-width: 720px) 100vw, 720px\" \/><\/figure>\n<\/figure>\n","protected":false},"excerpt":{"rendered":"<p>Vecinos encontraron esta ma\u00f1ana sobre una calle de terracer\u00eda de la colonia San Francisco del municipio de Estanzuela, Zacapa el cuerpo del estudiante Edgar Leonardo Gald\u00e1mez de15 a\u00f1os con se\u00f1ales de violencia. Con el paso de los minutos su madre lleg\u00f3 al lugar del asesinato del adolescente expresando \u201c\u00a1Ay mi hijo Dios m\u00edo! \u00a1Mi criatura <a class=\"read-more\" href=\"https:\/\/elmetropolitano.com.gt\/es\/asesinan-a-adolescente-con-arma-de-fuego-en-estanzuela-zacapa\/\">Leer m\u00e1s<\/a><\/p>\n","protected":false},"author":1,"featured_media":94980,"comment_status":"open","ping_status":"closed","sticky":false,"template":"","format":"standard","meta":{"footnotes":""},"categories":[4],"tags":[13],"class_list":["post-94979","post","type-post","status-publish","format-standard","has-post-thumbnail","hentry","category-departamentales","tag-departamentales"],"_links":{"self":[{"href":"https:\/\/elmetropolitano.com.gt\/es\/wp-json\/wp\/v2\/posts\/94979","targetHints":{"allow":["GET"]}}],"collection":[{"href":"https:\/\/elmetropolitano.com.gt\/es\/wp-json\/wp\/v2\/posts"}],"about":[{"href":"https:\/\/elmetropolitano.com.gt\/es\/wp-json\/wp\/v2\/types\/post"}],"author":[{"embeddable":true,"href":"https:\/\/elmetropolitano.com.gt\/es\/wp-json\/wp\/v2\/users\/1"}],"replies":[{"embeddable":true,"href":"https:\/\/elmetropolitano.com.gt\/es\/wp-json\/wp\/v2\/comments?post=94979"}],"version-history":[{"count":1,"href":"https:\/\/elmetropolitano.com.gt\/es\/wp-json\/wp\/v2\/posts\/94979\/revisions"}],"predecessor-version":[{"id":94986,"href":"https:\/\/elmetropolitano.com.gt\/es\/wp-json\/wp\/v2\/posts\/94979\/revisions\/94986"}],"wp:featuredmedia":[{"embeddable":true,"href":"https:\/\/elmetropolitano.com.gt\/es\/wp-json\/wp\/v2\/media\/94980"}],"wp:attachment":[{"href":"https:\/\/elmetropolitano.com.gt\/es\/wp-json\/wp\/v2\/media?parent=94979"}],"wp:term":[{"taxonomy":"category","embeddable":true,"href":"https:\/\/elmetropolitano.com.gt\/es\/wp-json\/wp\/v2\/categories?post=94979"},{"taxonomy":"post_tag","embeddable":true,"href":"https:\/\/elmetropolitano.com.gt\/es\/wp-json\/wp\/v2\/tags?post=94979"}],"curies":[{"name":"wp","href":"https:\/\/api.w.org\/{rel}","templated":true}]}}