{"id":95175,"date":"2025-01-12T15:21:07","date_gmt":"2025-01-12T21:21:07","guid":{"rendered":"https:\/\/elmetropolitano.com.gt\/es\/?p=95175"},"modified":"2025-01-12T15:21:08","modified_gmt":"2025-01-12T21:21:08","slug":"frustran-intento-de-fuga-en-granja-canada-por-parte-de-reos-vinculados-a-los-pasacos","status":"publish","type":"post","link":"https:\/\/elmetropolitano.com.gt\/es\/frustran-intento-de-fuga-en-granja-canada-por-parte-de-reos-vinculados-a-los-pasacos\/","title":{"rendered":"Frustran intento de fuga en Granja Canad\u00e1 por parte de reos vinculados a \u201cLos Pasacos\u201d"},"content":{"rendered":"\n<p>En la Granja Modelo de Rehabilitaci\u00f3n Canad\u00e1, Escuintla, varias discusiones en el interior del lugar alertaron a los guardias del Sistema Penitenciario, quienes identificaron a un privado de libertad como Jos\u00e9 Antonio L\u00f3pez Urrutia, de 30 a\u00f1os, cumple condena desde el 21 de enero del 2013 por los delitos de Plagio o Secuestro, Robo y Robo Agravado, portando un costal con 5 <a><\/a>uniformes completos y equipo org\u00e1nico de uso exclusivo de guardias del Sistema Penitenciario.<\/p>\n\n\n\n<p>Los guardias solicitaron la presencia de la Polic\u00eda Nacional Civil PNC, indic\u00e1ndoles que el reo Jos\u00e9 L\u00f3pez confes\u00f3 que 5 reos m\u00e1s, entre ellos Walter Barahona, quien figura como l\u00edder de la banda de secuestradores \u201clos Pasacos\u201d tambi\u00e9n formaban parte del plan de fuga. Barahona cumple condena por asesinato y secuestro con 50 a\u00f1os de c\u00e1rcel.<\/p><div class=\"elmet-contenido\" id=\"elmet-3915534690\"><div class=\"elmet-adlabel\">Anuncios<\/div><div style=\"margin-top: 20px;margin-right: 20px;margin-bottom: 20px;margin-left: 20px;\" id=\"elmet-3281614616\"><a href=\"https:\/\/www.facebook.com\/arrincuanantigua\/\" aria-label=\"cintillo-arrin-cual\"><img loading=\"lazy\" decoding=\"async\" src=\"https:\/\/elmetropolitano.com.gt\/es\/wp-content\/uploads\/2021\/11\/cintillo-arrin-cual-1.jpg\" alt=\"\"  srcset=\"https:\/\/elmetropolitano.com.gt\/es\/wp-content\/uploads\/2021\/11\/cintillo-arrin-cual-1.jpg 750w, https:\/\/elmetropolitano.com.gt\/es\/wp-content\/uploads\/2021\/11\/cintillo-arrin-cual-1-300x36.jpg 300w, https:\/\/elmetropolitano.com.gt\/es\/wp-content\/uploads\/2021\/11\/cintillo-arrin-cual-1-600x72.jpg 600w\" sizes=\"(max-width: 750px) 100vw, 750px\" width=\"750\" height=\"90\"   \/><\/a><\/div><\/div>\n\n\n\n<p><a href=\"https:\/\/www.facebook.com\/hashtag\/pncdeguatemala?__eep__=6&amp;__cft__[0]=AZXxBPHnSioPG56lOdHxuO-GkDqtt26d8SdyZRJELcAP6En2n-GIZDSpcvT9BNa4rk-qCNtMOmeQaCdFRbKRCKyWsz3xEG_6VK_MpMX2SzQ6jnH6-P57aglvFoYnBNqCB7ujPrLCU2AevMBMqGWksv7Zfkl3YepLvdjcK-gbLFnNSzq6lDpy9kPuloDXRE3ddOY&amp;__tn__=*NK-R\">#PNCdeGuatemala<\/a><a href=\"https:\/\/www.facebook.com\/hashtag\/metroredes?__eep__=6&amp;__cft__[0]=AZXxBPHnSioPG56lOdHxuO-GkDqtt26d8SdyZRJELcAP6En2n-GIZDSpcvT9BNa4rk-qCNtMOmeQaCdFRbKRCKyWsz3xEG_6VK_MpMX2SzQ6jnH6-P57aglvFoYnBNqCB7ujPrLCU2AevMBMqGWksv7Zfkl3YepLvdjcK-gbLFnNSzq6lDpy9kPuloDXRE3ddOY&amp;__tn__=*NK-R\">#metroredes<\/a> <a href=\"https:\/\/www.facebook.com\/hashtag\/laseguridadeshoy?__eep__=6&amp;__cft__[0]=AZXxBPHnSioPG56lOdHxuO-GkDqtt26d8SdyZRJELcAP6En2n-GIZDSpcvT9BNa4rk-qCNtMOmeQaCdFRbKRCKyWsz3xEG_6VK_MpMX2SzQ6jnH6-P57aglvFoYnBNqCB7ujPrLCU2AevMBMqGWksv7Zfkl3YepLvdjcK-gbLFnNSzq6lDpy9kPuloDXRE3ddOY&amp;__tn__=*NK-R\">#LaSeguridadEsHoy<\/a><a href=\"https:\/\/www.facebook.com\/hashtag\/fuja?__eep__=6&amp;__cft__[0]=AZXxBPHnSioPG56lOdHxuO-GkDqtt26d8SdyZRJELcAP6En2n-GIZDSpcvT9BNa4rk-qCNtMOmeQaCdFRbKRCKyWsz3xEG_6VK_MpMX2SzQ6jnH6-P57aglvFoYnBNqCB7ujPrLCU2AevMBMqGWksv7Zfkl3YepLvdjcK-gbLFnNSzq6lDpy9kPuloDXRE3ddOY&amp;__tn__=*NK-R\">#Fuja<\/a><\/p>\n\n\n\n<figure class=\"wp-block-gallery has-nested-images columns-default is-cropped wp-block-gallery-1 is-layout-flex wp-block-gallery-is-layout-flex\">\n<figure class=\"wp-block-image size-large\"><img loading=\"lazy\" decoding=\"async\" width=\"650\" height=\"720\" data-id=\"95178\" src=\"https:\/\/elmetropolitano.com.gt\/es\/wp-content\/uploads\/2025\/01\/471785407_1119719033487512_1514145103892343554_n.jpg\" alt=\"\" class=\"wp-image-95178\" srcset=\"https:\/\/elmetropolitano.com.gt\/es\/wp-content\/uploads\/2025\/01\/471785407_1119719033487512_1514145103892343554_n.jpg 650w, https:\/\/elmetropolitano.com.gt\/es\/wp-content\/uploads\/2025\/01\/471785407_1119719033487512_1514145103892343554_n-271x300.jpg 271w\" sizes=\"auto, (max-width: 650px) 100vw, 650px\" \/><\/figure>\n\n\n\n<figure class=\"wp-block-image size-large\"><img loading=\"lazy\" decoding=\"async\" width=\"804\" height=\"730\" data-id=\"95179\" src=\"https:\/\/elmetropolitano.com.gt\/es\/wp-content\/uploads\/2025\/01\/472431999_1119719056820843_759717379654299658_n.jpg\" alt=\"\" class=\"wp-image-95179\" srcset=\"https:\/\/elmetropolitano.com.gt\/es\/wp-content\/uploads\/2025\/01\/472431999_1119719056820843_759717379654299658_n.jpg 804w, https:\/\/elmetropolitano.com.gt\/es\/wp-content\/uploads\/2025\/01\/472431999_1119719056820843_759717379654299658_n-300x272.jpg 300w, https:\/\/elmetropolitano.com.gt\/es\/wp-content\/uploads\/2025\/01\/472431999_1119719056820843_759717379654299658_n-768x697.jpg 768w\" sizes=\"auto, (max-width: 804px) 100vw, 804px\" \/><\/figure>\n\n\n\n<figure class=\"wp-block-image size-large\"><img loading=\"lazy\" decoding=\"async\" width=\"720\" height=\"604\" data-id=\"95177\" src=\"https:\/\/elmetropolitano.com.gt\/es\/wp-content\/uploads\/2025\/01\/472525483_1119719106820838_8140941749105996407_n.jpg\" alt=\"\" class=\"wp-image-95177\" srcset=\"https:\/\/elmetropolitano.com.gt\/es\/wp-content\/uploads\/2025\/01\/472525483_1119719106820838_8140941749105996407_n.jpg 720w, https:\/\/elmetropolitano.com.gt\/es\/wp-content\/uploads\/2025\/01\/472525483_1119719106820838_8140941749105996407_n-300x252.jpg 300w\" sizes=\"auto, (max-width: 720px) 100vw, 720px\" \/><\/figure>\n\n\n\n<figure class=\"wp-block-image size-large\"><img loading=\"lazy\" decoding=\"async\" width=\"792\" height=\"1024\" data-id=\"95181\" src=\"https:\/\/elmetropolitano.com.gt\/es\/wp-content\/uploads\/2025\/01\/473092024_1119719256820823_4450032678298124915_n-792x1024.jpg\" alt=\"\" class=\"wp-image-95181\" srcset=\"https:\/\/elmetropolitano.com.gt\/es\/wp-content\/uploads\/2025\/01\/473092024_1119719256820823_4450032678298124915_n-792x1024.jpg 792w, https:\/\/elmetropolitano.com.gt\/es\/wp-content\/uploads\/2025\/01\/473092024_1119719256820823_4450032678298124915_n-232x300.jpg 232w, https:\/\/elmetropolitano.com.gt\/es\/wp-content\/uploads\/2025\/01\/473092024_1119719256820823_4450032678298124915_n-768x992.jpg 768w, https:\/\/elmetropolitano.com.gt\/es\/wp-content\/uploads\/2025\/01\/473092024_1119719256820823_4450032678298124915_n.jpg 1153w\" sizes=\"auto, (max-width: 792px) 100vw, 792px\" \/><\/figure>\n\n\n\n<figure class=\"wp-block-image size-large\"><img loading=\"lazy\" decoding=\"async\" width=\"1024\" height=\"978\" data-id=\"95180\" src=\"https:\/\/elmetropolitano.com.gt\/es\/wp-content\/uploads\/2025\/01\/473124587_1119719223487493_2939151711324016018_n-1-1024x978.jpg\" alt=\"\" class=\"wp-image-95180\" srcset=\"https:\/\/elmetropolitano.com.gt\/es\/wp-content\/uploads\/2025\/01\/473124587_1119719223487493_2939151711324016018_n-1-1024x978.jpg 1024w, https:\/\/elmetropolitano.com.gt\/es\/wp-content\/uploads\/2025\/01\/473124587_1119719223487493_2939151711324016018_n-1-300x287.jpg 300w, https:\/\/elmetropolitano.com.gt\/es\/wp-content\/uploads\/2025\/01\/473124587_1119719223487493_2939151711324016018_n-1-768x733.jpg 768w, https:\/\/elmetropolitano.com.gt\/es\/wp-content\/uploads\/2025\/01\/473124587_1119719223487493_2939151711324016018_n-1.jpg 1200w\" sizes=\"auto, (max-width: 1024px) 100vw, 1024px\" \/><\/figure>\n<\/figure>\n","protected":false},"excerpt":{"rendered":"<p>En la Granja Modelo de Rehabilitaci\u00f3n Canad\u00e1, Escuintla, varias discusiones en el interior del lugar alertaron a los guardias del Sistema Penitenciario, quienes identificaron a un privado de libertad como Jos\u00e9 Antonio L\u00f3pez Urrutia, de 30 a\u00f1os, cumple condena desde el 21 de enero del 2013 por los delitos de Plagio o Secuestro, Robo y <a class=\"read-more\" href=\"https:\/\/elmetropolitano.com.gt\/es\/frustran-intento-de-fuga-en-granja-canada-por-parte-de-reos-vinculados-a-los-pasacos\/\">Leer m\u00e1s<\/a><\/p>\n","protected":false},"author":1,"featured_media":95176,"comment_status":"open","ping_status":"closed","sticky":false,"template":"","format":"standard","meta":{"footnotes":""},"categories":[4],"tags":[13],"class_list":["post-95175","post","type-post","status-publish","format-standard","has-post-thumbnail","hentry","category-departamentales","tag-departamentales"],"_links":{"self":[{"href":"https:\/\/elmetropolitano.com.gt\/es\/wp-json\/wp\/v2\/posts\/95175","targetHints":{"allow":["GET"]}}],"collection":[{"href":"https:\/\/elmetropolitano.com.gt\/es\/wp-json\/wp\/v2\/posts"}],"about":[{"href":"https:\/\/elmetropolitano.com.gt\/es\/wp-json\/wp\/v2\/types\/post"}],"author":[{"embeddable":true,"href":"https:\/\/elmetropolitano.com.gt\/es\/wp-json\/wp\/v2\/users\/1"}],"replies":[{"embeddable":true,"href":"https:\/\/elmetropolitano.com.gt\/es\/wp-json\/wp\/v2\/comments?post=95175"}],"version-history":[{"count":1,"href":"https:\/\/elmetropolitano.com.gt\/es\/wp-json\/wp\/v2\/posts\/95175\/revisions"}],"predecessor-version":[{"id":95182,"href":"https:\/\/elmetropolitano.com.gt\/es\/wp-json\/wp\/v2\/posts\/95175\/revisions\/95182"}],"wp:featuredmedia":[{"embeddable":true,"href":"https:\/\/elmetropolitano.com.gt\/es\/wp-json\/wp\/v2\/media\/95176"}],"wp:attachment":[{"href":"https:\/\/elmetropolitano.com.gt\/es\/wp-json\/wp\/v2\/media?parent=95175"}],"wp:term":[{"taxonomy":"category","embeddable":true,"href":"https:\/\/elmetropolitano.com.gt\/es\/wp-json\/wp\/v2\/categories?post=95175"},{"taxonomy":"post_tag","embeddable":true,"href":"https:\/\/elmetropolitano.com.gt\/es\/wp-json\/wp\/v2\/tags?post=95175"}],"curies":[{"name":"wp","href":"https:\/\/api.w.org\/{rel}","templated":true}]}}