{"id":95183,"date":"2025-01-12T15:25:19","date_gmt":"2025-01-12T21:25:19","guid":{"rendered":"https:\/\/elmetropolitano.com.gt\/es\/?p=95183"},"modified":"2025-01-12T15:25:19","modified_gmt":"2025-01-12T21:25:19","slug":"periodista-muere-atropellado-mientras-cubria-una-emergencia-en-chicacao","status":"publish","type":"post","link":"https:\/\/elmetropolitano.com.gt\/es\/periodista-muere-atropellado-mientras-cubria-una-emergencia-en-chicacao\/","title":{"rendered":"Periodista muere atropellado mientras cubr\u00eda una emergencia en Chicacao"},"content":{"rendered":"\n<p>Arsenio L\u00f3pez, periodista de 26 a\u00f1os, falleci\u00f3 este s\u00e1bado en el kil\u00f3metro 147.5 de la <a><\/a>aldea Nahualate, en Chicacao, Suchitep\u00e9quez.<\/p>\n\n\n\n<p>El comunicador social transmit\u00eda una emergencia de Bomberos Municipales cuando fue arrollado por una motocicleta que, seg\u00fan testigos, hu\u00eda tras otro incidente vial.<\/p><div class=\"elmet-contenido\" id=\"elmet-1744977973\"><div class=\"elmet-adlabel\">Anuncios<\/div><div style=\"margin-top: 20px;margin-right: 20px;margin-bottom: 20px;margin-left: 20px;\" id=\"elmet-1124871932\"><a href=\"https:\/\/www.facebook.com\/arrincuanantigua\/\" aria-label=\"cintillo-arrin-cual\"><img loading=\"lazy\" decoding=\"async\" src=\"https:\/\/elmetropolitano.com.gt\/es\/wp-content\/uploads\/2021\/11\/cintillo-arrin-cual-1.jpg\" alt=\"\"  srcset=\"https:\/\/elmetropolitano.com.gt\/es\/wp-content\/uploads\/2021\/11\/cintillo-arrin-cual-1.jpg 750w, https:\/\/elmetropolitano.com.gt\/es\/wp-content\/uploads\/2021\/11\/cintillo-arrin-cual-1-300x36.jpg 300w, https:\/\/elmetropolitano.com.gt\/es\/wp-content\/uploads\/2021\/11\/cintillo-arrin-cual-1-600x72.jpg 600w\" sizes=\"(max-width: 750px) 100vw, 750px\" width=\"750\" height=\"90\"   \/><\/a><\/div><\/div>\n\n\n\n<p>L\u00f3pez cubr\u00eda un accidente de tr\u00e1nsito ocurrido momentos antes en la misma aldea. Las autoridades investigan el hecho y buscan al responsable, quien habr\u00eda escapado del lugar tras el atropello.<\/p>\n\n\n\n<p><a href=\"https:\/\/www.facebook.com\/hashtag\/tragedia?__eep__=6&amp;__cft__[0]=AZXqUfaldxgZ2jtv3h7gZjqhPkvjWJ1rUDgnY4_Z-VOtJd2vNpyBN7Rp8QIsn6xG4bpPjmnWp3x56UTx-cOkWld-VcMIBW3I0-liLTYKws1EEILaeUXXi_7O4VKff72viYoMliBevWBDp3Egd4EXVk0bzi-OMj9gAk15HrWozdacOG6Z6Au9LRVQrEoJmjtZWeH1vkNt9cQGh_HbMoyOu5DySFODtxgcrUG6cSxdj3adPQ&amp;__tn__=*NK-y-R\">#Tragedia<\/a><\/p>\n\n\n\n<figure class=\"wp-block-gallery has-nested-images columns-default is-cropped wp-block-gallery-1 is-layout-flex wp-block-gallery-is-layout-flex\">\n<figure class=\"wp-block-image size-large\"><img loading=\"lazy\" decoding=\"async\" width=\"960\" height=\"952\" data-id=\"95185\" src=\"https:\/\/elmetropolitano.com.gt\/es\/wp-content\/uploads\/2025\/01\/472869438_936063135169566_3026711729565985869_n-1.jpg\" alt=\"\" class=\"wp-image-95185\" srcset=\"https:\/\/elmetropolitano.com.gt\/es\/wp-content\/uploads\/2025\/01\/472869438_936063135169566_3026711729565985869_n-1.jpg 960w, https:\/\/elmetropolitano.com.gt\/es\/wp-content\/uploads\/2025\/01\/472869438_936063135169566_3026711729565985869_n-1-300x298.jpg 300w, https:\/\/elmetropolitano.com.gt\/es\/wp-content\/uploads\/2025\/01\/472869438_936063135169566_3026711729565985869_n-1-150x150.jpg 150w, https:\/\/elmetropolitano.com.gt\/es\/wp-content\/uploads\/2025\/01\/472869438_936063135169566_3026711729565985869_n-1-768x762.jpg 768w\" sizes=\"auto, (max-width: 960px) 100vw, 960px\" \/><\/figure>\n\n\n\n<figure class=\"wp-block-image size-large\"><img loading=\"lazy\" decoding=\"async\" width=\"960\" height=\"960\" data-id=\"95186\" src=\"https:\/\/elmetropolitano.com.gt\/es\/wp-content\/uploads\/2025\/01\/473013037_936063115169568_6695833483781766642_n.jpg\" alt=\"\" class=\"wp-image-95186\" srcset=\"https:\/\/elmetropolitano.com.gt\/es\/wp-content\/uploads\/2025\/01\/473013037_936063115169568_6695833483781766642_n.jpg 960w, https:\/\/elmetropolitano.com.gt\/es\/wp-content\/uploads\/2025\/01\/473013037_936063115169568_6695833483781766642_n-300x300.jpg 300w, https:\/\/elmetropolitano.com.gt\/es\/wp-content\/uploads\/2025\/01\/473013037_936063115169568_6695833483781766642_n-150x150.jpg 150w, https:\/\/elmetropolitano.com.gt\/es\/wp-content\/uploads\/2025\/01\/473013037_936063115169568_6695833483781766642_n-768x768.jpg 768w\" sizes=\"auto, (max-width: 960px) 100vw, 960px\" \/><\/figure>\n\n\n\n<figure class=\"wp-block-image size-large\"><img loading=\"lazy\" decoding=\"async\" width=\"658\" height=\"658\" data-id=\"95187\" src=\"https:\/\/elmetropolitano.com.gt\/es\/wp-content\/uploads\/2025\/01\/473071357_936063065169573_2910015726021559806_n.jpg\" alt=\"\" class=\"wp-image-95187\" srcset=\"https:\/\/elmetropolitano.com.gt\/es\/wp-content\/uploads\/2025\/01\/473071357_936063065169573_2910015726021559806_n.jpg 658w, https:\/\/elmetropolitano.com.gt\/es\/wp-content\/uploads\/2025\/01\/473071357_936063065169573_2910015726021559806_n-300x300.jpg 300w, https:\/\/elmetropolitano.com.gt\/es\/wp-content\/uploads\/2025\/01\/473071357_936063065169573_2910015726021559806_n-150x150.jpg 150w\" sizes=\"auto, (max-width: 658px) 100vw, 658px\" \/><\/figure>\n\n\n\n<figure class=\"wp-block-image size-large\"><img loading=\"lazy\" decoding=\"async\" width=\"768\" height=\"1024\" data-id=\"95188\" src=\"https:\/\/elmetropolitano.com.gt\/es\/wp-content\/uploads\/2025\/01\/473132337_936063808502832_5841205764756010307_n-768x1024.jpg\" alt=\"\" class=\"wp-image-95188\" srcset=\"https:\/\/elmetropolitano.com.gt\/es\/wp-content\/uploads\/2025\/01\/473132337_936063808502832_5841205764756010307_n-768x1024.jpg 768w, https:\/\/elmetropolitano.com.gt\/es\/wp-content\/uploads\/2025\/01\/473132337_936063808502832_5841205764756010307_n-225x300.jpg 225w, https:\/\/elmetropolitano.com.gt\/es\/wp-content\/uploads\/2025\/01\/473132337_936063808502832_5841205764756010307_n.jpg 1080w\" sizes=\"auto, (max-width: 768px) 100vw, 768px\" \/><\/figure>\n<\/figure>\n","protected":false},"excerpt":{"rendered":"<p>Arsenio L\u00f3pez, periodista de 26 a\u00f1os, falleci\u00f3 este s\u00e1bado en el kil\u00f3metro 147.5 de la aldea Nahualate, en Chicacao, Suchitep\u00e9quez. El comunicador social transmit\u00eda una emergencia de Bomberos Municipales cuando fue arrollado por una motocicleta que, seg\u00fan testigos, hu\u00eda tras otro incidente vial. L\u00f3pez cubr\u00eda un accidente de tr\u00e1nsito ocurrido momentos antes en la misma <a class=\"read-more\" href=\"https:\/\/elmetropolitano.com.gt\/es\/periodista-muere-atropellado-mientras-cubria-una-emergencia-en-chicacao\/\">Leer m\u00e1s<\/a><\/p>\n","protected":false},"author":1,"featured_media":95184,"comment_status":"open","ping_status":"closed","sticky":false,"template":"","format":"standard","meta":{"footnotes":""},"categories":[4],"tags":[13],"class_list":["post-95183","post","type-post","status-publish","format-standard","has-post-thumbnail","hentry","category-departamentales","tag-departamentales"],"_links":{"self":[{"href":"https:\/\/elmetropolitano.com.gt\/es\/wp-json\/wp\/v2\/posts\/95183","targetHints":{"allow":["GET"]}}],"collection":[{"href":"https:\/\/elmetropolitano.com.gt\/es\/wp-json\/wp\/v2\/posts"}],"about":[{"href":"https:\/\/elmetropolitano.com.gt\/es\/wp-json\/wp\/v2\/types\/post"}],"author":[{"embeddable":true,"href":"https:\/\/elmetropolitano.com.gt\/es\/wp-json\/wp\/v2\/users\/1"}],"replies":[{"embeddable":true,"href":"https:\/\/elmetropolitano.com.gt\/es\/wp-json\/wp\/v2\/comments?post=95183"}],"version-history":[{"count":1,"href":"https:\/\/elmetropolitano.com.gt\/es\/wp-json\/wp\/v2\/posts\/95183\/revisions"}],"predecessor-version":[{"id":95189,"href":"https:\/\/elmetropolitano.com.gt\/es\/wp-json\/wp\/v2\/posts\/95183\/revisions\/95189"}],"wp:featuredmedia":[{"embeddable":true,"href":"https:\/\/elmetropolitano.com.gt\/es\/wp-json\/wp\/v2\/media\/95184"}],"wp:attachment":[{"href":"https:\/\/elmetropolitano.com.gt\/es\/wp-json\/wp\/v2\/media?parent=95183"}],"wp:term":[{"taxonomy":"category","embeddable":true,"href":"https:\/\/elmetropolitano.com.gt\/es\/wp-json\/wp\/v2\/categories?post=95183"},{"taxonomy":"post_tag","embeddable":true,"href":"https:\/\/elmetropolitano.com.gt\/es\/wp-json\/wp\/v2\/tags?post=95183"}],"curies":[{"name":"wp","href":"https:\/\/api.w.org\/{rel}","templated":true}]}}