{"id":95268,"date":"2025-01-14T08:53:13","date_gmt":"2025-01-14T14:53:13","guid":{"rendered":"https:\/\/elmetropolitano.com.gt\/es\/?p=95268"},"modified":"2025-01-14T08:53:14","modified_gmt":"2025-01-14T14:53:14","slug":"capturan-a-pnc-por-tener-cocaina-en-su-locker-en-la-carcel-de-jalapa","status":"publish","type":"post","link":"https:\/\/elmetropolitano.com.gt\/es\/capturan-a-pnc-por-tener-cocaina-en-su-locker-en-la-carcel-de-jalapa\/","title":{"rendered":"Capturan a PNC por tener coca\u00edna en su locker en la c\u00e1rcel de Jalapa"},"content":{"rendered":"\n<p>La Fiscal\u00eda contra el Delito de Extorsi\u00f3n del Ministerio Publico MP coordin\u00f3 la captura del agente de polic\u00eda Jos\u00e9 Manuel P\u00e9rez Veliz en la c\u00e1rcel p\u00fablica para hombres de Jalapa.<\/p>\n\n\n\n<p>P\u00e9rez Veliz es Agente de la Polic\u00eda Nacional Civil PNC y custodio de dicho centro carcelario, pero en su locker fue localizada coca\u00edna.<\/p><div class=\"elmet-contenido\" id=\"elmet-2868150927\"><div class=\"elmet-adlabel\">Anuncios<\/div><div style=\"margin-top: 20px;margin-right: 20px;margin-bottom: 20px;margin-left: 20px;\" id=\"elmet-3360271634\"><a href=\"https:\/\/www.facebook.com\/arrincuanantigua\/\" aria-label=\"cintillo-arrin-cual\"><img loading=\"lazy\" decoding=\"async\" src=\"https:\/\/elmetropolitano.com.gt\/es\/wp-content\/uploads\/2021\/11\/cintillo-arrin-cual-1.jpg\" alt=\"\"  srcset=\"https:\/\/elmetropolitano.com.gt\/es\/wp-content\/uploads\/2021\/11\/cintillo-arrin-cual-1.jpg 750w, https:\/\/elmetropolitano.com.gt\/es\/wp-content\/uploads\/2021\/11\/cintillo-arrin-cual-1-300x36.jpg 300w, https:\/\/elmetropolitano.com.gt\/es\/wp-content\/uploads\/2021\/11\/cintillo-arrin-cual-1-600x72.jpg 600w\" sizes=\"(max-width: 750px) 100vw, 750px\" width=\"750\" height=\"90\"   \/><\/a><\/div><\/div>\n\n\n\n<p>La <a><\/a>investigaci\u00f3n que el MP debe realizar ahora es si era para consumo o para venderla a los reclusos de dicha centro carcelario.<\/p>\n\n\n\n<p><a href=\"https:\/\/www.facebook.com\/hashtag\/mpfuerteyfirme?__eep__=6&amp;__cft__[0]=AZV6OrrzSbSOEY1EEjLMonHPL5gkNjknpJVJyi8L-vIKI011xGP00Yi-YYCjflKb8_C9oDAmp4d2-r3_gVBMhwrhFf3hZh1c3z5Re6BcX9kqShO4-0eHIwse5C5li0LmoSnYqONExUoeKXtyeEYgS-AslfyM2jOmH_HHHuS2FKo2Jimi0ZZ4rp3KoT6At3bAwpw&amp;__tn__=*NK-R\">#MPfuerteYfirme<\/a><a href=\"https:\/\/www.facebook.com\/hashtag\/pncdeguatemala?__eep__=6&amp;__cft__[0]=AZV6OrrzSbSOEY1EEjLMonHPL5gkNjknpJVJyi8L-vIKI011xGP00Yi-YYCjflKb8_C9oDAmp4d2-r3_gVBMhwrhFf3hZh1c3z5Re6BcX9kqShO4-0eHIwse5C5li0LmoSnYqONExUoeKXtyeEYgS-AslfyM2jOmH_HHHuS2FKo2Jimi0ZZ4rp3KoT6At3bAwpw&amp;__tn__=*NK-R\">#PNCdeGuatemala<\/a> <a href=\"https:\/\/www.facebook.com\/hashtag\/jalaoa?__eep__=6&amp;__cft__[0]=AZV6OrrzSbSOEY1EEjLMonHPL5gkNjknpJVJyi8L-vIKI011xGP00Yi-YYCjflKb8_C9oDAmp4d2-r3_gVBMhwrhFf3hZh1c3z5Re6BcX9kqShO4-0eHIwse5C5li0LmoSnYqONExUoeKXtyeEYgS-AslfyM2jOmH_HHHuS2FKo2Jimi0ZZ4rp3KoT6At3bAwpw&amp;__tn__=*NK-R\">#Jalapa<\/a><\/p>\n\n\n\n<figure class=\"wp-block-gallery has-nested-images columns-default is-cropped wp-block-gallery-1 is-layout-flex wp-block-gallery-is-layout-flex\">\n<figure class=\"wp-block-image size-large\"><img loading=\"lazy\" decoding=\"async\" width=\"1024\" height=\"473\" data-id=\"95270\" src=\"https:\/\/elmetropolitano.com.gt\/es\/wp-content\/uploads\/2025\/01\/473582550_1121116783347737_7951825804200514449_n-1024x473.jpg\" alt=\"\" class=\"wp-image-95270\" srcset=\"https:\/\/elmetropolitano.com.gt\/es\/wp-content\/uploads\/2025\/01\/473582550_1121116783347737_7951825804200514449_n-1024x473.jpg 1024w, https:\/\/elmetropolitano.com.gt\/es\/wp-content\/uploads\/2025\/01\/473582550_1121116783347737_7951825804200514449_n-300x139.jpg 300w, https:\/\/elmetropolitano.com.gt\/es\/wp-content\/uploads\/2025\/01\/473582550_1121116783347737_7951825804200514449_n-768x355.jpg 768w, https:\/\/elmetropolitano.com.gt\/es\/wp-content\/uploads\/2025\/01\/473582550_1121116783347737_7951825804200514449_n-1536x710.jpg 1536w, https:\/\/elmetropolitano.com.gt\/es\/wp-content\/uploads\/2025\/01\/473582550_1121116783347737_7951825804200514449_n.jpg 2048w\" sizes=\"auto, (max-width: 1024px) 100vw, 1024px\" \/><\/figure>\n\n\n\n<figure class=\"wp-block-image size-large\"><img loading=\"lazy\" decoding=\"async\" width=\"1024\" height=\"576\" data-id=\"95271\" src=\"https:\/\/elmetropolitano.com.gt\/es\/wp-content\/uploads\/2025\/01\/473716588_1121116790014403_7808048344943847096_n-1024x576.jpg\" alt=\"\" class=\"wp-image-95271\" srcset=\"https:\/\/elmetropolitano.com.gt\/es\/wp-content\/uploads\/2025\/01\/473716588_1121116790014403_7808048344943847096_n-1024x576.jpg 1024w, https:\/\/elmetropolitano.com.gt\/es\/wp-content\/uploads\/2025\/01\/473716588_1121116790014403_7808048344943847096_n-300x169.jpg 300w, https:\/\/elmetropolitano.com.gt\/es\/wp-content\/uploads\/2025\/01\/473716588_1121116790014403_7808048344943847096_n-768x432.jpg 768w, https:\/\/elmetropolitano.com.gt\/es\/wp-content\/uploads\/2025\/01\/473716588_1121116790014403_7808048344943847096_n-1536x864.jpg 1536w, https:\/\/elmetropolitano.com.gt\/es\/wp-content\/uploads\/2025\/01\/473716588_1121116790014403_7808048344943847096_n.jpg 1600w\" sizes=\"auto, (max-width: 1024px) 100vw, 1024px\" \/><\/figure>\n<\/figure>\n","protected":false},"excerpt":{"rendered":"<p>La Fiscal\u00eda contra el Delito de Extorsi\u00f3n del Ministerio Publico MP coordin\u00f3 la captura del agente de polic\u00eda Jos\u00e9 Manuel P\u00e9rez Veliz en la c\u00e1rcel p\u00fablica para hombres de Jalapa. P\u00e9rez Veliz es Agente de la Polic\u00eda Nacional Civil PNC y custodio de dicho centro carcelario, pero en su locker fue localizada coca\u00edna. La investigaci\u00f3n <a class=\"read-more\" href=\"https:\/\/elmetropolitano.com.gt\/es\/capturan-a-pnc-por-tener-cocaina-en-su-locker-en-la-carcel-de-jalapa\/\">Leer m\u00e1s<\/a><\/p>\n","protected":false},"author":1,"featured_media":95269,"comment_status":"open","ping_status":"closed","sticky":false,"template":"","format":"standard","meta":{"footnotes":""},"categories":[4],"tags":[13],"class_list":["post-95268","post","type-post","status-publish","format-standard","has-post-thumbnail","hentry","category-departamentales","tag-departamentales"],"_links":{"self":[{"href":"https:\/\/elmetropolitano.com.gt\/es\/wp-json\/wp\/v2\/posts\/95268","targetHints":{"allow":["GET"]}}],"collection":[{"href":"https:\/\/elmetropolitano.com.gt\/es\/wp-json\/wp\/v2\/posts"}],"about":[{"href":"https:\/\/elmetropolitano.com.gt\/es\/wp-json\/wp\/v2\/types\/post"}],"author":[{"embeddable":true,"href":"https:\/\/elmetropolitano.com.gt\/es\/wp-json\/wp\/v2\/users\/1"}],"replies":[{"embeddable":true,"href":"https:\/\/elmetropolitano.com.gt\/es\/wp-json\/wp\/v2\/comments?post=95268"}],"version-history":[{"count":1,"href":"https:\/\/elmetropolitano.com.gt\/es\/wp-json\/wp\/v2\/posts\/95268\/revisions"}],"predecessor-version":[{"id":95272,"href":"https:\/\/elmetropolitano.com.gt\/es\/wp-json\/wp\/v2\/posts\/95268\/revisions\/95272"}],"wp:featuredmedia":[{"embeddable":true,"href":"https:\/\/elmetropolitano.com.gt\/es\/wp-json\/wp\/v2\/media\/95269"}],"wp:attachment":[{"href":"https:\/\/elmetropolitano.com.gt\/es\/wp-json\/wp\/v2\/media?parent=95268"}],"wp:term":[{"taxonomy":"category","embeddable":true,"href":"https:\/\/elmetropolitano.com.gt\/es\/wp-json\/wp\/v2\/categories?post=95268"},{"taxonomy":"post_tag","embeddable":true,"href":"https:\/\/elmetropolitano.com.gt\/es\/wp-json\/wp\/v2\/tags?post=95268"}],"curies":[{"name":"wp","href":"https:\/\/api.w.org\/{rel}","templated":true}]}}