{"id":95340,"date":"2025-01-15T14:27:06","date_gmt":"2025-01-15T20:27:06","guid":{"rendered":"https:\/\/elmetropolitano.com.gt\/es\/?p=95340"},"modified":"2025-01-15T14:27:06","modified_gmt":"2025-01-15T20:27:06","slug":"torrus-inicia-su-construccion-en-la-zona-7-capitalina","status":"publish","type":"post","link":"https:\/\/elmetropolitano.com.gt\/es\/torrus-inicia-su-construccion-en-la-zona-7-capitalina\/","title":{"rendered":"TORRUS inicia su construcci\u00f3n en la zona 7 capitalina"},"content":{"rendered":"\n<p>Strata Desarrollos anunci\u00f3 el comienzo de la construcci\u00f3n de Torrus, con la ceremonia de colocaci\u00f3n de la primera piedra llevada a cabo con la presencia de directivos y colaboradores.<\/p>\n\n\n\n<p><a><\/a>Situado estrat\u00e9gicamente con acceso r\u00e1pido a importantes v\u00edas de comunicaci\u00f3n como la Calzada Roosevelt y la Calzada Mateo Flores, este proyecto representa un hito significativo en el desarrollo habitacional de la zona 7.<\/p><div class=\"elmet-contenido\" id=\"elmet-1060885218\"><div class=\"elmet-adlabel\">Anuncios<\/div><div style=\"margin-top: 20px;margin-right: 20px;margin-bottom: 20px;margin-left: 20px;\" id=\"elmet-1527292554\"><a href=\"https:\/\/www.facebook.com\/arrincuanantigua\/\" aria-label=\"cintillo-arrin-cual\"><img loading=\"lazy\" decoding=\"async\" src=\"https:\/\/elmetropolitano.com.gt\/es\/wp-content\/uploads\/2021\/11\/cintillo-arrin-cual-1.jpg\" alt=\"\"  srcset=\"https:\/\/elmetropolitano.com.gt\/es\/wp-content\/uploads\/2021\/11\/cintillo-arrin-cual-1.jpg 750w, https:\/\/elmetropolitano.com.gt\/es\/wp-content\/uploads\/2021\/11\/cintillo-arrin-cual-1-300x36.jpg 300w, https:\/\/elmetropolitano.com.gt\/es\/wp-content\/uploads\/2021\/11\/cintillo-arrin-cual-1-600x72.jpg 600w\" sizes=\"(max-width: 750px) 100vw, 750px\" width=\"750\" height=\"90\"   \/><\/a><\/div><\/div>\n\n\n\n<p>Este desarrollo est\u00e1 enfocado en crear un entorno seguro, sostenible y con espacios pensados para el desarrollo de una comunidad integrada, marca un nuevo est\u00e1ndar en la vivienda actual.<\/p>\n\n\n\n<p>Detalles<\/p>\n\n\n\n<p>El proyecto contempla la construcci\u00f3n de 113 apartamentos, con \u00e1reas que van desde 48 m\u00b2 hasta 96 m\u00b2. Cada uno de estos apartamentos ofrece un dise\u00f1o arquitect\u00f3nico contempor\u00e1neo, creando un ambiente familiar y social.<\/p>\n\n\n\n<p>\u201cEstamos emocionados de dar inicio a la construcci\u00f3n de Torrus, un proyecto que representa nuestra visi\u00f3n de un estilo de vida moderno. Con una ubicaci\u00f3n privilegiada y amenidades dise\u00f1adas para fomentar el esparcimiento, el trabajo y la vida social, estamos seguros que se convertir\u00e1 en un referente para las familias j\u00f3venes\u201d, expres\u00f3 Pablo Solorzano, Director de Strata Desarrollos.<\/p>\n\n\n\n<p>Los detalles generales del nuevo condominio de vivienda vertical incluyen \u00e1reas abiertas y espacio al aire libre en varios niveles que promueven y contribuyen en el bienestar de las familias. Adem\u00e1s, \u00e1reas verdes que ayudan a captar el agua de la lluvia para recargar el subsuelo. De esa forma, Torrus ofrece una soluci\u00f3n integral para familias que buscan comodidad y seguridad.<\/p>\n\n\n\n<p>Impacto<\/p>\n\n\n\n<p>El desarrollo impulsar\u00e1 la econom\u00eda local mediante la generaci\u00f3n de empleos durante su construcci\u00f3n y posterior operaci\u00f3n. Adem\u00e1s, fortalecer\u00e1 la infraestructura y contribuir\u00e1 a modernizar la zona.<\/p>\n\n\n\n<p>Por otro lado, los residentes disfrutar\u00e1n de un ambiente seguro y moderno. La ciudad se beneficiar\u00e1 con una mejor infraestructura y el incremento del dinamismo econ\u00f3mico.<\/p>\n\n\n\n<p>Torrus destaca por su entorno y amenidades vanguardistas, creando un ambiente familiar y social. Este proyecto est\u00e1 dirigido principalmente a familias j\u00f3venes que buscan comodidad, seguridad y un estilo de vida moderno.<\/p>\n\n\n\n<p>La venta de los apartamentos inici\u00f3 en noviembre de 2023 y las entregas est\u00e1n previstas para enero de 2026.<\/p>\n\n\n\n<p><a href=\"https:\/\/www.facebook.com\/hashtag\/torrusapartamentos?__eep__=6&amp;__cft__[0]=AZWq9c9_aErILI4GJpxJay5GZs3S6W4QVn3JWv09y5EogYjITsk7QOztIaIM-2eD5v-lS8MtgjyPJ72ZR8sSMZz5lX94ZdaKpTBBZbcx2bDEVW-D_7c2-B44IdJy28zNr9iLgODIRgdR7hMMNacdY73-_vbjVhAtE_Efmgb5qgBuWLBUw_JQqra-ju17ftrtX_U&amp;__tn__=*NK-R\">#torrusapartamentos<\/a><a href=\"https:\/\/www.facebook.com\/hashtag\/stratadesarrollo?__eep__=6&amp;__cft__[0]=AZWq9c9_aErILI4GJpxJay5GZs3S6W4QVn3JWv09y5EogYjITsk7QOztIaIM-2eD5v-lS8MtgjyPJ72ZR8sSMZz5lX94ZdaKpTBBZbcx2bDEVW-D_7c2-B44IdJy28zNr9iLgODIRgdR7hMMNacdY73-_vbjVhAtE_Efmgb5qgBuWLBUw_JQqra-ju17ftrtX_U&amp;__tn__=*NK-R\">#StrataDesarrollo<\/a><a href=\"https:\/\/www.facebook.com\/hashtag\/viviendaparatodos?__eep__=6&amp;__cft__[0]=AZWq9c9_aErILI4GJpxJay5GZs3S6W4QVn3JWv09y5EogYjITsk7QOztIaIM-2eD5v-lS8MtgjyPJ72ZR8sSMZz5lX94ZdaKpTBBZbcx2bDEVW-D_7c2-B44IdJy28zNr9iLgODIRgdR7hMMNacdY73-_vbjVhAtE_Efmgb5qgBuWLBUw_JQqra-ju17ftrtX_U&amp;__tn__=*NK-R\">#ViviendaParaTodos<\/a><a href=\"https:\/\/www.facebook.com\/hashtag\/metroredes?__eep__=6&amp;__cft__[0]=AZWq9c9_aErILI4GJpxJay5GZs3S6W4QVn3JWv09y5EogYjITsk7QOztIaIM-2eD5v-lS8MtgjyPJ72ZR8sSMZz5lX94ZdaKpTBBZbcx2bDEVW-D_7c2-B44IdJy28zNr9iLgODIRgdR7hMMNacdY73-_vbjVhAtE_Efmgb5qgBuWLBUw_JQqra-ju17ftrtX_U&amp;__tn__=*NK-R\">#Metroredes<\/a><a href=\"https:\/\/www.facebook.com\/hashtag\/elfinancierogt?__eep__=6&amp;__cft__[0]=AZWq9c9_aErILI4GJpxJay5GZs3S6W4QVn3JWv09y5EogYjITsk7QOztIaIM-2eD5v-lS8MtgjyPJ72ZR8sSMZz5lX94ZdaKpTBBZbcx2bDEVW-D_7c2-B44IdJy28zNr9iLgODIRgdR7hMMNacdY73-_vbjVhAtE_Efmgb5qgBuWLBUw_JQqra-ju17ftrtX_U&amp;__tn__=*NK-R\">#elfinancierogt<\/a><\/p>\n\n\n\n<figure class=\"wp-block-gallery has-nested-images columns-default is-cropped wp-block-gallery-1 is-layout-flex wp-block-gallery-is-layout-flex\">\n<figure class=\"wp-block-image size-large\"><img loading=\"lazy\" decoding=\"async\" width=\"1024\" height=\"761\" data-id=\"95343\" src=\"https:\/\/elmetropolitano.com.gt\/es\/wp-content\/uploads\/2025\/01\/473653077_1121942286598520_361316393949120389_n-1024x761.jpg\" alt=\"\" class=\"wp-image-95343\" srcset=\"https:\/\/elmetropolitano.com.gt\/es\/wp-content\/uploads\/2025\/01\/473653077_1121942286598520_361316393949120389_n-1024x761.jpg 1024w, https:\/\/elmetropolitano.com.gt\/es\/wp-content\/uploads\/2025\/01\/473653077_1121942286598520_361316393949120389_n-300x223.jpg 300w, https:\/\/elmetropolitano.com.gt\/es\/wp-content\/uploads\/2025\/01\/473653077_1121942286598520_361316393949120389_n-768x571.jpg 768w, https:\/\/elmetropolitano.com.gt\/es\/wp-content\/uploads\/2025\/01\/473653077_1121942286598520_361316393949120389_n-1536x1142.jpg 1536w, https:\/\/elmetropolitano.com.gt\/es\/wp-content\/uploads\/2025\/01\/473653077_1121942286598520_361316393949120389_n.jpg 2048w\" sizes=\"auto, (max-width: 1024px) 100vw, 1024px\" \/><\/figure>\n\n\n\n<figure class=\"wp-block-image size-large\"><img loading=\"lazy\" decoding=\"async\" width=\"1024\" height=\"795\" data-id=\"95344\" src=\"https:\/\/elmetropolitano.com.gt\/es\/wp-content\/uploads\/2025\/01\/473793224_1121942303265185_8280143975734102770_n-1024x795.jpg\" alt=\"\" class=\"wp-image-95344\" srcset=\"https:\/\/elmetropolitano.com.gt\/es\/wp-content\/uploads\/2025\/01\/473793224_1121942303265185_8280143975734102770_n-1024x795.jpg 1024w, https:\/\/elmetropolitano.com.gt\/es\/wp-content\/uploads\/2025\/01\/473793224_1121942303265185_8280143975734102770_n-300x233.jpg 300w, https:\/\/elmetropolitano.com.gt\/es\/wp-content\/uploads\/2025\/01\/473793224_1121942303265185_8280143975734102770_n-768x596.jpg 768w, https:\/\/elmetropolitano.com.gt\/es\/wp-content\/uploads\/2025\/01\/473793224_1121942303265185_8280143975734102770_n-1536x1193.jpg 1536w, https:\/\/elmetropolitano.com.gt\/es\/wp-content\/uploads\/2025\/01\/473793224_1121942303265185_8280143975734102770_n.jpg 2048w\" sizes=\"auto, (max-width: 1024px) 100vw, 1024px\" \/><\/figure>\n\n\n\n<figure class=\"wp-block-image size-large\"><img loading=\"lazy\" decoding=\"async\" width=\"940\" height=\"1024\" data-id=\"95342\" src=\"https:\/\/elmetropolitano.com.gt\/es\/wp-content\/uploads\/2025\/01\/473889815_1121942439931838_2828157967566768655_n-1-940x1024.jpg\" alt=\"\" class=\"wp-image-95342\" srcset=\"https:\/\/elmetropolitano.com.gt\/es\/wp-content\/uploads\/2025\/01\/473889815_1121942439931838_2828157967566768655_n-1-940x1024.jpg 940w, https:\/\/elmetropolitano.com.gt\/es\/wp-content\/uploads\/2025\/01\/473889815_1121942439931838_2828157967566768655_n-1-275x300.jpg 275w, https:\/\/elmetropolitano.com.gt\/es\/wp-content\/uploads\/2025\/01\/473889815_1121942439931838_2828157967566768655_n-1-768x837.jpg 768w, https:\/\/elmetropolitano.com.gt\/es\/wp-content\/uploads\/2025\/01\/473889815_1121942439931838_2828157967566768655_n-1-1410x1536.jpg 1410w, https:\/\/elmetropolitano.com.gt\/es\/wp-content\/uploads\/2025\/01\/473889815_1121942439931838_2828157967566768655_n-1.jpg 1880w\" sizes=\"auto, (max-width: 940px) 100vw, 940px\" \/><\/figure>\n<\/figure>\n","protected":false},"excerpt":{"rendered":"<p>Strata Desarrollos anunci\u00f3 el comienzo de la construcci\u00f3n de Torrus, con la ceremonia de colocaci\u00f3n de la primera piedra llevada a cabo con la presencia de directivos y colaboradores. Situado estrat\u00e9gicamente con acceso r\u00e1pido a importantes v\u00edas de comunicaci\u00f3n como la Calzada Roosevelt y la Calzada Mateo Flores, este proyecto representa un hito significativo en <a class=\"read-more\" href=\"https:\/\/elmetropolitano.com.gt\/es\/torrus-inicia-su-construccion-en-la-zona-7-capitalina\/\">Leer m\u00e1s<\/a><\/p>\n","protected":false},"author":1,"featured_media":95341,"comment_status":"open","ping_status":"closed","sticky":false,"template":"","format":"standard","meta":{"footnotes":""},"categories":[31],"tags":[32],"class_list":["post-95340","post","type-post","status-publish","format-standard","has-post-thumbnail","hentry","category-metroimpulso","tag-metroimpulso"],"_links":{"self":[{"href":"https:\/\/elmetropolitano.com.gt\/es\/wp-json\/wp\/v2\/posts\/95340","targetHints":{"allow":["GET"]}}],"collection":[{"href":"https:\/\/elmetropolitano.com.gt\/es\/wp-json\/wp\/v2\/posts"}],"about":[{"href":"https:\/\/elmetropolitano.com.gt\/es\/wp-json\/wp\/v2\/types\/post"}],"author":[{"embeddable":true,"href":"https:\/\/elmetropolitano.com.gt\/es\/wp-json\/wp\/v2\/users\/1"}],"replies":[{"embeddable":true,"href":"https:\/\/elmetropolitano.com.gt\/es\/wp-json\/wp\/v2\/comments?post=95340"}],"version-history":[{"count":1,"href":"https:\/\/elmetropolitano.com.gt\/es\/wp-json\/wp\/v2\/posts\/95340\/revisions"}],"predecessor-version":[{"id":95345,"href":"https:\/\/elmetropolitano.com.gt\/es\/wp-json\/wp\/v2\/posts\/95340\/revisions\/95345"}],"wp:featuredmedia":[{"embeddable":true,"href":"https:\/\/elmetropolitano.com.gt\/es\/wp-json\/wp\/v2\/media\/95341"}],"wp:attachment":[{"href":"https:\/\/elmetropolitano.com.gt\/es\/wp-json\/wp\/v2\/media?parent=95340"}],"wp:term":[{"taxonomy":"category","embeddable":true,"href":"https:\/\/elmetropolitano.com.gt\/es\/wp-json\/wp\/v2\/categories?post=95340"},{"taxonomy":"post_tag","embeddable":true,"href":"https:\/\/elmetropolitano.com.gt\/es\/wp-json\/wp\/v2\/tags?post=95340"}],"curies":[{"name":"wp","href":"https:\/\/api.w.org\/{rel}","templated":true}]}}