{"id":95392,"date":"2025-01-16T15:14:18","date_gmt":"2025-01-16T21:14:18","guid":{"rendered":"https:\/\/elmetropolitano.com.gt\/es\/?p=95392"},"modified":"2025-01-16T15:14:19","modified_gmt":"2025-01-16T21:14:19","slug":"el-bac-anuncia-la-tercera-edicion-del-galardon-empresario-pyme-del-ano","status":"publish","type":"post","link":"https:\/\/elmetropolitano.com.gt\/es\/el-bac-anuncia-la-tercera-edicion-del-galardon-empresario-pyme-del-ano\/","title":{"rendered":"El BAC anuncia la tercera edici\u00f3n del Galard\u00f3n Empresario Pyme del a\u00f1o"},"content":{"rendered":"\n<p>BAC se enorgullece en presentar la tercera edici\u00f3n del galard\u00f3n \u201cEmpresario Pyme del A\u00f1o\u201d, una iniciativa emblem\u00e1tica que busca reconocer y celebrar a los peque\u00f1os y medianos empresarios guatemaltecos que, con esfuerzo, innovaci\u00f3n y responsabilidad social, est\u00e1n transformando la econom\u00eda del pa\u00eds.<\/p>\n\n\n\n<p>El <a><\/a>evento, programado para el pr\u00f3ximo 23 de enero de 2025, premiar\u00e1 a las Pymes destacadas en las categor\u00edas de Responsabilidad Social Empresarial, Expansi\u00f3n, Innovaci\u00f3n y Tecnolog\u00eda y el m\u00e1ximo galard\u00f3n de Empresario Pyme del A\u00f1o. Este a\u00f1o, como novedad, se incorpora el reconocimiento del programa Mujeres BAC, a las empresas lideradas por mujeres en su creciente impacto en el desarrollo econ\u00f3mico y social del pa\u00eds.<\/p><div class=\"elmet-contenido\" id=\"elmet-849567273\"><div class=\"elmet-adlabel\">Anuncios<\/div><div style=\"margin-top: 20px;margin-right: 20px;margin-bottom: 20px;margin-left: 20px;\" id=\"elmet-627967437\"><a href=\"https:\/\/www.facebook.com\/arrincuanantigua\/\" aria-label=\"cintillo-arrin-cual\"><img loading=\"lazy\" decoding=\"async\" src=\"https:\/\/elmetropolitano.com.gt\/es\/wp-content\/uploads\/2021\/11\/cintillo-arrin-cual-1.jpg\" alt=\"\"  srcset=\"https:\/\/elmetropolitano.com.gt\/es\/wp-content\/uploads\/2021\/11\/cintillo-arrin-cual-1.jpg 750w, https:\/\/elmetropolitano.com.gt\/es\/wp-content\/uploads\/2021\/11\/cintillo-arrin-cual-1-300x36.jpg 300w, https:\/\/elmetropolitano.com.gt\/es\/wp-content\/uploads\/2021\/11\/cintillo-arrin-cual-1-600x72.jpg 600w\" sizes=\"(max-width: 750px) 100vw, 750px\" width=\"750\" height=\"90\"   \/><\/a><\/div><\/div>\n\n\n\n<p>El Impacto de las Pymes en Guatemala<\/p>\n\n\n\n<p>Seg\u00fan datos del Ministerio de Econom\u00eda, las Micro, Peque\u00f1as y Medianas Empresas (Mipymes) representan el 90% del parque empresarial del pa\u00eds y generan cerca del 80% de los empleos formales. Este sector es esencial no solo por su contribuci\u00f3n al PIB, que asciende a m\u00e1s del 35%, sino tambi\u00e9n por su capacidad para impulsar la innovaci\u00f3n, la generaci\u00f3n de empleos y el fortalecimiento de la competitividad nacional.<\/p>\n\n\n\n<p>Durante 2024, las pymes guatemaltecas experimentaron un crecimiento sostenido, destacando sectores como el comercio, los servicios de tecnolog\u00eda y la manufactura ligera, \u00e1reas que han demostrado una gran capacidad para adaptarse a los retos del mercado. Adem\u00e1s, la digitalizaci\u00f3n y el uso de tecnolog\u00edas emergentes han abierto nuevas oportunidades de expansi\u00f3n y desarrollo para estos empresarios.<\/p>\n\n\n\n<p>Una Plataforma para Inspirar y Reconocer<\/p>\n\n\n\n<p>Desde su primera edici\u00f3n, el galard\u00f3n ha buscado inspirar y empoderar a los empresarios guatemaltecos, proporcion\u00e1ndoles herramientas y plataformas para visibilizar sus logros. Los ganadores de cada categor\u00eda son seleccionados a trav\u00e9s de un riguroso proceso de evaluaci\u00f3n por parte de un comit\u00e9 especializado que valora criterios como innovaci\u00f3n, impacto social y sostenibilidad.<\/p>\n\n\n\n<p>\u201cLas pymes son adem\u00e1s de un motor de desarrollo econ\u00f3mico, un ejemplo de resiliencia y creatividad. En BAC, creemos en el poder transformador de estas empresas para reimaginar un futuro m\u00e1s pr\u00f3spero y sostenible. Este galard\u00f3n es una forma de reconocer su esfuerzo y apoyarlos en su camino hacia el crecimiento y la innovaci\u00f3n, fomentando un impacto positivo en sus comunidades y en Guatemala\u201d, destac\u00f3 Eric Campos, Presidente Ejecutivo de BAC Guatemala\u201d, destac\u00f3 Eric Campos, Presidente Ejecutivo de BAC Guatemala.<\/p>\n\n\n\n<p>Con esta tercera edici\u00f3n del galard\u00f3n \u201cEmpresario Pyme del A\u00f1o\u201d, BAC reafirma su convicci\u00f3n de que las peque\u00f1as y medianas empresas son el motor que impulsa el desarrollo de Guatemala. Este reconocimiento es una muestra del compromiso del asesor financiero por destacar y apoyar a los empresarios visionarios que, con su esfuerzo, innovaci\u00f3n y liderazgo, generan un impacto positivo en sus comunidades y en la econom\u00eda nacional.<\/p>\n\n\n\n<p><a href=\"https:\/\/www.facebook.com\/hashtag\/bac?__eep__=6&amp;__cft__[0]=AZUVZfAyVNLdWtLxsOU35NO__9ga4iAoSFJShuVbmQhB_yCypX9S6TckrO_-Rb7jRfy_h1E8I3WcyeA7IqwJb8IzYh0a2mkIOnTiCjQVXM06KEpxqz4YeSOen0bQ10AR7BaevPieu583op0a5leCjeZQRXTGWhv3fTkwPl2b7iXjnen9MDAM27Po-A3iavei59w&amp;__tn__=*NK-R\">#BAC<\/a><a href=\"https:\/\/www.facebook.com\/hashtag\/metroredes?__eep__=6&amp;__cft__[0]=AZUVZfAyVNLdWtLxsOU35NO__9ga4iAoSFJShuVbmQhB_yCypX9S6TckrO_-Rb7jRfy_h1E8I3WcyeA7IqwJb8IzYh0a2mkIOnTiCjQVXM06KEpxqz4YeSOen0bQ10AR7BaevPieu583op0a5leCjeZQRXTGWhv3fTkwPl2b7iXjnen9MDAM27Po-A3iavei59w&amp;__tn__=*NK-R\">#metroredes<\/a><a href=\"https:\/\/www.facebook.com\/hashtag\/elfinancierogt?__eep__=6&amp;__cft__[0]=AZUVZfAyVNLdWtLxsOU35NO__9ga4iAoSFJShuVbmQhB_yCypX9S6TckrO_-Rb7jRfy_h1E8I3WcyeA7IqwJb8IzYh0a2mkIOnTiCjQVXM06KEpxqz4YeSOen0bQ10AR7BaevPieu583op0a5leCjeZQRXTGWhv3fTkwPl2b7iXjnen9MDAM27Po-A3iavei59w&amp;__tn__=*NK-R\">#elfinancierogt<\/a><a href=\"https:\/\/www.facebook.com\/hashtag\/empresariopymedela%C3%B1o?__eep__=6&amp;__cft__[0]=AZUVZfAyVNLdWtLxsOU35NO__9ga4iAoSFJShuVbmQhB_yCypX9S6TckrO_-Rb7jRfy_h1E8I3WcyeA7IqwJb8IzYh0a2mkIOnTiCjQVXM06KEpxqz4YeSOen0bQ10AR7BaevPieu583op0a5leCjeZQRXTGWhv3fTkwPl2b7iXjnen9MDAM27Po-A3iavei59w&amp;__tn__=*NK-R\">#empresariopymedela\u00f1o<\/a><\/p>\n\n\n\n<p><a href=\"https:\/\/www.facebook.com\/hashtag\/bancoamericacentral?__eep__=6&amp;__cft__[0]=AZUVZfAyVNLdWtLxsOU35NO__9ga4iAoSFJShuVbmQhB_yCypX9S6TckrO_-Rb7jRfy_h1E8I3WcyeA7IqwJb8IzYh0a2mkIOnTiCjQVXM06KEpxqz4YeSOen0bQ10AR7BaevPieu583op0a5leCjeZQRXTGWhv3fTkwPl2b7iXjnen9MDAM27Po-A3iavei59w&amp;__tn__=*NK-R\">#BancoAmericaCentral<\/a><\/p>\n","protected":false},"excerpt":{"rendered":"<p>BAC se enorgullece en presentar la tercera edici\u00f3n del galard\u00f3n \u201cEmpresario Pyme del A\u00f1o\u201d, una iniciativa emblem\u00e1tica que busca reconocer y celebrar a los peque\u00f1os y medianos empresarios guatemaltecos que, con esfuerzo, innovaci\u00f3n y responsabilidad social, est\u00e1n transformando la econom\u00eda del pa\u00eds. El evento, programado para el pr\u00f3ximo 23 de enero de 2025, premiar\u00e1 a <a class=\"read-more\" href=\"https:\/\/elmetropolitano.com.gt\/es\/el-bac-anuncia-la-tercera-edicion-del-galardon-empresario-pyme-del-ano\/\">Leer m\u00e1s<\/a><\/p>\n","protected":false},"author":1,"featured_media":95393,"comment_status":"open","ping_status":"closed","sticky":false,"template":"","format":"standard","meta":{"footnotes":""},"categories":[31],"tags":[32],"class_list":["post-95392","post","type-post","status-publish","format-standard","has-post-thumbnail","hentry","category-metroimpulso","tag-metroimpulso"],"_links":{"self":[{"href":"https:\/\/elmetropolitano.com.gt\/es\/wp-json\/wp\/v2\/posts\/95392","targetHints":{"allow":["GET"]}}],"collection":[{"href":"https:\/\/elmetropolitano.com.gt\/es\/wp-json\/wp\/v2\/posts"}],"about":[{"href":"https:\/\/elmetropolitano.com.gt\/es\/wp-json\/wp\/v2\/types\/post"}],"author":[{"embeddable":true,"href":"https:\/\/elmetropolitano.com.gt\/es\/wp-json\/wp\/v2\/users\/1"}],"replies":[{"embeddable":true,"href":"https:\/\/elmetropolitano.com.gt\/es\/wp-json\/wp\/v2\/comments?post=95392"}],"version-history":[{"count":1,"href":"https:\/\/elmetropolitano.com.gt\/es\/wp-json\/wp\/v2\/posts\/95392\/revisions"}],"predecessor-version":[{"id":95394,"href":"https:\/\/elmetropolitano.com.gt\/es\/wp-json\/wp\/v2\/posts\/95392\/revisions\/95394"}],"wp:featuredmedia":[{"embeddable":true,"href":"https:\/\/elmetropolitano.com.gt\/es\/wp-json\/wp\/v2\/media\/95393"}],"wp:attachment":[{"href":"https:\/\/elmetropolitano.com.gt\/es\/wp-json\/wp\/v2\/media?parent=95392"}],"wp:term":[{"taxonomy":"category","embeddable":true,"href":"https:\/\/elmetropolitano.com.gt\/es\/wp-json\/wp\/v2\/categories?post=95392"},{"taxonomy":"post_tag","embeddable":true,"href":"https:\/\/elmetropolitano.com.gt\/es\/wp-json\/wp\/v2\/tags?post=95392"}],"curies":[{"name":"wp","href":"https:\/\/api.w.org\/{rel}","templated":true}]}}