{"id":95589,"date":"2025-01-19T17:05:17","date_gmt":"2025-01-19T23:05:17","guid":{"rendered":"https:\/\/elmetropolitano.com.gt\/es\/?p=95589"},"modified":"2025-01-19T17:05:17","modified_gmt":"2025-01-19T23:05:17","slug":"trump-vamos-a-detener-la-invasion-de-nuestras-fronteras","status":"publish","type":"post","link":"https:\/\/elmetropolitano.com.gt\/es\/trump-vamos-a-detener-la-invasion-de-nuestras-fronteras\/","title":{"rendered":"Trump: \u00abVamos a detener la invasi\u00f3n de nuestras fronteras\u00bb"},"content":{"rendered":"\n<p>El presidente electo de Estados Unidos, Donald Trump, ha ofrecido un discurso este domingo, la v\u00edspera de su toma de posesi\u00f3n, ante una multitud de simpatizantes en Washington D.C.<\/p>\n\n\n\n<p>\u00abVamos a detener la invasi\u00f3n de nuestras fronteras, vamos a reclamar nuestra riqueza, vamos a desbloquear el oro l\u00edquido que est\u00e1 justo debajo de nuestros pies\u00bb, declar\u00f3 el pr\u00f3ximo presidente.<\/p><div class=\"elmet-contenido\" id=\"elmet-2659246022\"><div class=\"elmet-adlabel\">Anuncios<\/div><div style=\"margin-top: 20px;margin-right: 20px;margin-bottom: 20px;margin-left: 20px;\" id=\"elmet-419523212\"><a href=\"https:\/\/www.facebook.com\/arrincuanantigua\/\" aria-label=\"cintillo-arrin-cual\"><img loading=\"lazy\" decoding=\"async\" src=\"https:\/\/elmetropolitano.com.gt\/es\/wp-content\/uploads\/2021\/11\/cintillo-arrin-cual-1.jpg\" alt=\"\"  srcset=\"https:\/\/elmetropolitano.com.gt\/es\/wp-content\/uploads\/2021\/11\/cintillo-arrin-cual-1.jpg 750w, https:\/\/elmetropolitano.com.gt\/es\/wp-content\/uploads\/2021\/11\/cintillo-arrin-cual-1-300x36.jpg 300w, https:\/\/elmetropolitano.com.gt\/es\/wp-content\/uploads\/2021\/11\/cintillo-arrin-cual-1-600x72.jpg 600w\" sizes=\"(max-width: 750px) 100vw, 750px\" width=\"750\" height=\"90\"   \/><\/a><\/div><\/div>\n\n\n\n<p>Trump adelant\u00f3 que las medidas de seguridad fronteriza que esbozar\u00e1 en su discurso de ma\u00f1ana \u00abser\u00e1n el esfuerzo m\u00e1s agresivo para restaurar las fronteras\u00bb.<\/p>\n\n\n\n<p>\u00abCuando el sol se ponga ma\u00f1ana por la tarde, la invasi\u00f3n de nuestras fronteras se habr\u00e1 detenido y todos los intrusos fronterizos ilegales estar\u00e1n, de una forma u otra, regresando de vuelta a casa\u00bb, enfatiz\u00f3 .<\/p>\n\n\n\n<p>El pol\u00edtico republicano prometi\u00f3 a los presentes que muy pronto comenzar\u00e1 \u00abla mayor operaci\u00f3n de deportaci\u00f3n en la historia de EE.UU.\u00bb, que -pronostic\u00f3- ser\u00e1 \u00aba\u00fan mayor que la del presidente Eisenhower\u00bb.<\/p>\n\n\n\n<p>El pol\u00edtico republicano prometi\u00f3 ante sus partidarios devolver la ley y el orden a las ciudades, restaurar el patriotismo en las escuelas y expulsar la ideolog\u00eda &#8216;woke&#8217; de la izquierda radical de las Fuerzas Armadas y de los organismos gubernamentales del pa\u00eds.<\/p>\n\n\n\n<p>\u00ab\u00a1Y vamos a hacer EE.UU. grande otra vez!\u00bb, reiter\u00f3 su famoso eslogan de campa\u00f1a.<\/p>\n\n\n\n<p>Rt Noticias<\/p>\n\n\n\n<p>#trump #USA #metroredes <a href=\"http:\/\/www.metroredes.com\">www.metroredes.com<\/a> <a href=\"http:\/\/www.elescuintleco.com\">www.elescuintleco.com<\/a><\/p>\n","protected":false},"excerpt":{"rendered":"<p>El presidente electo de Estados Unidos, Donald Trump, ha ofrecido un discurso este domingo, la v\u00edspera de su toma de posesi\u00f3n, ante una multitud de simpatizantes en Washington D.C. \u00abVamos a detener la invasi\u00f3n de nuestras fronteras, vamos a reclamar nuestra riqueza, vamos a desbloquear el oro l\u00edquido que est\u00e1 justo debajo de nuestros pies\u00bb, <a class=\"read-more\" href=\"https:\/\/elmetropolitano.com.gt\/es\/trump-vamos-a-detener-la-invasion-de-nuestras-fronteras\/\">Leer m\u00e1s<\/a><\/p>\n","protected":false},"author":1,"featured_media":95590,"comment_status":"open","ping_status":"closed","sticky":false,"template":"","format":"standard","meta":{"footnotes":""},"categories":[14],"tags":[15],"class_list":["post-95589","post","type-post","status-publish","format-standard","has-post-thumbnail","hentry","category-internacionales","tag-internacionales"],"_links":{"self":[{"href":"https:\/\/elmetropolitano.com.gt\/es\/wp-json\/wp\/v2\/posts\/95589","targetHints":{"allow":["GET"]}}],"collection":[{"href":"https:\/\/elmetropolitano.com.gt\/es\/wp-json\/wp\/v2\/posts"}],"about":[{"href":"https:\/\/elmetropolitano.com.gt\/es\/wp-json\/wp\/v2\/types\/post"}],"author":[{"embeddable":true,"href":"https:\/\/elmetropolitano.com.gt\/es\/wp-json\/wp\/v2\/users\/1"}],"replies":[{"embeddable":true,"href":"https:\/\/elmetropolitano.com.gt\/es\/wp-json\/wp\/v2\/comments?post=95589"}],"version-history":[{"count":1,"href":"https:\/\/elmetropolitano.com.gt\/es\/wp-json\/wp\/v2\/posts\/95589\/revisions"}],"predecessor-version":[{"id":95591,"href":"https:\/\/elmetropolitano.com.gt\/es\/wp-json\/wp\/v2\/posts\/95589\/revisions\/95591"}],"wp:featuredmedia":[{"embeddable":true,"href":"https:\/\/elmetropolitano.com.gt\/es\/wp-json\/wp\/v2\/media\/95590"}],"wp:attachment":[{"href":"https:\/\/elmetropolitano.com.gt\/es\/wp-json\/wp\/v2\/media?parent=95589"}],"wp:term":[{"taxonomy":"category","embeddable":true,"href":"https:\/\/elmetropolitano.com.gt\/es\/wp-json\/wp\/v2\/categories?post=95589"},{"taxonomy":"post_tag","embeddable":true,"href":"https:\/\/elmetropolitano.com.gt\/es\/wp-json\/wp\/v2\/tags?post=95589"}],"curies":[{"name":"wp","href":"https:\/\/api.w.org\/{rel}","templated":true}]}}