{"id":95592,"date":"2025-01-19T17:11:08","date_gmt":"2025-01-19T23:11:08","guid":{"rendered":"https:\/\/elmetropolitano.com.gt\/es\/?p=95592"},"modified":"2025-01-19T17:11:09","modified_gmt":"2025-01-19T23:11:09","slug":"tiktok-empieza-a-recuperarse-en-ee-uu-el-efecto-salvador-de-trumpo","status":"publish","type":"post","link":"https:\/\/elmetropolitano.com.gt\/es\/tiktok-empieza-a-recuperarse-en-ee-uu-el-efecto-salvador-de-trumpo\/","title":{"rendered":"Tiktok empieza a recuperarse en EE.UU.; \u00bfEl efecto salvador de Trumpo?"},"content":{"rendered":"\n<p>La plataforma de videos cortos TikTok comunic\u00f3 este domingo que se encuentra en proceso de recuperaci\u00f3n en EE.UU., gracias a una publicaci\u00f3n en la Red del presidente electo, Donald Trump, tras permanecer varias horas fuera de servicio.<\/p>\n\n\n\n<p>La noche de este s\u00e1bado, la red social dej\u00f3 de funcionar en territorio estadounidense debido a una ley que exige al propietario de la aplicaci\u00f3n, el gigante tecnol\u00f3gico chino ByteDance, que la venda antes del 19 de enero para evitar una prohibici\u00f3n inmediata.<\/p><div class=\"elmet-contenido\" id=\"elmet-1362985208\"><div class=\"elmet-adlabel\">Anuncios<\/div><div style=\"margin-top: 20px;margin-right: 20px;margin-bottom: 20px;margin-left: 20px;\" id=\"elmet-4001892669\"><a href=\"https:\/\/www.facebook.com\/arrincuanantigua\/\" aria-label=\"cintillo-arrin-cual\"><img loading=\"lazy\" decoding=\"async\" src=\"https:\/\/elmetropolitano.com.gt\/es\/wp-content\/uploads\/2021\/11\/cintillo-arrin-cual-1.jpg\" alt=\"\"  srcset=\"https:\/\/elmetropolitano.com.gt\/es\/wp-content\/uploads\/2021\/11\/cintillo-arrin-cual-1.jpg 750w, https:\/\/elmetropolitano.com.gt\/es\/wp-content\/uploads\/2021\/11\/cintillo-arrin-cual-1-300x36.jpg 300w, https:\/\/elmetropolitano.com.gt\/es\/wp-content\/uploads\/2021\/11\/cintillo-arrin-cual-1-600x72.jpg 600w\" sizes=\"(max-width: 750px) 100vw, 750px\" width=\"750\" height=\"90\"   \/><\/a><\/div><\/div>\n\n\n\n<p>\u00abAgradecemos al presidente Trump por proporcionar la claridad necesaria y la garant\u00eda a nuestros proveedores de servicios de que no afrontar\u00e1n sanciones, proporcionando TikTok a m\u00e1s de 170 millones de estadounidenses y permitiendo que m\u00e1s de 7 millones de peque\u00f1as empresas prosperen\u00bb, escribi\u00f3 TikTok en X.<\/p>\n\n\n\n<p>Adem\u00e1s, la plataforma destac\u00f3 la \u00abfirme postura\u00bb del futuro inquilino de la Casa Blanca, que defiende la libertad de expresi\u00f3n de los estadounidenses, garantizada en la Primera Enmienda, y se opone a la censura arbitraria. \u00abTrabajaremos con el presidente Trump en una soluci\u00f3n a largo plazo que mantenga a TikTok en Estados Unidos\u00bb, reza la publicaci\u00f3n.<\/p>\n\n\n\n<p>\u00abSalvamos TikTok\u00bb<\/p>\n\n\n\n<p>Horas antes, Trump escribi\u00f3 en su plataforma Truth Social que proporcionar\u00e1 garant\u00edas para posponer el plazo dado a TikTok justo despu\u00e9s de asumir el cargo el 20 de enero. \u00abEmitir\u00e9 una orden ejecutiva el lunes para ampliar el per\u00edodo de tiempo antes de que las prohibiciones de la ley entren en vigor, para que podamos llegar a un acuerdo para proteger nuestra seguridad nacional\u00bb, se\u00f1al\u00f3 el futuro mandatario.<\/p>\n\n\n\n<p>En este contexto, detall\u00f3 que su orden eximir\u00e1 de responsabilidad a las empresas que hayan ayudado a la plataforma a evitar su cierre. Adem\u00e1s, Trump expres\u00f3 el deseo de que EE.UU. posea el 50 % de TikTok en una empresa conjunta. \u00abHaciendo esto, salvamos TikTok, lo mantenemos en buenas manos y le permitimos seguir adelante. Sin la aprobaci\u00f3n de EE.UU., no hay Tik Tok. Con nuestra aprobaci\u00f3n, vale cientos de miles de millones de d\u00f3lares, tal vez billones\u00bb, a\u00f1adi\u00f3.<\/p>\n\n\n\n<p>Rt Noticias<\/p>\n\n\n\n<p>#tik tok #trump &nbsp;#metroredes <a href=\"http:\/\/www.metroredes.com\">www.metroredes.com<\/a> <a href=\"http:\/\/www.elescuintleco.com\">www.elescuintleco.com<\/a><\/p>\n","protected":false},"excerpt":{"rendered":"<p>La plataforma de videos cortos TikTok comunic\u00f3 este domingo que se encuentra en proceso de recuperaci\u00f3n en EE.UU., gracias a una publicaci\u00f3n en la Red del presidente electo, Donald Trump, tras permanecer varias horas fuera de servicio. La noche de este s\u00e1bado, la red social dej\u00f3 de funcionar en territorio estadounidense debido a una ley <a class=\"read-more\" href=\"https:\/\/elmetropolitano.com.gt\/es\/tiktok-empieza-a-recuperarse-en-ee-uu-el-efecto-salvador-de-trumpo\/\">Leer m\u00e1s<\/a><\/p>\n","protected":false},"author":1,"featured_media":95593,"comment_status":"open","ping_status":"closed","sticky":false,"template":"","format":"standard","meta":{"footnotes":""},"categories":[14],"tags":[15],"class_list":["post-95592","post","type-post","status-publish","format-standard","has-post-thumbnail","hentry","category-internacionales","tag-internacionales"],"_links":{"self":[{"href":"https:\/\/elmetropolitano.com.gt\/es\/wp-json\/wp\/v2\/posts\/95592","targetHints":{"allow":["GET"]}}],"collection":[{"href":"https:\/\/elmetropolitano.com.gt\/es\/wp-json\/wp\/v2\/posts"}],"about":[{"href":"https:\/\/elmetropolitano.com.gt\/es\/wp-json\/wp\/v2\/types\/post"}],"author":[{"embeddable":true,"href":"https:\/\/elmetropolitano.com.gt\/es\/wp-json\/wp\/v2\/users\/1"}],"replies":[{"embeddable":true,"href":"https:\/\/elmetropolitano.com.gt\/es\/wp-json\/wp\/v2\/comments?post=95592"}],"version-history":[{"count":1,"href":"https:\/\/elmetropolitano.com.gt\/es\/wp-json\/wp\/v2\/posts\/95592\/revisions"}],"predecessor-version":[{"id":95594,"href":"https:\/\/elmetropolitano.com.gt\/es\/wp-json\/wp\/v2\/posts\/95592\/revisions\/95594"}],"wp:featuredmedia":[{"embeddable":true,"href":"https:\/\/elmetropolitano.com.gt\/es\/wp-json\/wp\/v2\/media\/95593"}],"wp:attachment":[{"href":"https:\/\/elmetropolitano.com.gt\/es\/wp-json\/wp\/v2\/media?parent=95592"}],"wp:term":[{"taxonomy":"category","embeddable":true,"href":"https:\/\/elmetropolitano.com.gt\/es\/wp-json\/wp\/v2\/categories?post=95592"},{"taxonomy":"post_tag","embeddable":true,"href":"https:\/\/elmetropolitano.com.gt\/es\/wp-json\/wp\/v2\/tags?post=95592"}],"curies":[{"name":"wp","href":"https:\/\/api.w.org\/{rel}","templated":true}]}}