{"id":95595,"date":"2025-01-19T17:20:54","date_gmt":"2025-01-19T23:20:54","guid":{"rendered":"https:\/\/elmetropolitano.com.gt\/es\/?p=95595"},"modified":"2025-01-19T17:20:55","modified_gmt":"2025-01-19T23:20:55","slug":"trump-promete-una-nueva-era-para-eeuu-en-mitin-previo-a-su-regreso-a-la-casa-blanca","status":"publish","type":"post","link":"https:\/\/elmetropolitano.com.gt\/es\/trump-promete-una-nueva-era-para-eeuu-en-mitin-previo-a-su-regreso-a-la-casa-blanca\/","title":{"rendered":"Trump promete una nueva era para EEUU en mitin previo a su regreso a la Casa Blanca"},"content":{"rendered":"\n<p>El presidente electo de Estados Unidos, Donald Trump, asegur\u00f3 este domingo que su toma de posesi\u00f3n traer\u00e1 una nueva era para el pa\u00eds, durante un mitin ante miles de seguidores que desafiaron el fr\u00edo y la lluvia en Washington para asistir al evento, un d\u00eda antes de la investidura del republicano, prevista para el lunes 20 de enero.<\/p>\n\n\n\n<p>\u00abMa\u00f1ana, al mediod\u00eda, se cierra el tel\u00f3n de cuatro largos a\u00f1os de declive estadounidense, y comenzamos un nuevo d\u00eda de fortaleza, prosperidad, dignidad y orgullo para Estados Unidos\u00bb, dijo al inicio de su discurso, en el que mencion\u00f3 varias veces su promesa de controlar lo que llam\u00f3 \u00abla crisis en la frontera\u00bb sur de EEUU.<\/p><div class=\"elmet-contenido\" id=\"elmet-2130717829\"><div class=\"elmet-adlabel\">Anuncios<\/div><div style=\"margin-top: 20px;margin-right: 20px;margin-bottom: 20px;margin-left: 20px;\" id=\"elmet-1115495532\"><a href=\"https:\/\/www.facebook.com\/arrincuanantigua\/\" aria-label=\"cintillo-arrin-cual\"><img loading=\"lazy\" decoding=\"async\" src=\"https:\/\/elmetropolitano.com.gt\/es\/wp-content\/uploads\/2021\/11\/cintillo-arrin-cual-1.jpg\" alt=\"\"  srcset=\"https:\/\/elmetropolitano.com.gt\/es\/wp-content\/uploads\/2021\/11\/cintillo-arrin-cual-1.jpg 750w, https:\/\/elmetropolitano.com.gt\/es\/wp-content\/uploads\/2021\/11\/cintillo-arrin-cual-1-300x36.jpg 300w, https:\/\/elmetropolitano.com.gt\/es\/wp-content\/uploads\/2021\/11\/cintillo-arrin-cual-1-600x72.jpg 600w\" sizes=\"(max-width: 750px) 100vw, 750px\" width=\"750\" height=\"90\"   \/><\/a><\/div><\/div>\n\n\n\n<p>Trump, de 78 a\u00f1os, se prepara para un segundo mandato&nbsp;<em><strong><a href=\"https:\/\/www.vozdeamerica.com\/a\/7940950.html\">con promesas de cambios dr\u00e1sticos en las pol\u00edticas gubernamentales<\/a><\/strong><\/em>&nbsp;sobre inmigraci\u00f3n, econom\u00eda y comercio en EEUU.<\/p>\n\n\n\n<p>El republicano reiter\u00f3 que llevar\u00e1 a cabo \u00abla mayor deportaci\u00f3n en la historia de EEUU\u00bb y trabajar\u00e1 para rebajar \u00abla inflaci\u00f3n\u00bb y disminuir la \u00abburocracia federal\u00bb.<\/p>\n\n\n\n<p>El evento tuvo lugar en el Capital One Arena, un espacio bajo techo, ubicado en el coraz\u00f3n de la capital estadounidense y seleccionado como medida preventiva ante las bajas temperaturas que\u00a0<em><strong><a href=\"https:\/\/www.vozdeamerica.com\/a\/investidura-presidencial-de-donald-trump-sera-bajo-techo\/7940836.html\">llevaron a cancelar la celebraci\u00f3n<\/a><\/strong><\/em>\u00a0que originalmente se hab\u00eda planificado al aire libre.<a href=\"https:\/\/www.vozdeamerica.com\/embed\/player\/Article\/7942535.html?type=video&amp;FullScreenMode=True\" target=\"_blank\" rel=\"noreferrer noopener\"><\/a><\/p>\n\n\n\n<p>\u00a0A pesar del clima adverso, se registraron largas filas de seguidores que luc\u00edan gorras y chaquetas rojas con el eslogan \u00abMAGA\u00bb (\u201cMake America Great Again\u201d o \u201cHagamos a Unidos grande otra vez\u201d en espa\u00f1ol). Entre c\u00e1nticos de \u00ab\u00a1USA! \u00a1USA!\u00bb y discursos improvisados con meg\u00e1fonos, se hizo evidente el fervor entre los asistentes por el retorno de Trump a la Casa Blanca.<\/p>\n\n\n\n<p>Est\u00e1 previsto que act\u00faen en el evento el cantante y rapero Kid Rock, el grupo The Village People, el cantante Billy Ray Cyrus y el cantante Lee Greenwood.<\/p>\n\n\n\n<p>Horas antes, el presidente electo particip\u00f3 en un acto en honor a los ca\u00eddos en el cercano Cementerio de Arlington.<\/p>\n\n\n\n<p>La ciudad -en particular las \u00e1reas alrededor del Capitolio y la Casa Blanca- permanece bajo estrictas medidas de seguridad. Desde la semana pasada, grandes tramos del centro est\u00e1n bloqueados con cercas de acero, adem\u00e1s de una fuerte presencia policial que busca garantizar el orden y la seguridad durante estos d\u00edas.<\/p>\n\n\n\n<p><a href=\"https:\/\/www.vozdeamerica.com\/a\/trump-llega-a-washington-para-iniciar-celebraciones-de-su-regreso-a-la-casa-blanca-\/7941820.html\"><\/a><\/p>\n\n\n\n<h4 class=\"wp-block-heading\"><a href=\"https:\/\/www.vozdeamerica.com\/a\/trump-llega-a-washington-para-iniciar-celebraciones-de-su-regreso-a-la-casa-blanca-\/7941820.html\">Trump llega a Washington para iniciar celebraciones de su regreso a la Casa Blanca<\/a><\/h4>\n\n\n\n<p>Tanto este acto pol\u00edtico, como el discurso de la toma de posesi\u00f3n de Trump de este lunes podr\u00edan sentar las bases para las pol\u00edticas que marcar\u00e1n su segundo mandato. Entre sus primeras acciones ejecutivas, seg\u00fan su pr\u00f3ximo asesor de seguridad nacional, Mike Waltz, destacan medidas relacionadas con la inmigraci\u00f3n y el sector energ\u00e9tico, entre otras.<\/p>\n\n\n\n<p>\u00abEl pueblo estadounidense le dio un mandato claro: asegurar la frontera, deportar a los peores delincuentes y enfrentar a los carteles\u00bb, afirm\u00f3 Waltz a los medios.<\/p>\n\n\n\n<p>El s\u00e1bado,&nbsp;<em><strong><a href=\"https:\/\/www.vozdeamerica.com\/a\/miles-de-personas-desfilan-en-washington-para-protestar-por-la-investidura-de-trump\/7941795.html\">miles de detractores del presidente electo marcharon por las principales calles de la capital<\/a><\/strong><\/em>&nbsp;hasta llegar al emblem\u00e1tico monumento a Abraham Lincoln para protestar contra la toma de posesi\u00f3n de Trump.<\/p>\n\n\n\n<p><strong>Anuel y J Quiles, los representantes hispanos<\/strong><\/p>\n\n\n\n<p>Los puertorrique\u00f1os Anuel y J Quiles fueron los artistas, en representaci\u00f3n de la comunidad latinas, quienes hablaron desde el escenario antes de la intervenci\u00f3n del presidente electo.<\/p>\n\n\n\n<p>\u201cQuiero agradecer al presidente Trump por tenernos aqu\u00ed. Hablo en nombre de toda la comunidad hispana, que habl\u00f3 y vot\u00f3\u201d, dijo el reguetonero convencido de que los republicanos \u201cno ganaron por casualidad\u201d.<\/p>\n\n\n\n<p>El int\u00e9rprete de&nbsp;<em>Adicto&nbsp;<\/em>y&nbsp;<em>Secreto<\/em>&nbsp;confes\u00f3 que \u201cmucha gente fue en contra nuestra una vez que hablamos en nombre de Trump\u201d, pero que ahora estaba \u201cmuy feliz de que hayan visto los resultados y de que todos hayan ignorado muchos de los ataques que Trump estaba recibiendo\u201d.<\/p>\n\n\n\n<p>\u201cTodos intentaban ensuciar su imagen y todo eso fue en vano. Quiero agradecer a mi comunidad hispana. Nos mantuvimos firmes, nos mantuvimos unidos. Ahora tenemos al presidente m\u00e1s fuerte de todos los tiempos cuid\u00e1ndonos. S\u00e9 que estos cuatro a\u00f1os ser\u00e1n incre\u00edbles, s\u00e9 que har\u00e1 muchas cosas buenas para toda la comunidad hispana\u201d, apunt\u00f3.<\/p>\n\n\n\n<p>Por su parte, J Quiles insisti\u00f3 en el esfuerzo que tanto \u00e9l como su compa\u00f1ero de profesi\u00f3n hicieron durante la campa\u00f1a a favor de Donald Trump y \u201casegurarnos de que nuestra comunidad latina estuviera presente y mostrara mucho amor al se\u00f1or presidente\u201d.<\/p>\n\n\n\n<p>\u201cEstoy feliz de estar aqu\u00ed, igual que todos los dem\u00e1s que est\u00e1n aqu\u00ed. Siempre digo que amo al presidente Trump porque no es un t\u00edtere. Me encanta eso de \u00e9l\u201d, dijo al tiempo que confesaba que era la primera vez que votaba en unas elecciones presidenciales y estaba \u201cfeliz de haber dado ese voto al se\u00f1or Trump\u201d.<\/p>\n\n\n\n<p>La Voz de Am\u00e9rica<\/p>\n\n\n\n<p><\/p>\n","protected":false},"excerpt":{"rendered":"<p>El presidente electo de Estados Unidos, Donald Trump, asegur\u00f3 este domingo que su toma de posesi\u00f3n traer\u00e1 una nueva era para el pa\u00eds, durante un mitin ante miles de seguidores que desafiaron el fr\u00edo y la lluvia en Washington para asistir al evento, un d\u00eda antes de la investidura del republicano, prevista para el lunes <a class=\"read-more\" href=\"https:\/\/elmetropolitano.com.gt\/es\/trump-promete-una-nueva-era-para-eeuu-en-mitin-previo-a-su-regreso-a-la-casa-blanca\/\">Leer m\u00e1s<\/a><\/p>\n","protected":false},"author":1,"featured_media":95596,"comment_status":"open","ping_status":"closed","sticky":false,"template":"","format":"standard","meta":{"footnotes":""},"categories":[14],"tags":[15],"class_list":["post-95595","post","type-post","status-publish","format-standard","has-post-thumbnail","hentry","category-internacionales","tag-internacionales"],"_links":{"self":[{"href":"https:\/\/elmetropolitano.com.gt\/es\/wp-json\/wp\/v2\/posts\/95595","targetHints":{"allow":["GET"]}}],"collection":[{"href":"https:\/\/elmetropolitano.com.gt\/es\/wp-json\/wp\/v2\/posts"}],"about":[{"href":"https:\/\/elmetropolitano.com.gt\/es\/wp-json\/wp\/v2\/types\/post"}],"author":[{"embeddable":true,"href":"https:\/\/elmetropolitano.com.gt\/es\/wp-json\/wp\/v2\/users\/1"}],"replies":[{"embeddable":true,"href":"https:\/\/elmetropolitano.com.gt\/es\/wp-json\/wp\/v2\/comments?post=95595"}],"version-history":[{"count":1,"href":"https:\/\/elmetropolitano.com.gt\/es\/wp-json\/wp\/v2\/posts\/95595\/revisions"}],"predecessor-version":[{"id":95597,"href":"https:\/\/elmetropolitano.com.gt\/es\/wp-json\/wp\/v2\/posts\/95595\/revisions\/95597"}],"wp:featuredmedia":[{"embeddable":true,"href":"https:\/\/elmetropolitano.com.gt\/es\/wp-json\/wp\/v2\/media\/95596"}],"wp:attachment":[{"href":"https:\/\/elmetropolitano.com.gt\/es\/wp-json\/wp\/v2\/media?parent=95595"}],"wp:term":[{"taxonomy":"category","embeddable":true,"href":"https:\/\/elmetropolitano.com.gt\/es\/wp-json\/wp\/v2\/categories?post=95595"},{"taxonomy":"post_tag","embeddable":true,"href":"https:\/\/elmetropolitano.com.gt\/es\/wp-json\/wp\/v2\/tags?post=95595"}],"curies":[{"name":"wp","href":"https:\/\/api.w.org\/{rel}","templated":true}]}}