{"id":95598,"date":"2025-01-20T09:31:42","date_gmt":"2025-01-20T15:31:42","guid":{"rendered":"https:\/\/elmetropolitano.com.gt\/es\/?p=95598"},"modified":"2025-01-20T09:31:42","modified_gmt":"2025-01-20T15:31:42","slug":"el-papa-francisco-asegura-sus-oraciones-por-donald-trump-y-pide-un-mandato-sin-odio-y-exclusion","status":"publish","type":"post","link":"https:\/\/elmetropolitano.com.gt\/es\/el-papa-francisco-asegura-sus-oraciones-por-donald-trump-y-pide-un-mandato-sin-odio-y-exclusion\/","title":{"rendered":"El Papa Francisco asegura sus oraciones por Donald Trump y pide un mandato sin odio y exclusi\u00f3n"},"content":{"rendered":"\n<p>El Papa Francisco ha dirigido un mensaje a Donald Trump con motivo de la toma de posesi\u00f3n como 47\u00ba presidente de los Estados Unidos, en el que le asegura sus oraciones para que Dios \u201cgu\u00ede sus esfuerzos en la promoci\u00f3n de la paz\u201d.<\/p>\n\n\n\n<p>En el mensaje, difundido este 20 de enero por la Oficina de Prensa de la Santa Sede, el d\u00eda en que Trump regresa a la Casa Blanca tras su primer mandato <a><\/a>(2017-2021), el Santo Padre implora para que \u201cDios Todopoderoso le conceda sabidur\u00eda, fortaleza y protecci\u00f3n\u201d en el ejercicio de sus funciones.<\/p><div class=\"elmet-contenido\" id=\"elmet-1013119743\"><div class=\"elmet-adlabel\">Anuncios<\/div><div style=\"margin-top: 20px;margin-right: 20px;margin-bottom: 20px;margin-left: 20px;\" id=\"elmet-1716338094\"><a href=\"https:\/\/www.facebook.com\/arrincuanantigua\/\" aria-label=\"cintillo-arrin-cual\"><img loading=\"lazy\" decoding=\"async\" src=\"https:\/\/elmetropolitano.com.gt\/es\/wp-content\/uploads\/2021\/11\/cintillo-arrin-cual-1.jpg\" alt=\"\"  srcset=\"https:\/\/elmetropolitano.com.gt\/es\/wp-content\/uploads\/2021\/11\/cintillo-arrin-cual-1.jpg 750w, https:\/\/elmetropolitano.com.gt\/es\/wp-content\/uploads\/2021\/11\/cintillo-arrin-cual-1-300x36.jpg 300w, https:\/\/elmetropolitano.com.gt\/es\/wp-content\/uploads\/2021\/11\/cintillo-arrin-cual-1-600x72.jpg 600w\" sizes=\"(max-width: 750px) 100vw, 750px\" width=\"750\" height=\"90\"   \/><\/a><\/div><\/div>\n\n\n\n<p>Recibe las principales noticias de ACI Prensa por WhatsApp y Telegram<\/p>\n\n\n\n<p>\u201cInspirado en los ideales de la Naci\u00f3n, tierra de oportunidades y acogida para todos, espero que, bajo su liderazgo, el pueblo estadounidense prospere y se comprometa siempre en la construcci\u00f3n de una sociedad m\u00e1s justa, donde no haya lugar para el odio, la discriminaci\u00f3n o la exclusi\u00f3n\u201d, se\u00f1ala a continuaci\u00f3n.<\/p>\n\n\n\n<p>Destaca tambi\u00e9n los \u201cnumerosos desaf\u00edos\u201d a los que se enfrenta la \u201cfamilia humana\u201d, en especial \u201clos estragos de la guerra\u201d, y pide para que Dios \u201cgu\u00ede sus esfuerzos en la promoci\u00f3n de la paz y la reconciliaci\u00f3n entre los pueblos\u201d.<\/p>\n\n\n\n<p>\u201cCon estos sentimientos, invoco sobre usted, su familia y el amado pueblo estadounidense la abundancia de las bendiciones divinas\u201d, concluye el Pont\u00edfice.<\/p>\n\n\n\n<p>El mensaje llega un d\u00eda despu\u00e9s de que el Papa Francisco haya rechazado los posibles planes de Trump para realizar deportaciones masivas de inmigrantes ilegales en Estados Unidos durante una entrevista en la televisi\u00f3n italiana.<\/p>\n\n\n\n<p>En el programa Che tempo che fa, el Papa Francisco asever\u00f3 que se tratar\u00eda de \u201cuna desgracia\u201d, porque hace que \u201clos pobres desafortunados que no tienen nada paguen el precio del desequilibrio. As\u00ed no se resuelven las cosas\u201d, concluy\u00f3.<\/p>\n\n\n\n<p>Texto: Almudena Mart\u00ednez-Bordi\u00fa<\/p>\n\n\n\n<p>ACI Prensa<\/p>\n","protected":false},"excerpt":{"rendered":"<p>El Papa Francisco ha dirigido un mensaje a Donald Trump con motivo de la toma de posesi\u00f3n como 47\u00ba presidente de los Estados Unidos, en el que le asegura sus oraciones para que Dios \u201cgu\u00ede sus esfuerzos en la promoci\u00f3n de la paz\u201d. En el mensaje, difundido este 20 de enero por la Oficina de <a class=\"read-more\" href=\"https:\/\/elmetropolitano.com.gt\/es\/el-papa-francisco-asegura-sus-oraciones-por-donald-trump-y-pide-un-mandato-sin-odio-y-exclusion\/\">Leer m\u00e1s<\/a><\/p>\n","protected":false},"author":1,"featured_media":95599,"comment_status":"open","ping_status":"closed","sticky":false,"template":"","format":"standard","meta":{"footnotes":""},"categories":[14],"tags":[15],"class_list":["post-95598","post","type-post","status-publish","format-standard","has-post-thumbnail","hentry","category-internacionales","tag-internacionales"],"_links":{"self":[{"href":"https:\/\/elmetropolitano.com.gt\/es\/wp-json\/wp\/v2\/posts\/95598","targetHints":{"allow":["GET"]}}],"collection":[{"href":"https:\/\/elmetropolitano.com.gt\/es\/wp-json\/wp\/v2\/posts"}],"about":[{"href":"https:\/\/elmetropolitano.com.gt\/es\/wp-json\/wp\/v2\/types\/post"}],"author":[{"embeddable":true,"href":"https:\/\/elmetropolitano.com.gt\/es\/wp-json\/wp\/v2\/users\/1"}],"replies":[{"embeddable":true,"href":"https:\/\/elmetropolitano.com.gt\/es\/wp-json\/wp\/v2\/comments?post=95598"}],"version-history":[{"count":1,"href":"https:\/\/elmetropolitano.com.gt\/es\/wp-json\/wp\/v2\/posts\/95598\/revisions"}],"predecessor-version":[{"id":95600,"href":"https:\/\/elmetropolitano.com.gt\/es\/wp-json\/wp\/v2\/posts\/95598\/revisions\/95600"}],"wp:featuredmedia":[{"embeddable":true,"href":"https:\/\/elmetropolitano.com.gt\/es\/wp-json\/wp\/v2\/media\/95599"}],"wp:attachment":[{"href":"https:\/\/elmetropolitano.com.gt\/es\/wp-json\/wp\/v2\/media?parent=95598"}],"wp:term":[{"taxonomy":"category","embeddable":true,"href":"https:\/\/elmetropolitano.com.gt\/es\/wp-json\/wp\/v2\/categories?post=95598"},{"taxonomy":"post_tag","embeddable":true,"href":"https:\/\/elmetropolitano.com.gt\/es\/wp-json\/wp\/v2\/tags?post=95598"}],"curies":[{"name":"wp","href":"https:\/\/api.w.org\/{rel}","templated":true}]}}