{"id":95604,"date":"2025-01-20T11:04:33","date_gmt":"2025-01-20T17:04:33","guid":{"rendered":"https:\/\/elmetropolitano.com.gt\/es\/?p=95604"},"modified":"2025-01-20T11:04:33","modified_gmt":"2025-01-20T17:04:33","slug":"nyp-trump-alista-una-dura-medida-que-afecta-a-hijos-de-migrantes-sin-papeles-en-ee-uu","status":"publish","type":"post","link":"https:\/\/elmetropolitano.com.gt\/es\/nyp-trump-alista-una-dura-medida-que-afecta-a-hijos-de-migrantes-sin-papeles-en-ee-uu\/","title":{"rendered":"NYP: Trump alista una dura medida que afecta a hijos de migrantes sin papeles en EE.UU."},"content":{"rendered":"\n<p>El presidente electo de EE.UU., Donald Trump, prev\u00e9 anunciar este lunes el fin de la ciudadan\u00eda por nacimiento para los hijos de personas migrantes en situaci\u00f3n irregular, seg\u00fan el New York Post (NYP).<\/p>\n\n\n\n<p>De acuerdo al medio estadounidense, que cita a funcionarios entrantes de la Casa Blanca, se trata de una de las \u00f3rdenes ejecutivas que el republicano pretende rubricar en el primer d\u00eda de su segundo mandato.<\/p><div class=\"elmet-contenido\" id=\"elmet-3872503444\"><div class=\"elmet-adlabel\">Anuncios<\/div><div style=\"margin-top: 20px;margin-right: 20px;margin-bottom: 20px;margin-left: 20px;\" id=\"elmet-568337896\"><a href=\"https:\/\/www.facebook.com\/arrincuanantigua\/\" aria-label=\"cintillo-arrin-cual\"><img loading=\"lazy\" decoding=\"async\" src=\"https:\/\/elmetropolitano.com.gt\/es\/wp-content\/uploads\/2021\/11\/cintillo-arrin-cual-1.jpg\" alt=\"\"  srcset=\"https:\/\/elmetropolitano.com.gt\/es\/wp-content\/uploads\/2021\/11\/cintillo-arrin-cual-1.jpg 750w, https:\/\/elmetropolitano.com.gt\/es\/wp-content\/uploads\/2021\/11\/cintillo-arrin-cual-1-300x36.jpg 300w, https:\/\/elmetropolitano.com.gt\/es\/wp-content\/uploads\/2021\/11\/cintillo-arrin-cual-1-600x72.jpg 600w\" sizes=\"(max-width: 750px) 100vw, 750px\" width=\"750\" height=\"90\"   \/><\/a><\/div><\/div>\n\n\n\n<p>La cuesti\u00f3n afecta a los hijos de migrantes sin residencia legal en EE.UU., quienes hasta ahora pod\u00edan optar por la ciudadan\u00eda si nac\u00edan en territorio estadounidense, por una garant\u00eda consagrada en la Decimocuarta Enmienda.<\/p>\n\n\n\n<p>Seg\u00fan ese el texto constitucional, \u00abtoda persona nacida o naturalizada en EE.UU. y sujeta a su jurisdicci\u00f3n ser\u00e1 ciudadana de los EE.UU. y del estado en el que resida\u00bb. Ante este panorama, se espera que la medida provoque la movilizaci\u00f3n de colectivos y asociaciones por los derechos de los migrantes.<\/p>\n\n\n\n<p>Una bater\u00eda de \u00f3rdenes<\/p>\n\n\n\n<p>El mandatario \u2013que suceder\u00e1 en el cargo al dem\u00f3crata Joe Biden- tiene en el tintero una decena de \u00f3rdenes ejecutivas vinculadas a temas fronterizos, listas para ser firmadas en su estreno como flamante inquilino de la Casa Blanca, recalca NYP.<\/p>\n\n\n\n<p>Seg\u00fan las fuentes citadas, adem\u00e1s de esa medida, Trump prev\u00e9 eliminar la pol\u00edtica de captura y liberaci\u00f3n de migrantes sin documentos, al tiempo estima restablecer su plan \u00abQu\u00e9date en M\u00e9xico\u00bb, un pol\u00e9mico programa que devuelve a las personas solicitantes de asilo en EE.UU. y las env\u00eda a la naci\u00f3n latinoamericana.<\/p>\n\n\n\n<p>Del mismo modo, Trump insistir\u00e1 con su proyecto del muro para la frontera sur y declarar\u00e1 una \u00abemergencia\u00bb para esa zona lim\u00edtrofe, que permitir\u00e1 el despliegue de las Fuerzas Armadas y el establecimiento de \u00abbarreras f\u00edsicas\u00bb para impedir el flujo de migrantes sin documentos.<\/p>\n\n\n\n<p>Los proyectos van en l\u00ednea con el tono bronco que ha retomado Trump en las \u00faltimas horas, al prometer una cruzada contra las personas en situaci\u00f3n administrativa irregular, a las que acusa de una supuesta \u00abinvasi\u00f3n\u00bb a EE.UU.<\/p>\n\n\n\n<p>\u00abCuando el sol se ponga ma\u00f1ana por la tarde, la invasi\u00f3n de nuestras fronteras se habr\u00e1 detenido y todos los intrusos fronterizos ilegales estar\u00e1n, de una forma u otra, regresando de vuelta a casa\u00bb, asever\u00f3 el domingo, en la v\u00edspera de su toma de posesi\u00f3n.<\/p>\n\n\n\n<p>Rt Noticias<\/p>\n","protected":false},"excerpt":{"rendered":"<p>El presidente electo de EE.UU., Donald Trump, prev\u00e9 anunciar este lunes el fin de la ciudadan\u00eda por nacimiento para los hijos de personas migrantes en situaci\u00f3n irregular, seg\u00fan el New York Post (NYP). De acuerdo al medio estadounidense, que cita a funcionarios entrantes de la Casa Blanca, se trata de una de las \u00f3rdenes ejecutivas <a class=\"read-more\" href=\"https:\/\/elmetropolitano.com.gt\/es\/nyp-trump-alista-una-dura-medida-que-afecta-a-hijos-de-migrantes-sin-papeles-en-ee-uu\/\">Leer m\u00e1s<\/a><\/p>\n","protected":false},"author":1,"featured_media":95605,"comment_status":"open","ping_status":"closed","sticky":false,"template":"","format":"standard","meta":{"footnotes":""},"categories":[14],"tags":[15],"class_list":["post-95604","post","type-post","status-publish","format-standard","has-post-thumbnail","hentry","category-internacionales","tag-internacionales"],"_links":{"self":[{"href":"https:\/\/elmetropolitano.com.gt\/es\/wp-json\/wp\/v2\/posts\/95604","targetHints":{"allow":["GET"]}}],"collection":[{"href":"https:\/\/elmetropolitano.com.gt\/es\/wp-json\/wp\/v2\/posts"}],"about":[{"href":"https:\/\/elmetropolitano.com.gt\/es\/wp-json\/wp\/v2\/types\/post"}],"author":[{"embeddable":true,"href":"https:\/\/elmetropolitano.com.gt\/es\/wp-json\/wp\/v2\/users\/1"}],"replies":[{"embeddable":true,"href":"https:\/\/elmetropolitano.com.gt\/es\/wp-json\/wp\/v2\/comments?post=95604"}],"version-history":[{"count":1,"href":"https:\/\/elmetropolitano.com.gt\/es\/wp-json\/wp\/v2\/posts\/95604\/revisions"}],"predecessor-version":[{"id":95606,"href":"https:\/\/elmetropolitano.com.gt\/es\/wp-json\/wp\/v2\/posts\/95604\/revisions\/95606"}],"wp:featuredmedia":[{"embeddable":true,"href":"https:\/\/elmetropolitano.com.gt\/es\/wp-json\/wp\/v2\/media\/95605"}],"wp:attachment":[{"href":"https:\/\/elmetropolitano.com.gt\/es\/wp-json\/wp\/v2\/media?parent=95604"}],"wp:term":[{"taxonomy":"category","embeddable":true,"href":"https:\/\/elmetropolitano.com.gt\/es\/wp-json\/wp\/v2\/categories?post=95604"},{"taxonomy":"post_tag","embeddable":true,"href":"https:\/\/elmetropolitano.com.gt\/es\/wp-json\/wp\/v2\/tags?post=95604"}],"curies":[{"name":"wp","href":"https:\/\/api.w.org\/{rel}","templated":true}]}}